{"id":263572,"date":"2025-11-30T11:32:21","date_gmt":"2025-11-30T11:32:21","guid":{"rendered":"https:\/\/www.europesays.com\/es\/263572\/"},"modified":"2025-11-30T11:32:21","modified_gmt":"2025-11-30T11:32:21","slug":"madonna-daniel-roqueta-muere-el-sastre-taurino-aragones-que-eligio-madonna-para-sus-trajes-de-luces","status":"publish","type":"post","link":"https:\/\/www.europesays.com\/es\/263572\/","title":{"rendered":"Madonna Daniel Roqueta | Muere el sastre taurino aragon\u00e9s que eligi\u00f3 Madonna para sus trajes de luces"},"content":{"rendered":"<p class=\"ft-text\">Una llamada misteriosa hace diez a\u00f1os, poco antes de que <strong>Madonna <\/strong>comenzara una nueva gira, les sorprendi\u00f3 y les hizo paralizar su producci\u00f3n para,<strong> durante 12 d\u00edas<\/strong>, ponerse al servicio de la artista. Les hab\u00eda encargado el<strong> dise\u00f1o de los trajes de torero <\/strong>que iba a lucir en sus conciertos. El creador y art\u00edfice de esa sastrer\u00eda, el aragon\u00e9s <strong>Daniel Roqueta <\/strong>ha fallecido este fin de semana en Utebo a los 78 a\u00f1os de edad.<\/p>\n<p class=\"ft-text\">Para quel singular encargo (en el que no tuvieron contacto ni con Madonna ni con sus bailarinas), la sastrer\u00eda, entonces compuesta por cuatro <strong>trabajadores realiz\u00f3 dos trajes de luces completos<\/strong> (chaquetilla, chaleco y taleguilla o pantal\u00f3n), un capote de paseo, un juego de mangas de lentejuelas y bordados, todo ello para la cantante; y dos taleguillas, dos chalecos, dos juegos de hombreras y tres tirantes para las bailarinas.<\/p>\n<p class=\"ft-text\">Pero m\u00e1s all\u00e1 de Madonna la historia de Daniel Roqueta est\u00e1<strong> ligada al mundo taurino.<\/strong> Como trabajador aut\u00f3nomo comenz\u00f3 su trayectoria como sastre de toreros en 1984 y de forma autodidacta. Hasta entonces hab\u00eda ejercido como sastre militar y civil. En esos a\u00f1os confeccion\u00f3 prendas para toreros como<strong> El Juli, Antonio Ferrera, Pep\u00edn Liria y Paulita<\/strong>, entre otros. Precisamente de un traje para el aragon\u00e9s Paulita fue el modelo que le enviaron a Madonna como propuesta para los colores.<\/p>\n<p><img decoding=\"async\" src=\"https:\/\/www.europesays.com\/es\/wp-content\/uploads\/2025\/11\/d5fd5349-cddf-4800-b113-0432feef7f12_alta-libre-aspect-ratio_default_0.jpg\" width=\"1200\" height=\"798\" alt=\"Dos de los trajes que confeccion\u00f3 Daniel Roqueta para Madonna.\" class=\"ft-helper-img-rd\" loading=\"lazy\"\/><\/p>\n<p class=\"ft-helper-fontColor-quaternary ft-helper-fontSize-body-S ft-helper-spacer-t-xxs\">Dos de los trajes que confeccion\u00f3 Daniel Roqueta para Madonna.  \/ EL PERI\u00d3DICO<\/p>\n<p class=\"ft-text\">Desde Arag\u00f3n, lejos de los grandes epicentros tradicionales, logr\u00f3 construir un espacio propio: un taller donde cada pieza se trabajaba con una<strong> mezcla de paciencia, intuici\u00f3n y respeto<\/strong> por un tipo de indumentaria que exige una sensibilidad muy particular. No tard\u00f3 en convertirse en una referencia para toreros de distintas generaciones, que confiaban en \u00e9l no solo por su t\u00e9cnica, sino por la forma en que entend\u00eda el simbolismo y la carga emocional de cada traje.<\/p>\n<p>Encargos para \u00f3peras y Sarah Jessica Parker<\/p>\n<p class=\"ft-text\">La sastrer\u00eda estaba especializada en toreros de plata y picadores y <strong>realiz\u00f3 encargos para varias \u00f3peras;<\/strong> para la firma Moschino; Christian Lacroix; para la aparici\u00f3n de la actriz <strong>Sarah Jessica Parker<\/strong> en una revista de moda espa\u00f1ola con una chaquetilla de luces; un manto para la virgen de la<strong> &#8216;Daurade&#8217; de Toulouse <\/strong>y el vestuario de toreros y personal de plaza de la corrida goyesca del 250 aniversario de la plaza de toros de Zaragoza, que tuvo lugar en la Feria del Pilar de 2014.<\/p>\n<p class=\"ft-text\">Desde finales de 2013, la empresa pas\u00f3 a ser una sociedad limitada y aunque su actividad principal es la sastrer\u00eda taurina, tambi\u00e9n dise\u00f1aban prendas religiosas, a medida, tienen una <strong>marca de moda y complementos para mujer<\/strong>. En 2020, dise\u00f1aron las <strong>primeras mascarillas inspiradas en moda taurina <\/strong>y realizadas con tela de capote fucsia y de muleta roja.<\/p>\n<p class=\"ft-text\">La sastrer\u00eda cerr\u00f3 sus puertas en 2022 y este mismo a\u00f1os se public\u00f3 el libro &#8216;Sastre de toreros&#8217;, cuyo autor es el Alfredo Roqueta Mili\u00e1n, hijo de Daniel Roqueta, y que en la \u00faltima etapa gestionaba el negocio. En \u00e9l <strong>se resume el proceso de confecci\u00f3n de la indumentaria taurina\u00a0<\/strong>y el mundo que rodea a esta peculiar industria de la que cada vez van quedando menos profesionales.<\/p>\n","protected":false},"excerpt":{"rendered":"Una llamada misteriosa hace diez a\u00f1os, poco antes de que Madonna comenzara una nueva gira, les sorprendi\u00f3 y&hellip;\n","protected":false},"author":2,"featured_media":263573,"comment_status":"","ping_status":"","sticky":false,"template":"","format":"standard","meta":{"footnotes":""},"categories":[174],"tags":[255,146,147,25,24,256,1023,65521,23,444,56956],"class_list":{"0":"post-263572","1":"post","2":"type-post","3":"status-publish","4":"format-standard","5":"has-post-thumbnail","7":"category-famosos","8":"tag-celebrities","9":"tag-entertainment","10":"tag-entretenimiento","11":"tag-es","12":"tag-espana","13":"tag-famosos","14":"tag-moda","15":"tag-muere-el-sastre-taurino-aragones-que-eligio-madonna-para-sus-trajes-de-luces","16":"tag-spain","17":"tag-toros","18":"tag-utebo"},"share_on_mastodon":{"url":"https:\/\/pubeurope.com\/@es\/115638432182757813","error":""},"_links":{"self":[{"href":"https:\/\/www.europesays.com\/es\/wp-json\/wp\/v2\/posts\/263572","targetHints":{"allow":["GET"]}}],"collection":[{"href":"https:\/\/www.europesays.com\/es\/wp-json\/wp\/v2\/posts"}],"about":[{"href":"https:\/\/www.europesays.com\/es\/wp-json\/wp\/v2\/types\/post"}],"author":[{"embeddable":true,"href":"https:\/\/www.europesays.com\/es\/wp-json\/wp\/v2\/users\/2"}],"replies":[{"embeddable":true,"href":"https:\/\/www.europesays.com\/es\/wp-json\/wp\/v2\/comments?post=263572"}],"version-history":[{"count":0,"href":"https:\/\/www.europesays.com\/es\/wp-json\/wp\/v2\/posts\/263572\/revisions"}],"wp:featuredmedia":[{"embeddable":true,"href":"https:\/\/www.europesays.com\/es\/wp-json\/wp\/v2\/media\/263573"}],"wp:attachment":[{"href":"https:\/\/www.europesays.com\/es\/wp-json\/wp\/v2\/media?parent=263572"}],"wp:term":[{"taxonomy":"category","embeddable":true,"href":"https:\/\/www.europesays.com\/es\/wp-json\/wp\/v2\/categories?post=263572"},{"taxonomy":"post_tag","embeddable":true,"href":"https:\/\/www.europesays.com\/es\/wp-json\/wp\/v2\/tags?post=263572"}],"curies":[{"name":"wp","href":"https:\/\/api.w.org\/{rel}","templated":true}]}}