{"id":263580,"date":"2025-11-30T11:38:09","date_gmt":"2025-11-30T11:38:09","guid":{"rendered":"https:\/\/www.europesays.com\/es\/263580\/"},"modified":"2025-11-30T11:38:09","modified_gmt":"2025-11-30T11:38:09","slug":"frenkie-se-apunta-al-atletico-pero-araujo-aun-no","status":"publish","type":"post","link":"https:\/\/www.europesays.com\/es\/263580\/","title":{"rendered":"Frenkie se apunta al Atl\u00e9tico, pero Ara\u00fajo a\u00fan no"},"content":{"rendered":"<p class=\"\">Frenkie de Jong estar\u00e1 el martes ante el Atl\u00e9tico de Madrid. Seg\u00fan ha podido saber AS, <b>el centrocampista holand\u00e9s se present\u00f3 esta ma\u00f1ana en la Ciutat Esportiva <\/b>y se entren\u00f3 con total normalidad, por lo que su presencia ante el equipo de Simeone est\u00e1 plenamente garantizada. Hay que recordar que <b>Frenkie caus\u00f3 baja de \u00faltima hora el s\u00e1bado por culpa de unos problemas personales <\/b>que le impidieron acudir al partido contra el Alav\u00e9s en el nuevo Camp Nou. <b>Hansi Flick tuvo que recurrir a Marc Bernal, que jug\u00f3 45 minutos, <\/b>y posteriormente con Pedri, que complet\u00f3 media hora a muy buen nivel.<\/p>\n<p class=\"\">Con el regreso de Frenkie, <b>el t\u00e9cnico alem\u00e1n podr\u00e1 alinear un mediocampo mucho m\u00e1s reconocible:<\/b> podr\u00e1 volver a juntar al holand\u00e9s con el canario m\u00e1s de un mes despu\u00e9s, a los que acompa\u00f1ar\u00e1 un <b>Dani Olmo<\/b>, que ha recuperado las buenas sensaciones tras firmar un doblete este s\u00e1bado.<\/p>\n<p class=\"\"><b>Quien todav\u00eda no estar\u00e1 recuperado ante el Atl\u00e9tico de Madrid es Ronald Ara\u00fajo<\/b>. El uruguayo <b>sigue sin aparecer por las instalaciones del club<\/b>, por lo que ahora mismo est\u00e1 pr\u00e1cticamente descartado para este martes. En el club se inform\u00f3 que el jugador est\u00e1 superando <b>un virus estomacal<\/b>, pero lo cierto es que <b>su expulsi\u00f3n en Londres le afect\u00f3 sobremanera<\/b>, mucho m\u00e1s incluso que el d\u00eda del PSG o el Inter. Ante esta situaci\u00f3n, <b>los t\u00e9cnicos prefirieron protegerlo y que el jugador se tomara un respiro para hacer un \u2018reset\u2019<\/b>, al que se sum\u00f3 esta problema estomacal. En cualquier caso, se espera tener recuperado a Ara\u00fajo de cara al partido del s\u00e1bado ante el Betis en el Benito Villamar\u00edn.<\/p>\n<p>Noticias relacionadas<\/p>\n<p class=\"\">Del resto de futbolistas, <b>Flick a\u00fan no podr\u00e1 contar con Ferm\u00edn<\/b>, al que espera recuperar de cara al partido ante el Eintracht de Frankfurt de dentro de ocho d\u00edas.<\/p>\n<p class=\"\"><b>\u00a1Tus opiniones importan!<\/b> Comenta en los art\u00edculos y suscr\u00edbete gratis a nuestra <a href=\"https:\/\/asfan.as.com\/newsletters\/\" target=\"_blank\" rel=\"nofollow noopener\" title=\"https:\/\/asfan.as.com\/newsletters\/\">newsletter<\/a> y a las alertas informativas en la <a href=\"https:\/\/as.com\/aplicacion-de-as-n\/\" target=\"_blank\" rel=\"nofollow noopener\" title=\"https:\/\/as.com\/aplicacion-de-as-n\/\">App<\/a> o el canal de <a href=\"https:\/\/www.whatsapp.com\/channel\/0029VaAasdA7j6g745nz9M10\" target=\"_blank\" rel=\"nofollow noopener\" title=\"https:\/\/www.whatsapp.com\/channel\/0029VaAasdA7j6g745nz9M10\">WhatsApp<\/a>. \u00bfBuscas licenciar contenido? Haz clic <a href=\"https:\/\/profesional.elpais.com\/soluciones-sindicacion?utm_medium=interno&amp;utm_source=crosslinking&amp;utm_campaign=sindicacion_as_pie_articulos\" target=\"_blank\" rel=\"nofollow noopener\" title=\"https:\/\/profesional.elpais.com\/soluciones-sindicacion?utm_medium=interno&amp;utm_source=crosslinking&amp;utm_campaign=sindicacion_as_pie_articulos\">aqu\u00ed<\/a><\/p>\n","protected":false},"excerpt":{"rendered":"Frenkie de Jong estar\u00e1 el martes ante el Atl\u00e9tico de Madrid. Seg\u00fan ha podido saber AS, el centrocampista&hellip;\n","protected":false},"author":2,"featured_media":263581,"comment_status":"","ping_status":"","sticky":false,"template":"","format":"standard","meta":{"footnotes":""},"categories":[93],"tags":[168,25,24,23,167],"class_list":{"0":"post-263580","1":"post","2":"type-post","3":"status-publish","4":"format-standard","5":"has-post-thumbnail","7":"category-deportes","8":"tag-deportes","9":"tag-es","10":"tag-espana","11":"tag-spain","12":"tag-sports"},"share_on_mastodon":{"url":"https:\/\/pubeurope.com\/@es\/115638455829107409","error":""},"_links":{"self":[{"href":"https:\/\/www.europesays.com\/es\/wp-json\/wp\/v2\/posts\/263580","targetHints":{"allow":["GET"]}}],"collection":[{"href":"https:\/\/www.europesays.com\/es\/wp-json\/wp\/v2\/posts"}],"about":[{"href":"https:\/\/www.europesays.com\/es\/wp-json\/wp\/v2\/types\/post"}],"author":[{"embeddable":true,"href":"https:\/\/www.europesays.com\/es\/wp-json\/wp\/v2\/users\/2"}],"replies":[{"embeddable":true,"href":"https:\/\/www.europesays.com\/es\/wp-json\/wp\/v2\/comments?post=263580"}],"version-history":[{"count":0,"href":"https:\/\/www.europesays.com\/es\/wp-json\/wp\/v2\/posts\/263580\/revisions"}],"wp:featuredmedia":[{"embeddable":true,"href":"https:\/\/www.europesays.com\/es\/wp-json\/wp\/v2\/media\/263581"}],"wp:attachment":[{"href":"https:\/\/www.europesays.com\/es\/wp-json\/wp\/v2\/media?parent=263580"}],"wp:term":[{"taxonomy":"category","embeddable":true,"href":"https:\/\/www.europesays.com\/es\/wp-json\/wp\/v2\/categories?post=263580"},{"taxonomy":"post_tag","embeddable":true,"href":"https:\/\/www.europesays.com\/es\/wp-json\/wp\/v2\/tags?post=263580"}],"curies":[{"name":"wp","href":"https:\/\/api.w.org\/{rel}","templated":true}]}}