{"id":263582,"date":"2025-11-30T11:39:15","date_gmt":"2025-11-30T11:39:15","guid":{"rendered":"https:\/\/www.europesays.com\/es\/263582\/"},"modified":"2025-11-30T11:39:15","modified_gmt":"2025-11-30T11:39:15","slug":"sanidade-invitara-a-los-mayores-de-60-anos-a-participar-en-el-ensayo-para-comprobar-la-eficacia-de-la-vacuna-del-vrs","status":"publish","type":"post","link":"https:\/\/www.europesays.com\/es\/263582\/","title":{"rendered":"Sanidade invitar\u00e1 a los mayores de 60 a\u00f1os a participar en el ensayo para comprobar la eficacia de la vacuna del VRS"},"content":{"rendered":"<p><img decoding=\"async\" width=\"1280\" height=\"732\" fetchpriority=\"high\" alt=\"\" src=\"https:\/\/www.europesays.com\/es\/wp-content\/uploads\/2025\/11\/68c32a3540bc5.jpeg\"\/><\/p>\n<p class=\"texto_noticia\">La Conseller\u00eda de Sanidade y el Instituto de Investigaci\u00f3n Sanitaria de Santiago (IDIS) inician este viernes el ensayo denominado Sincigal, para comprobar la eficaci\u00e1 de la <b>vacuna frente al virus respiratorio<\/b> <b>sincitial (VRS), <\/b>e invitar\u00e1 a 900.000 <b>mayores de 60 a\u00f1os<\/b> a participar en el estudio.\u00a0<\/p>\n<p class=\"texto_noticia\">De este modo, se ofrecer\u00e1 a los gallegos a partir de esas edad la <b>oportunidad de vacunarse con Abrysvo<\/b>, una medicaci\u00f3n ya aprobada por las autoridades sanitarias para la prevenci\u00f3n de este virus, y se pretenden verificar en la pr\u00e1ctica la reducci\u00f3n de ingresos hospitalarios entre la poblaci\u00f3n. <\/p>\n<p class=\"texto_noticia\">Como ha explicado el conselleiro de Sanidade, Antonio G\u00f3mez Caama\u00f1o, en declaraciones a los medios antes de participar en un acto en Vigo, los pacientes no tendr\u00e1n que hacer \u00abnada\u00bb. Simplemente, cuando se vayan a <b>poner la vacuna de la gripe o del colvid<\/b>, o cuando acudan a cualquier centro de salud u hospital, se le informar\u00e1 sobre la posibilidad de participar en este ensayo cl\u00ednico de manera voluntaria. <\/p>\n<p class=\"texto_noticia\">Si acepta, tendr\u00e1 un 50 % de posibilidades de recibir la vacuna que se estudia, una decisi\u00f3n que vendr\u00e1 marcada de forma aleatoria a trav\u00e9s de una plataforma inform\u00e1tica. De este modo, se <b>podr\u00e1 estudiar la diferencia entre las personas vacunadas y las que no han recibido el medicamento frente a un virus<\/b> que, en la mayor\u00eda de casos, provoca s\u00edntomas leves parecidos a un resfriados, pero que pueden agravarse en personas mayores o con patolog\u00edas cr\u00f3nicas. <\/p>\n<p>Procedimiento<\/p>\n<p class=\"texto_noticia\">En caso de ser asignado al grupo de\u00a0vacunaci\u00f3n, se le administrar\u00e1 la vacuna en esa misma asistencia sanitaria o en un momento posterior, como decida el paciente. En cualquier caso, antes de poner la vacuna, el personal verificar\u00e1 que no existen contraindicaciones.<\/p>\n<p class=\"texto_noticia\">Si el paciente es asignado al grupo de no vacunados, no se realizar\u00e1 ning\u00fan procedimiento adicional. <\/p>\n<p class=\"texto_noticia\">El estudio <b>no implica tener que acudir a ning\u00fan<\/b> <b>seguimiento cl\u00ednico<\/b>, porque la informaci\u00f3n necesaria se obtendr\u00e1 del historial electr\u00f3nico de cada paciente. <\/p>\n<p class=\"texto_noticia\">En este ensayo <b>participan casi 250 centros sanitarios y m\u00e1s de 700 profesionales en Galicia<\/b>, y las personas que deseen m\u00e1s informaci\u00f3n sobre el mismo pueden obtenerla en el tel\u00e9fono gratuito 900 842 217. <\/p>\n<p class=\"texto_noticia\">La Xunta ha recordado que el <b>primer beb\u00e9 del mundo en inmunizarse frente al VRS fue en Galicia<\/b>, cuando la Conseller\u00eda de Sanidae incluy\u00f3 esta vacuna en el calendario, en 2023. Esta medida, han subrayado fuentes de Sanidade, permiti\u00f3 reducir en m\u00e1s de un 90 % las hospitalizaciones por este virus &#8211;que provoca bronquiolitis&#8211; en ni\u00f1os inmunizados. <\/p>\n<p class=\"texto_noticia\">Antonio G\u00f3mez Caama\u00f1o ha explicado que el <b>estudio Sincigal<\/b> pretende \u00abevaluar en la vida real\u00bb la eficacia de esta vacuna, que ya ha demostrado \u00abmuch\u00edsima eficiencia\u00bb en el caso de beb\u00e9s. <\/p>\n<p>Campa\u00f1a de la gripe<\/p>\n<p class=\"texto_noticia\">Por otra parte, el conselleiro de Sanidade se ha referido a la campa\u00f1a de la gripe, y ha confirmado que <b>la enfermedad est\u00e1 en tendencia creciente<\/b>, con riesgo bajo y difusi\u00f3n plenamente local. \u00abEstamos en un aumento en consultas, en Atenci\u00f3n Primaria, y de ingresos en hospitales de la gente m\u00e1s mayor\u00bb, ha detallado.<\/p>\n<p class=\"texto_noticia\">Al respecto, ha insistido en la necesidad de vacunarse, algo \u00abfundamental\u00bb para \u00abdescargar\u00bb de casos graves, que son los que representan la demanda asistencial. <\/p>\n<p class=\"texto_noticia\">\u00a0<\/p>\n<p>Uso de mascarillas<\/p>\n<p class=\"texto_noticia\">Con respecto al <b>uso de mascarillas<\/b>, que se abordar\u00e1 este viernes en el Consejo Interterritorial de Salud, G\u00f3mez Caama\u00f1o ha aclarado que \u00abla Xunta no rechaza el uso de mascarillas\u00bb sino \u00abtodo lo contrario\u00bb, ya que \u00ablo <b>recomienda<\/b>\u00ab, <b>especialmente <\/b>en este momento, <b>en centros de salud<\/b>, para profesionales y pacientes, y en servicios de urgencias hospitalarias y extrahospitalarias. A estos espacios se a\u00f1aden otros donde se recomienda su uso, como las UCI, o los hospitales de d\u00eda de oncohematolog\u00eda. <\/p>\n<p class=\"texto_noticia\">Con todo, ha matizado que <b>la administraci\u00f3n auton\u00f3mica \u00abno puede obligar<\/b> al uso de mascarillas\u00bb porque no tiene la competencia para hacerlo. \u00abEs una competencia del Gobierno central que, a trav\u00e9s de una Ley Org\u00e1nica, como dice el Tribunal Constitucional, puede obligar al uso de mascarillas\u00bb, ha insistido. \u00a0 <\/p>\n","protected":false},"excerpt":{"rendered":"La Conseller\u00eda de Sanidade y el Instituto de Investigaci\u00f3n Sanitaria de Santiago (IDIS) inician este viernes el ensayo&hellip;\n","protected":false},"author":2,"featured_media":263583,"comment_status":"","ping_status":"","sticky":false,"template":"","format":"standard","meta":{"footnotes":""},"categories":[92],"tags":[25,24,165,166,23],"class_list":{"0":"post-263582","1":"post","2":"type-post","3":"status-publish","4":"format-standard","5":"has-post-thumbnail","7":"category-salud","8":"tag-es","9":"tag-espana","10":"tag-health","11":"tag-salud","12":"tag-spain"},"share_on_mastodon":{"url":"https:\/\/pubeurope.com\/@es\/115638460272544638","error":""},"_links":{"self":[{"href":"https:\/\/www.europesays.com\/es\/wp-json\/wp\/v2\/posts\/263582","targetHints":{"allow":["GET"]}}],"collection":[{"href":"https:\/\/www.europesays.com\/es\/wp-json\/wp\/v2\/posts"}],"about":[{"href":"https:\/\/www.europesays.com\/es\/wp-json\/wp\/v2\/types\/post"}],"author":[{"embeddable":true,"href":"https:\/\/www.europesays.com\/es\/wp-json\/wp\/v2\/users\/2"}],"replies":[{"embeddable":true,"href":"https:\/\/www.europesays.com\/es\/wp-json\/wp\/v2\/comments?post=263582"}],"version-history":[{"count":0,"href":"https:\/\/www.europesays.com\/es\/wp-json\/wp\/v2\/posts\/263582\/revisions"}],"wp:featuredmedia":[{"embeddable":true,"href":"https:\/\/www.europesays.com\/es\/wp-json\/wp\/v2\/media\/263583"}],"wp:attachment":[{"href":"https:\/\/www.europesays.com\/es\/wp-json\/wp\/v2\/media?parent=263582"}],"wp:term":[{"taxonomy":"category","embeddable":true,"href":"https:\/\/www.europesays.com\/es\/wp-json\/wp\/v2\/categories?post=263582"},{"taxonomy":"post_tag","embeddable":true,"href":"https:\/\/www.europesays.com\/es\/wp-json\/wp\/v2\/tags?post=263582"}],"curies":[{"name":"wp","href":"https:\/\/api.w.org\/{rel}","templated":true}]}}