{"id":263588,"date":"2025-11-30T11:50:42","date_gmt":"2025-11-30T11:50:42","guid":{"rendered":"https:\/\/www.europesays.com\/es\/263588\/"},"modified":"2025-11-30T11:50:42","modified_gmt":"2025-11-30T11:50:42","slug":"el-principado-y-la-inspeccion-de-trabajo-detectan-cerca-de-dos-mil-empleos-irregulares-en-asturias-mas-del-doble-que-en-2024-el-principado-y-la-inspeccion-de-trabajo-detectan-cerca-de-dos-mil-emple","status":"publish","type":"post","link":"https:\/\/www.europesays.com\/es\/263588\/","title":{"rendered":"El Principado y la Inspecci\u00f3n de Trabajo detectan cerca de dos mil empleos irregulares en Asturias, m\u00e1s del doble que en 2024 &#8211; El Principado y la Inspecci\u00f3n de Trabajo detectan cerca de dos mil empleos irregulares en Asturias, m\u00e1s del doble que en 2024 &#8211; Principado de Asturias"},"content":{"rendered":"<ol>\n<li><a href=\"https:\/\/news.google.com\/rss\/articles\/CBMi-wFBVV95cUxPNHRuV2k5S2tpS0k0WXVtdGlxeFhNVGJWcHV5Vmlmc1dBVUxXTnc1cHBhRV9ESmI2dGg2Q09ZRl9WTjVTYlJGR3EwTXFPZjhYNDlucXJqUmJDUHRfN1hWQWdFUG9ISFZaZ1hpV0F2eDcxRlEzS3BBZ0RCeFMzWDZ0b09ydmplNnh0VzAtclpyb05oOUJYaW4yVmJISkF4TEpXQWJWNklYelZ5QTlSdU1TSmtPNGNWbmdUYlFFeXB6UjRSTzJVcmhNTFIwcGNoa1ZiaVhuUmQ2dXpxckMzS0hKQXpobHBiRGt6dXhZbWVUNXFwNXlTNnYtNkp6WQ?oc=5\" target=\"_blank\" rel=\"nofollow noopener\">El Principado y la Inspecci\u00f3n de Trabajo detectan cerca de dos mil empleos irregulares en Asturias, m\u00e1s del doble que en 2024 &#8211; El Principado y la Inspecci\u00f3n de Trabajo detectan cerca de dos mil empleos irregulares en Asturias, m\u00e1s del doble que en 2024<\/a>&nbsp;&nbsp;Principado de Asturias<\/li>\n<li><a href=\"https:\/\/news.google.com\/rss\/articles\/CBMi7wFBVV95cUxPLS1tUURBYTJnLVhJU2R0U2FCM2xuU0s3WnBFQ0hLODhWSXJzOS1aclNuT2FHZFFMb04tWFRoN1hPejFJRmZPeUFOcTRZVDlSTEM1TGlGT2tkeG5DWFZFNG1wNUpWcW9SbzlQZk9vTmZDXy1Cb0YyWFdmYTBqT0lzeWh4dXpxVmxWWTBvblhoVUljRlZuM0EtYWlEeXRaSk8xV2ZtbHhSaTQ3NjhfeWxEc0NBLUo1eGVoOGxGdFhQaUl0dzllUVB0X0dKcC14emRFR1AzT3NoZ1lKS2tjY0Rrcmw4ZGJ6QWJkY1hFNTMzVdIBiwJBVV95cUxOSkwxc3FRQXpSOWtOQzJoRjF4N21vQzJVU01scWI3VWd3MTFLbUg0Z09CVDh2U0N5QTJmaU1nemVISVNCaGlsVUNFanN5aklsNk9BZEM4cXZGSS10Tzc2LVcybHlXWEpzVTlEUzhpZElFb2lkVWNaTnEwMjNhTlIzaS1CREFYQXZxamVoRGpQU0VMZ0lzU3V2U0RfVnZtZWxzbUtCRXpVbldFbERiT2hjT0ttOWlwV1RmRXN2NmhGX2lXakxCRXJYdmRNVDBZMks0dS1uSTJhOGNsTVFvQnJOcUgwNUt6b2E0MkxpM3F1bC1JQTIzeU5DTUpIS2JwQlNqaDlVM0dBc3lSd2M?oc=5\" target=\"_blank\" rel=\"nofollow noopener\">La Inspecci\u00f3n de Trabajo detecta casi 2.000 empleos irregulares en Asturias, m\u00e1s del doble que en 2024<\/a>&nbsp;&nbsp;La Voz de Asturias<\/li>\n<li><a href=\"https:\/\/news.google.com\/rss\/articles\/CBMiygFBVV95cUxOSjVvSU1xZnhFSjd0WndmbGFTWndXUWFYV3FoVkw3RndRQVVvcF9LZWUwQTNienNpWUx6YlVRN1k2QzN2ckNwVVQ5TU1wRTIzNDNrS3o4VFliLVgtZWQ0eEl2YndQU2xZVHlxcS1BRVdWNmZwSmI1amItb1REa0tJVHNjTzVKVWFhaXZtbl9fMHRBdTVkOHA2U1lxUUtxMG1sdEc0ZjdTMHZUbDZWVFlyNjBERE5QYko5RHJGaXR5NTJwMWpDSnM3ekp3?oc=5\" target=\"_blank\" rel=\"nofollow noopener\">Asturias destapa casi 2.000 empleos irregulares en solo un a\u00f1o: el fraude laboral se dispara un 127%<\/a>&nbsp;&nbsp;Asturias Mundial<\/li>\n<\/ol>\n","protected":false},"excerpt":{"rendered":"El Principado y la Inspecci\u00f3n de Trabajo detectan cerca de dos mil empleos irregulares en Asturias, m\u00e1s del&hellip;\n","protected":false},"author":2,"featured_media":248356,"comment_status":"","ping_status":"","sticky":false,"template":"","format":"standard","meta":{"footnotes":""},"categories":[5],"tags":[17,18,25,24,13,14,11,19,20,9,10,15,16,23,12,21,22],"class_list":{"0":"post-263588","1":"post","2":"type-post","3":"status-publish","4":"format-standard","5":"has-post-thumbnail","7":"category-titulares","8":"tag-breaking-news","9":"tag-breakingnews","10":"tag-es","11":"tag-espana","12":"tag-featured-news","13":"tag-featurednews","14":"tag-headlines","15":"tag-latest-news","16":"tag-latestnews","17":"tag-news","18":"tag-noticias","19":"tag-noticias-destacadas","20":"tag-noticiasdestacadas","21":"tag-spain","22":"tag-titulares","23":"tag-ultimas-noticias","24":"tag-ultimasnoticias"},"share_on_mastodon":{"url":"","error":"Validation failed: Text character limit of 500 exceeded"},"_links":{"self":[{"href":"https:\/\/www.europesays.com\/es\/wp-json\/wp\/v2\/posts\/263588","targetHints":{"allow":["GET"]}}],"collection":[{"href":"https:\/\/www.europesays.com\/es\/wp-json\/wp\/v2\/posts"}],"about":[{"href":"https:\/\/www.europesays.com\/es\/wp-json\/wp\/v2\/types\/post"}],"author":[{"embeddable":true,"href":"https:\/\/www.europesays.com\/es\/wp-json\/wp\/v2\/users\/2"}],"replies":[{"embeddable":true,"href":"https:\/\/www.europesays.com\/es\/wp-json\/wp\/v2\/comments?post=263588"}],"version-history":[{"count":0,"href":"https:\/\/www.europesays.com\/es\/wp-json\/wp\/v2\/posts\/263588\/revisions"}],"wp:featuredmedia":[{"embeddable":true,"href":"https:\/\/www.europesays.com\/es\/wp-json\/wp\/v2\/media\/248356"}],"wp:attachment":[{"href":"https:\/\/www.europesays.com\/es\/wp-json\/wp\/v2\/media?parent=263588"}],"wp:term":[{"taxonomy":"category","embeddable":true,"href":"https:\/\/www.europesays.com\/es\/wp-json\/wp\/v2\/categories?post=263588"},{"taxonomy":"post_tag","embeddable":true,"href":"https:\/\/www.europesays.com\/es\/wp-json\/wp\/v2\/tags?post=263588"}],"curies":[{"name":"wp","href":"https:\/\/api.w.org\/{rel}","templated":true}]}}