{"id":263589,"date":"2025-11-30T11:56:12","date_gmt":"2025-11-30T11:56:12","guid":{"rendered":"https:\/\/www.europesays.com\/es\/263589\/"},"modified":"2025-11-30T11:56:12","modified_gmt":"2025-11-30T11:56:12","slug":"la-travesia-de-2-000-kilometros-de-francisco-javier-y-20-vecinos-de-un-pueblo-de-toledo-para-ayudar-en-el-desierto","status":"publish","type":"post","link":"https:\/\/www.europesays.com\/es\/263589\/","title":{"rendered":"La traves\u00eda de 2.000 kil\u00f3metros de Francisco Javier y 20 vecinos de un pueblo de Toledo para ayudar en el desierto"},"content":{"rendered":"<p id=\"paragraph_1\">En <a href=\"https:\/\/www.elespanol.com\/eldigitalcastillalamancha\/region\/20250729\/reforma-parque-pueblo-provincia-toledo-incorpora-nuevas-fuentes-pequeno-graderio\/1003743866714_0.html?utm_cmp_rs=linksinline\" rel=\"nofollow noopener\" target=\"_blank\">Cazalegas<\/a>, un municipio toledano de solo 2.000 habitantes, el pasado<strong> lunes 24 de noviembre no fue un d\u00eda cualquiera<\/strong>. Era la fecha en la que regresaban a casa los 20 vecinos que, liderados por su alcalde Francisco Javier Blanco, acababan de protagonizar una<strong> misi\u00f3n humanitaria muy particular<\/strong>.<\/p>\n<p class=\"paragraph\" id=\"paragraph_2\">Han recorrido m\u00e1s de 2.000 kil\u00f3metros de<strong> traves\u00eda por el desierto de Mauritania<\/strong> para llevar electricidad, agua corriente, medicinas, formaci\u00f3n y esperanza a Bir Mogrein, un remoto enclave situado en el norte del pa\u00eds africano.<\/p>\n<p class=\"paragraph\" id=\"paragraph_3\">La expedici\u00f3n, compuesta por alba\u00f1iles, electricistas, sanitarios, hosteleros, pintores e incluso el sacerdote del pueblo, partieron con un objetivo claro: <strong>aportar mejoras reales<\/strong> y tangibles en el <strong>centro escolar y el consultorio m\u00e9dico<\/strong> del municipio hermanado.<\/p>\n<p><img decoding=\"async\" alt=\"Trabajos de rehabilitaci\u00f3n.\" data-imgm=\"true\" height=\"180\" loading=\"lazy\"  src=\"https:\/\/www.europesays.com\/es\/wp-content\/uploads\/2025\/11\/1003744033710_260199204_1024x576.jpg\"  width=\"320\"\/><\/p>\n<p>                                                            Trabajos de rehabilitaci\u00f3n.<\/p>\n<p class=\"paragraph\" id=\"paragraph_4\">Aunque la versi\u00f3n oficial habla de cooperaci\u00f3n institucional, intercambio cultural y acuerdos formales, el origen de este <strong>v\u00ednculo entre Cazalegas y Bir Mogrein<\/strong> es mucho m\u00e1s humano&#8230; y casi anecd\u00f3tico.<\/p>\n<p>Relaci\u00f3n de hermanamiento<\/p>\n<p class=\"paragraph\" id=\"paragraph_5\">As\u00ed lo relata el propio alcalde en una entrevista concedida a EL ESPA\u00d1OL de Castilla-La Mancha: \u00abLa culpa la tiene mi padre\u00bb. \u00abFue al m\u00e9dico y le habl\u00f3 de m\u00ed. Resulta que el doctor que lo atendi\u00f3 ten\u00eda relaci\u00f3n con Bir Mogrein. Quiso conocerme, visit\u00f3 Cazalegas y, a partir de ah\u00ed, empezaron los contactos. <strong>Ese encuentro cambi\u00f3 nuestras vidas<\/strong>\u00ab.<\/p>\n<p class=\"paragraph\" id=\"paragraph_6\">A partir de ah\u00ed, la relaci\u00f3n se consolid\u00f3, lleg\u00f3 una primera visita del equipo de Cazalegas a Mauritania en febrero y, finalmente, el pasado 21 de junio se oficializ\u00f3 el <strong>hermanamiento entre ambos municipios<\/strong>.<\/p>\n<p><img decoding=\"async\" alt=\"Foto de familia en Mauritania.\" data-imgm=\"true\" height=\"180\" loading=\"lazy\"  src=\"https:\/\/www.europesays.com\/es\/wp-content\/uploads\/2025\/11\/1003744033706_260199141_1024x576.jpg\"  width=\"320\"\/><\/p>\n<p>                                                            Foto de familia en Mauritania.<\/p>\n<p class=\"paragraph\" id=\"paragraph_7\">Detr\u00e1s del v\u00ednculo hay tambi\u00e9n una<strong> realidad social compleja<\/strong>: Bir Mogrein acoge a numerosa poblaci\u00f3n saharaui desplazada, vive aislado, con infraestructuras muy precarias y escasa visibilidad internacional. De ah\u00ed la insistencia de sus dirigentes: <strong>\u00abQueremos estar en el mapa\u00bb<\/strong>.<\/p>\n<p>40 maletas de ayuda<\/p>\n<p class=\"paragraph\" id=\"paragraph_8\">La expedici\u00f3n viaj\u00f3 primero a Nouakchott, capital de Mauritania, y desde all\u00ed inici\u00f3 el trayecto m\u00e1s exigente: cerca de 1.300 kil\u00f3metros hacia el norte, atravesando dunas y pistas improvisadas. \u00abEl viaje es dur\u00edsimo. Hab\u00eda que parar constantemente, la gente se mareaba&#8230; pero mereci\u00f3 la pena\u00bb, explica el alcalde.<\/p>\n<p class=\"paragraph\" id=\"paragraph_9\">Entre todos <strong>transportaron casi 40 maletas repletas de material escolar, deportivo, utensilios de alba\u00f1iler\u00eda y decenas de medicamentos<\/strong> rigurosamente catalogados. Tambi\u00e9n herramientas que, una vez usadas all\u00ed, se quedaron en el pueblo mauritano para su propio uso.<\/p>\n<p>Transformar un colegio<\/p>\n<p class=\"paragraph\" id=\"paragraph_10\">El colegio de primaria de Bir Mogrein fue <strong>construido por los franceses en los a\u00f1os 60<\/strong> y desde entonces nadie hab\u00eda actuado sobre \u00e9l. As\u00ed lo descubri\u00f3 la comitiva en su primer viaje.<\/p>\n<p class=\"paragraph\" id=\"paragraph_11\">Cables pelados cruzando patios, ba\u00f1os clausurados y llenos de escombros, aulas sin luz, fosas s\u00e9pticas sin limpiar en d\u00e9cadas,<strong> ni\u00f1os bebiendo agua de un peque\u00f1o agujero en el suelo<\/strong>&#8230;<\/p>\n<p><img decoding=\"async\" alt=\"Montaje de la situaci\u00f3n previa del colegio de Bir Mogrein y la situaci\u00f3n en la que se encuentra actualmente.\" data-imgm=\"true\" height=\"180\" loading=\"lazy\"  src=\"https:\/\/www.europesays.com\/es\/wp-content\/uploads\/2025\/11\/1003744033680_260198790_1024x576.jpg\"  width=\"320\"\/><\/p>\n<p>                                                            Montaje de la situaci\u00f3n previa del colegio de Bir Mogrein y la situaci\u00f3n en la que se encuentra actualmente.<\/p>\n<p class=\"paragraph\" id=\"paragraph_12\">En <strong>diez d\u00edas, trabajando desde las seis de la ma\u00f1ana hasta despu\u00e9s del anochecer, <\/strong>consiguieron instalar electricidad en todas las aulas y nuevas l\u00e1mparas con su cableado completo, rehabilitar los ba\u00f1os, construir un sistema para canalizar el agua del pozo, pintar aulas, limpiar todo el entorno escolar&#8230;<\/p>\n<p class=\"paragraph\" id=\"paragraph_13\">El momento m\u00e1s emocionante, coinciden todos, fue cuando los ni\u00f1os vieron por primera vez agua salir del nuevo grifo del patio. <strong>\u00abLas sonrisas de los ni\u00f1os&#8230; eso no se olvida\u00bb<\/strong>, recuerda el alcalde, con la emoci\u00f3n todav\u00eda a flor de piel.<\/p>\n<p>Ordenar el caos para salvar vidas<\/p>\n<p class=\"paragraph\" id=\"paragraph_14\">La farmac\u00e9utica del pueblo, Marisol de Miguel, ha explicado a EL ESPA\u00d1OL de Castilla-La Mancha que vivi\u00f3 la experiencia de forma especialmente intensa. <strong>A sus 67 a\u00f1os, jubilada activa y al frente de una farmacia familiar, llevaba d\u00e9cadas deseando participar en una misi\u00f3n como esta<\/strong>. \u00abEra una espinita clavada. He viajado mucho por ocio, pero no en voluntariado. Esta vez dije: voy\u00bb, cuenta.<\/p>\n<p><img decoding=\"async\" alt=\"Marisol de Miguel, farmac\u00e9utica de Cazalegas.\" data-imgm=\"true\" height=\"180\" loading=\"lazy\"  src=\"https:\/\/www.europesays.com\/es\/wp-content\/uploads\/2025\/11\/1003744033668_260198600_1024x576.jpg\"  width=\"320\"\/><\/p>\n<p>                                                            Marisol de Miguel, farmac\u00e9utica de Cazalegas.<\/p>\n<p class=\"paragraph\" id=\"paragraph_15\">En Bir Mogrein <strong>se encontr\u00f3 una realidad que le impact\u00f3 profundamente<\/strong>: medicamentos sin calificar, personal sin titulaci\u00f3n dispensando f\u00e1rmacos y a Muley, el \u00fanico m\u00e9dico, haci\u00e9ndolo absolutamente todo: diagnostica, prescribe, asiste emergencias y atiende sin descanso.<\/p>\n<p class=\"paragraph\" id=\"paragraph_16\">Durante la expedici\u00f3n, De Miguel y el equipo sanitario ordenaron, clasificaron y etiquetaron todos los medicamentos donados, formaron al personal local en su uso, administraci\u00f3n y conservaci\u00f3n, asistieron consultas y urgencias. <strong>\u00ab\u00c9l hace todo eso, pero no da abasto\u00bb<\/strong>, relata Marisol. \u00abPara ellos, que estuvi\u00e9ramos all\u00ed fue un respiro enorme\u00bb.<\/p>\n<p>Hospitalidad pura<\/p>\n<p class=\"paragraph\" id=\"paragraph_17\">La llegada de los voluntarios fue un acontecimiento en Bir Mogrein.<strong> Los ni\u00f1os les recibieron bailando, cantando y ofreciendo alimentos tradicionales<\/strong>: leche de camello, carne de cabra, d\u00e1tiles y dulces locales.<\/p>\n<p class=\"paragraph\" id=\"paragraph_18\">Tambi\u00e9n hubo tiempo para convivir y aprender: partidos de f\u00fatbol al atardecer, muestras culturales y noches de tertulia bajo las estrellas.<\/p>\n<p><img decoding=\"async\" alt=\"Los voluntarios reunidos con las personas locales de Bir Mogrein.\" data-imgm=\"true\" height=\"180\" loading=\"lazy\"  src=\"https:\/\/www.europesays.com\/es\/wp-content\/uploads\/2025\/11\/1003744033682_260198814_1024x576.jpg\"  width=\"320\"\/><\/p>\n<p>                                                            Los voluntarios reunidos con las personas locales de Bir Mogrein.<\/p>\n<p class=\"paragraph\" id=\"paragraph_19\">\u00abEs un<strong> modelo de vida humilde, sencill\u00edsimo, pero lleno de generosidad\u00bb,<\/strong>\u00a0describe Blanco. \u00abNo tienen casi nada y te lo dan todo\u00bb. Una an\u00e9cdota lo resume en un simple hecho. \u00abSe me acerc\u00f3 un ni\u00f1o y me ofreci\u00f3 seis euros. Era todo lo que ten\u00eda y lo m\u00e1s valioso que pose\u00eda, me lo quer\u00eda dar como un gesto de agradecimiento\u00bb.<\/p>\n<p>Trabajo en tiempo r\u00e9cord<\/p>\n<p class=\"paragraph\" id=\"paragraph_20\">Las jornadas fueron maratonianas con un horario de 6:00 de la ma\u00f1ana hasta la noche, con apenas una hora para comer. \u00abNo pensaban que llevar\u00edamos ese ritmo de trabajo\u00bb, explica Paco Romero, empresario del sector de la construcci\u00f3n que ha acudido a este proyecto junto con su hermano.<\/p>\n<p class=\"paragraph\" id=\"paragraph_21\">\u00ab<strong>Vimos techos hechos de uralita \u2014con amianto\u2014 que hab\u00eda que sustituir; no sab\u00edamos de qu\u00e9 material eran y result\u00f3 ser peligroso\u00bb<\/strong>, cuenta Romero a EL ESPA\u00d1OL de Castilla-La Mancha. Dejaron herramientas, ensamblaron tableros, colocaron focos y ayudaron a dar forma a aulas que, hasta entonces, apenas ofrec\u00edan un sitio en el que leer y escribir.<\/p>\n<p><img decoding=\"async\" alt=\"Voluntarios trabajando en el colegio.\" data-imgm=\"true\" height=\"180\" loading=\"lazy\"  src=\"https:\/\/www.europesays.com\/es\/wp-content\/uploads\/2025\/11\/1003744033685_260198856_1024x576.jpg\"  width=\"320\"\/><\/p>\n<p>                                                            Voluntarios trabajando en el colegio.<\/p>\n<p class=\"paragraph\" id=\"paragraph_22\">Remarca la entrega del equipo y la respuesta de la poblaci\u00f3n local: \u00abAl principio no hab\u00eda mucha colaboraci\u00f3n, pero luego se volcaron. <strong>Cinco o seis chavales se interesaron de verdad por aprender alba\u00f1iler\u00eda y se les dieron herramientas para que continuasen el trabajo. Eso nos emocion\u00f3<\/strong>\u00ab, explica el empresario.<\/p>\n<p class=\"paragraph\" id=\"paragraph_23\">\u00abCuando llegamos a Espa\u00f1a parec\u00eda que despert\u00e1bamos de un sue\u00f1o\u00bb, narra el alcalde. \u00abAll\u00ed sientes paz. Aqu\u00ed volvemos a la rutina y<strong> te das cuenta de lo privilegiados que somos<\/strong>\u00ab.<\/p>\n<p><img decoding=\"async\" alt=\"Voluntarios junto con los locales de Bir Mogrein y las maletas que han llevado a la expedici\u00f3n.\" data-imgm=\"true\" height=\"180\" loading=\"lazy\"  src=\"https:\/\/www.europesays.com\/es\/wp-content\/uploads\/2025\/11\/1003744034068_260204161_1024x576.jpg\"  width=\"320\"\/><\/p>\n<p>                                                            Voluntarios junto con los locales de Bir Mogrein y las maletas que han llevado a la expedici\u00f3n.<\/p>\n<p class=\"paragraph\" id=\"paragraph_24\">Varios voluntarios reconocen que han regresado con una especie de vac\u00edo emocional. La farmac\u00e9utica lo confirma: <strong>\u00abLa experiencia ha sido positiva a todos los niveles. Vuelves distinta\u00bb<\/strong>. Un gesto poco habitual, motivado por el eco que el trabajo del equipo hab\u00eda generado en el pa\u00eds.<\/p>\n<p>Entre la dureza y la paz<\/p>\n<p class=\"paragraph\" id=\"paragraph_25\">La experiencia tuvo un coste f\u00edsico y un premio emocional: cansancio extremo, jornadas interminables y, al mismo tiempo, una sensaci\u00f3n de paz y de aprendizaje. \u00ab<strong>Cuando volvimos a Espa\u00f1a parec\u00eda que despert\u00e1bamos de un sue\u00f1o\u00bb<\/strong>, admite a este peri\u00f3dico Eduardo L\u00f3pez, consultor y auditor en Cazalegas.<\/p>\n<p class=\"paragraph\" id=\"paragraph_26\">La frase resume la ambivalencia del regreso: <strong>la satisfacci\u00f3n del deber cumplido<\/strong> y la melancol\u00eda por dejar atr\u00e1s una forma de vida que no se parece a la nuestra, pero que ense\u00f1a a valorar lo esencial.<\/p>\n<p>Reconocimientos y futuro<\/p>\n<p class=\"paragraph\" id=\"paragraph_27\">La labor de los cazalegue\u00f1os corri\u00f3 de boca en boca en Mauritania. Hasta tal punto que, a su regreso, fueron recibidos en la Embajada de Espa\u00f1a en Nouakchott por el <strong>embajador Pablo Barbar\u00e1 G\u00f3mez<\/strong> y el <strong>c\u00f3nsul Fernando Criado Cuadra<\/strong>.<\/p>\n<p class=\"paragraph\" id=\"paragraph_28\">Cazalegas ya piensa en repetir con <strong>muchas tareas pendientes<\/strong>. Entre ellas, renovar la guarder\u00eda. De esta manera, consolidar el hermanamiento con acciones peri\u00f3dicas.<\/p>\n<p><img decoding=\"async\" alt=\"jksdjksldjlksd\" data-imgm=\"true\" height=\"180\" loading=\"lazy\"  src=\"https:\/\/www.europesays.com\/es\/wp-content\/uploads\/2025\/11\/1003744032897_260188891_1024x576.jpg\"  width=\"320\"\/><\/p>\n<p class=\"paragraph\" id=\"paragraph_29\">Blanco lo resume con una certeza sencilla: <strong>\u00abQueda much\u00edsimo de hacer por ellos, y vamos a conseguirlo<\/strong>. Nos han cambiado la vida con esta expedici\u00f3n\u00bb.<\/p>\n","protected":false},"excerpt":{"rendered":"En Cazalegas, un municipio toledano de solo 2.000 habitantes, el pasado lunes 24 de noviembre no fue un&hellip;\n","protected":false},"author":2,"featured_media":263590,"comment_status":"","ping_status":"","sticky":false,"template":"","format":"standard","meta":{"footnotes":""},"categories":[273],"tags":[5341,65522,18733,313,2027,312,168,25,24,27867,30584,23,167,1952],"class_list":{"0":"post-263589","1":"post","2":"type-post","3":"status-publish","4":"format-standard","5":"has-post-thumbnail","7":"category-ciclismo","8":"tag-ayuda-humanitaria","9":"tag-cazalegas-toledo","10":"tag-centros-de-salud","11":"tag-ciclismo","12":"tag-colegios","13":"tag-cycling","14":"tag-deportes","15":"tag-es","16":"tag-espana","17":"tag-farmacias","18":"tag-mauritania","19":"tag-spain","20":"tag-sports","21":"tag-toledo"},"share_on_mastodon":{"url":"https:\/\/pubeurope.com\/@es\/115638527326319892","error":""},"_links":{"self":[{"href":"https:\/\/www.europesays.com\/es\/wp-json\/wp\/v2\/posts\/263589","targetHints":{"allow":["GET"]}}],"collection":[{"href":"https:\/\/www.europesays.com\/es\/wp-json\/wp\/v2\/posts"}],"about":[{"href":"https:\/\/www.europesays.com\/es\/wp-json\/wp\/v2\/types\/post"}],"author":[{"embeddable":true,"href":"https:\/\/www.europesays.com\/es\/wp-json\/wp\/v2\/users\/2"}],"replies":[{"embeddable":true,"href":"https:\/\/www.europesays.com\/es\/wp-json\/wp\/v2\/comments?post=263589"}],"version-history":[{"count":0,"href":"https:\/\/www.europesays.com\/es\/wp-json\/wp\/v2\/posts\/263589\/revisions"}],"wp:featuredmedia":[{"embeddable":true,"href":"https:\/\/www.europesays.com\/es\/wp-json\/wp\/v2\/media\/263590"}],"wp:attachment":[{"href":"https:\/\/www.europesays.com\/es\/wp-json\/wp\/v2\/media?parent=263589"}],"wp:term":[{"taxonomy":"category","embeddable":true,"href":"https:\/\/www.europesays.com\/es\/wp-json\/wp\/v2\/categories?post=263589"},{"taxonomy":"post_tag","embeddable":true,"href":"https:\/\/www.europesays.com\/es\/wp-json\/wp\/v2\/tags?post=263589"}],"curies":[{"name":"wp","href":"https:\/\/api.w.org\/{rel}","templated":true}]}}