{"id":263593,"date":"2025-11-30T11:59:11","date_gmt":"2025-11-30T11:59:11","guid":{"rendered":"https:\/\/www.europesays.com\/es\/263593\/"},"modified":"2025-11-30T11:59:11","modified_gmt":"2025-11-30T11:59:11","slug":"alfaro-el-sevilla-betis-es-como-jugar-dos-finales-de-copa","status":"publish","type":"post","link":"https:\/\/www.europesays.com\/es\/263593\/","title":{"rendered":"Alfaro: \u201cEl Sevilla-Betis es como jugar dos finales de Copa\u201d"},"content":{"rendered":"<p class=\"\"><b>Pablo Alfaro Armengot<\/b> (Zaragoza, 1969) puede decir con orgullo que ha jugado <b>nueve derbis y no ha perdido ninguno<\/b>. Siete encuentros de m\u00e1xima rivalidad en <b>Primera <\/b>(dos victorias y cinco empates) y dos en <b>Segunda <\/b>(un triunfo y un empate) contemplan al<b> defensa y doctor aragon\u00e9s<\/b>, que milit\u00f3 y fue capit\u00e1n del <b>Sevilla <\/b>durante varios de los encarnizados partidos contra el <b>Betis <\/b>de principios de siglo, con<b> Joaqu\u00edn Caparr\u00f3s<\/b> en el banquillo de Nervi\u00f3n. Aquellos duelos ten\u00edan un matiz diferente a los de ahora. <\/p>\n<p class=\"\">\u201cLos tiempos cambian, ahora <b>hay menos canteranos<\/b> y menos jugadores nacionales en las dos plantillas. Son equipos m\u00e1s <b>cosmopolitas<\/b>, entonces hab\u00eda muchos jugadores con ese <b>esp\u00edritu ardoroso<\/b>, sab\u00edan transmitirnos a los de fuera lo que era esto. Yo no nac\u00ed sevillano, pero ya<b> me voy a morir sevillista<\/b>. En parte, por partidos as\u00ed\u201d, afirma Alfaro, que se retir\u00f3 en 2007. <\/p>\n<p class=\"\">El zaragozano no encuentra parang\u00f3n entre este partido y otros que ha jugado, algunos tan importantes como el <b>Atl\u00e9tico-Real Madrid y el Barcelona-Espanyol<\/b>: \u201cEs un derbi que no tiene <b>comparaci\u00f3n <\/b>en Espa\u00f1a, y lo puedo decir yo, que lo viv\u00ed en otras <b>ciudades<\/b>. Siempre digo que tengo la fortuna de <b>no haber perdido<\/b> en ninguno. A m\u00ed me parece que son como <b>una final de Copa a ida y vuelta<\/b>. Es una suerte haber disfrutado de encuentros as\u00ed. Al final, los que formamos parte del f\u00fatbol somos una <b>f\u00e1brica de emociones <\/b>y siempre que haya emoci\u00f3n, este <b>deporte no morir\u00e1\u201d. <\/b><\/p>\n<p class=\"\">Pablo vivi\u00f3 la mayor\u00eda de aquellos derbis a las \u00f3rdenes del singular <b>Joaqu\u00edn Caparr\u00f3s.<\/b> Aquel que dec\u00eda que le \u201c<b>herv\u00eda la sangre roja\u201d<\/b> antes de los partidos contra el Betis. Y que lo transmit\u00eda igual: \u201cCaparr\u00f3s nos met\u00eda <b>esa pasi\u00f3n en vena, <\/b>creo que nos hac\u00eda m\u00e1s <b>competitivos<\/b>. Son tres puntos, s\u00ed, pero el derbi se juega quince d\u00edas y <b>quince d\u00edas despu\u00e9s<\/b>. Joaqu\u00edn nos dec\u00eda que fu\u00e9ramos a comprar el <b>peri\u00f3dico, la fruta y el pescado<\/b>, para que la gente nos hablara del partido\u201d.<\/p>\n<p class=\"\">El excapit\u00e1n sevillista no tiene <b>un favorito claro <\/b>para este domingo: \u201cEl Sevilla es <b>el equipo local <\/b>y dispone el apoyo de su <b>p\u00fablico <\/b>mientras el Betis est\u00e1 mejor situado y en <b>Europa<\/b>. Ellos han tenido precisamente un <b>desgaste <\/b>europeo que no tuvo el Sevilla&#8230; En estos partidos se aplica menos<b> la l\u00f3gica del f\u00fatbol.<\/b> El sevillismo conf\u00eda en un <b>esp\u00edritu competitivo <\/b>que el equipo siempre muestra en los derbis. Pero cuando el \u00e1rbitro pite el final <b>seguiremos siendo vecinos. <\/b>Dentro de la misma familia van a discutir y luego se van <b>a ir cenar juntos.<\/b> Eso es el derbi sevillano\u201d.<\/p>\n<p><b>\u201cEl Ittihad es un club muy importante\u201d<\/b><\/p>\n<p class=\"\">Estos d\u00edas <a href=\"https:\/\/as.com\/futbol\/internacional\/pablo-alfaro-uno-de-los-favoritos-para-entrenar-al-ittihad-de-tanger-f202511-n\/\" target=\"_self\" rel=\"nofollow noopener\" title=\"https:\/\/as.com\/futbol\/internacional\/pablo-alfaro-uno-de-los-favoritos-para-entrenar-al-ittihad-de-tanger-f202511-n\/\">se ha conocido<\/a> que <b>el Ittihad de T\u00e1nger<\/b>, uno de los clubes m\u00e1s importantes del f\u00fatbol marroqu\u00ed, est\u00e1 interesado en la contrataci\u00f3n de <b>Pablo Alfaro<\/b>. As\u00ed lo reconoce el t\u00e9cnico: \u201cEs un club muy importante de la <b>Botola Pro<\/b>, una ciudad de las m\u00e1s <b>importantes del pa\u00eds<\/b> y hay que tener en cuenta todo esto\u201d. <\/p>\n<p>Noticias relacionadas<a href=\"https:\/\/as.com\/futbol\/primera\/azpilicueta-isaac-y-carmona-en-la-lista-del-sevilla-para-el-derbi-f202511-n\/\" class=\"s_m_w\" title=\"Los tres entran en una convocatoria de 25 futbolistas para enfrentarse al Betis. Miguel Sierra, extremo del filial, es otra novedad entre los citados.\" data-tb-link=\"\" rel=\"nofollow noopener\" target=\"_blank\"><img decoding=\"async\" src=\"https:\/\/www.europesays.com\/es\/wp-content\/uploads\/2025\/11\/N5OYZR3GNRMG5FHKGV7S3QXNOU.jpg\" alt=\"Azpilicueta, Isaac y Carmona, en la lista del Sevilla para el derbi\" class=\"\" height=\"9\" width=\"16\"   loading=\"lazy\" data-tb-thumbnail=\"\"\/><\/a><\/p>\n<p class=\"\">\u201cS\u00e9 que la opci\u00f3n <b>existe y es real<\/b>. La liga marroqu\u00ed ha parado hasta mitad de enero por la <b>Copa \u00c1rabe y la Copa de \u00c1frica<\/b>. Pero son ellos los que tienen que <b>tomar la decisi\u00f3n\u201d<\/b>, a\u00f1ade el zaragozano. <\/p>\n<p class=\"\"><b>\u00a1Tus opiniones importan!<\/b> Comenta en los art\u00edculos y suscr\u00edbete gratis a nuestra <a href=\"https:\/\/asfan.as.com\/newsletters\/\" target=\"_blank\" rel=\"nofollow noopener\" title=\"https:\/\/asfan.as.com\/newsletters\/\">newsletter<\/a> y a las alertas informativas en la <a href=\"https:\/\/as.com\/aplicacion-de-as-n\/\" target=\"_blank\" rel=\"nofollow noopener\" title=\"https:\/\/as.com\/aplicacion-de-as-n\/\">App<\/a> o el canal de <a href=\"https:\/\/www.whatsapp.com\/channel\/0029VaAasdA7j6g745nz9M10\" target=\"_blank\" rel=\"nofollow noopener\" title=\"https:\/\/www.whatsapp.com\/channel\/0029VaAasdA7j6g745nz9M10\">WhatsApp<\/a>. \u00bfBuscas licenciar contenido? Haz clic <a href=\"https:\/\/profesional.elpais.com\/soluciones-sindicacion?utm_medium=interno&amp;utm_source=crosslinking&amp;utm_campaign=sindicacion_as_pie_articulos\" target=\"_blank\" rel=\"nofollow noopener\" title=\"https:\/\/profesional.elpais.com\/soluciones-sindicacion?utm_medium=interno&amp;utm_source=crosslinking&amp;utm_campaign=sindicacion_as_pie_articulos\">aqu\u00ed<\/a><\/p>\n","protected":false},"excerpt":{"rendered":"Pablo Alfaro Armengot (Zaragoza, 1969) puede decir con orgullo que ha jugado nueve derbis y no ha perdido&hellip;\n","protected":false},"author":2,"featured_media":263594,"comment_status":"","ping_status":"","sticky":false,"template":"","format":"standard","meta":{"footnotes":""},"categories":[268],"tags":[168,25,24,280,282,281,23,167],"class_list":{"0":"post-263593","1":"post","2":"type-post","3":"status-publish","4":"format-standard","5":"has-post-thumbnail","7":"category-futbol","8":"tag-deportes","9":"tag-es","10":"tag-espana","11":"tag-football","12":"tag-futbol","13":"tag-soccer","14":"tag-spain","15":"tag-sports"},"share_on_mastodon":{"url":"https:\/\/pubeurope.com\/@es\/115638539052290440","error":""},"_links":{"self":[{"href":"https:\/\/www.europesays.com\/es\/wp-json\/wp\/v2\/posts\/263593","targetHints":{"allow":["GET"]}}],"collection":[{"href":"https:\/\/www.europesays.com\/es\/wp-json\/wp\/v2\/posts"}],"about":[{"href":"https:\/\/www.europesays.com\/es\/wp-json\/wp\/v2\/types\/post"}],"author":[{"embeddable":true,"href":"https:\/\/www.europesays.com\/es\/wp-json\/wp\/v2\/users\/2"}],"replies":[{"embeddable":true,"href":"https:\/\/www.europesays.com\/es\/wp-json\/wp\/v2\/comments?post=263593"}],"version-history":[{"count":0,"href":"https:\/\/www.europesays.com\/es\/wp-json\/wp\/v2\/posts\/263593\/revisions"}],"wp:featuredmedia":[{"embeddable":true,"href":"https:\/\/www.europesays.com\/es\/wp-json\/wp\/v2\/media\/263594"}],"wp:attachment":[{"href":"https:\/\/www.europesays.com\/es\/wp-json\/wp\/v2\/media?parent=263593"}],"wp:term":[{"taxonomy":"category","embeddable":true,"href":"https:\/\/www.europesays.com\/es\/wp-json\/wp\/v2\/categories?post=263593"},{"taxonomy":"post_tag","embeddable":true,"href":"https:\/\/www.europesays.com\/es\/wp-json\/wp\/v2\/tags?post=263593"}],"curies":[{"name":"wp","href":"https:\/\/api.w.org\/{rel}","templated":true}]}}