{"id":263595,"date":"2025-11-30T12:00:09","date_gmt":"2025-11-30T12:00:09","guid":{"rendered":"https:\/\/www.europesays.com\/es\/263595\/"},"modified":"2025-11-30T12:00:09","modified_gmt":"2025-11-30T12:00:09","slug":"alessandro-lecquio-alessandro-lecquio-lloraba-a-lagrima-viva-durante-una-entrevista","status":"publish","type":"post","link":"https:\/\/www.europesays.com\/es\/263595\/","title":{"rendered":"ALESSANDRO LECQUIO | Alessandro Lecquio lloraba a l\u00e1grima viva durante una entrevista"},"content":{"rendered":"<p class=\"ft-text ft-helper-closenews\">En los a\u00f1os ochenta, una pareja de modelos de <strong>Armani <\/strong>que eran tal vez los seres m\u00e1s bellos de la Creaci\u00f3n alquilaron un chalet en Mallorca con unos amigos y se convirtieron en los dioses del verano. Se llamaban <strong>Antonia dell\u2019Atte<\/strong> y <strong>Alessandro Lecquio<\/strong>. Hombres y mujeres de la <strong>jet local<\/strong>, reyes y pr\u00edncipes, se enamoraban indistinta y sucesivamente de una y otro. Los conoc\u00ed a ambos, cuando ya se odiaban.<\/p>\n<p class=\"ft-text\">Diez a\u00f1os despu\u00e9s, corr\u00eda 1994, llamo <strong>al hotel Arabella de Son Vida<\/strong>. Me pasan a la habitaci\u00f3n:<\/p>\n<p class=\"ft-text\">-Hola, <strong>Alessandro<\/strong>, te llamaba para hacerte una entrevista.<\/p>\n<p class=\"ft-text\">-Pasa dentro de una hora.<\/p>\n<p class=\"ft-text\"><strong>Llegamos puntuales<\/strong> con la fot\u00f3grafa, pasan los minutos y Lecquio no comparece. Le llamo desde recepci\u00f3n:<\/p>\n<p class=\"ft-text\">-Alessandro, <strong>te estamos esperando.<\/strong><\/p>\n<p class=\"ft-text\">Me responde sollozando:<\/p>\n<p class=\"ft-text\">&#8211;<strong>No puedo bajar<\/strong>, no me encuentro en condiciones, estoy muy mal.<\/p>\n<p class=\"ft-text\">-Alessandro, hemos quedado y nos has hecho venir hasta aqu\u00ed.<\/p>\n<p class=\"ft-text\">-Vale.<\/p>\n<p class=\"ft-text\">Baja y tomamos asiento en el sal\u00f3n del hotel. <strong>Mis preguntas pueden ser duras<\/strong> o incluso improcedentes, pero ning\u00fan entrevistado las hab\u00eda recibido a l\u00e1grima viva. Sobre todo, antes de formularlas. <strong>Lecquio rompe a llorar<\/strong>, la fot\u00f3grafa deber\u00e1 mostrar maestr\u00eda para secar las im\u00e1genes y sacarlo presentable. Me intereso:<\/p>\n<p class=\"ft-text\">-\u00bfQu\u00e9 te pasa?<\/p>\n<p class=\"ft-text\">Se recrudece el llanto:<\/p>\n<p class=\"ft-text\">&#8211;<strong>Ana no me deja ver a nuestro hijo.<\/strong><\/p>\n<p class=\"ft-text\">Con su pantal\u00f3n de peto, nos mira cariacontecido pero tambi\u00e9n con una sombra de rencor. Comienza el asalto:<\/p>\n<p class=\"ft-text\">-\u00bfEs posible una reconciliaci\u00f3n con <strong>Ana Garc\u00eda Obreg\u00f3n<\/strong>?<\/p>\n<p class=\"ft-text\">-No s\u00e9. Mi relaci\u00f3n con Ana fue una historia muy fuerte, y yo no he hecho nada incorrecto.<\/p>\n<p class=\"ft-text\">-\u00bfPara qu\u00e9 ha venido a <a class=\"ft-link ft-link--decoration\" href=\"https:\/\/www.diariodemallorca.es\/tags\/mallorca\/\" target=\"_blank\" rel=\"nofollow noopener\">Mallorca<\/a>?<\/p>\n<p class=\"ft-text\"><strong>-Para jugar al golf<\/strong>, y tambi\u00e9n me encantar\u00eda ver a mi hijo. En Madrid lo veo todos los d\u00edas, aqu\u00ed no lo s\u00e9.<\/p>\n<p class=\"ft-text\">Treinta a\u00f1os despu\u00e9s,<strong> ya puedo confesar sin ser acusado de revelaci\u00f3n de secretos por el Supremo<\/strong> que <strong>esta respuesta no solo era falsa en su literalidad, sino que pretend\u00eda el efecto humanitario<\/strong> de reblandecer a Obreg\u00f3n sobre el acceso al hijo de ambos, desgraciadamente fallecido.<\/p>\n<p class=\"ft-text\">Y llegados a este punto del psicodrama, Lecquio se levanta y se refugia de la entrevista en su habitaci\u00f3n, incapaz de aguantar la presi\u00f3n. Vuelta al tel\u00e9fono de recepci\u00f3n, no hab\u00eda m\u00f3viles:<\/p>\n<p class=\"ft-text\">-Alessandro, ya est\u00e1 bien. Baja y seguimos con la entrevista.<\/p>\n<p class=\"ft-text\">El primo segundo del Rey se reintegra moh\u00edno a la conversaci\u00f3n, acelero las preguntas por si se produce otra espantada. Sigue lloroso y dolorido, tambi\u00e9n retador:<\/p>\n<p class=\"ft-text\">-No negar\u00e1 que es un seductor de \u00e9xito.<\/p>\n<p class=\"ft-text\">&#8211;<strong>Me gustan las mujeres,<\/strong> claro que me gustan. No soy homosexual, pero de ah\u00ed a decir que tengo todo ese \u00e9xito hay mucho camino.<\/p>\n<p class=\"ft-text\">&#8211;<strong>\u00bfEn un momento de furia llegar\u00eda a maltratar violentamente a una mujer?<\/strong><\/p>\n<p class=\"ft-text\">-No soy rencoroso.<strong> Hacer da\u00f1o a alguien es fr\u00edo <\/strong>y calculador, pero yo soy caliente. <strong>T\u00fa me est\u00e1s poniendo de playboy cuando yo soy un rom\u00e1ntico,<\/strong> y Dios me libre de utilizar la violencia.<\/p>\n<p class=\"ft-text\">Hoy me cuesta distinguir a Lecquio de cualquier otra mascota de Ana Rosa. Y a Telecinco tambi\u00e9n le cuesta, porque lo ha mantenido en antena durante d\u00e9cadas. Queda pendiente mi encuentro con Dell\u2019Atte.<\/p>\n<p data-close=\"closedContent\" class=\"subscribeHideForDisplay\">Suscr\u00edbete para seguir leyendo<\/p>\n","protected":false},"excerpt":{"rendered":"En los a\u00f1os ochenta, una pareja de modelos de Armani que eran tal vez los seres m\u00e1s bellos&hellip;\n","protected":false},"author":2,"featured_media":263596,"comment_status":"","ping_status":"","sticky":false,"template":"","format":"standard","meta":{"footnotes":""},"categories":[174],"tags":[15651,4408,255,209,146,147,25,24,256,65524,15652,65523,2457,3383,4044,23,10748],"class_list":{"0":"post-263595","1":"post","2":"type-post","3":"status-publish","4":"format-standard","5":"has-post-thumbnail","7":"category-famosos","8":"tag-alessandro","9":"tag-armani","10":"tag-celebrities","11":"tag-cultura","12":"tag-entertainment","13":"tag-entretenimiento","14":"tag-es","15":"tag-espana","16":"tag-famosos","17":"tag-lagrima","18":"tag-lecquio","19":"tag-lloraba","20":"tag-mallorca","21":"tag-modelos","22":"tag-mujeres","23":"tag-spain","24":"tag-viva"},"share_on_mastodon":{"url":"https:\/\/pubeurope.com\/@es\/115638542225876375","error":""},"_links":{"self":[{"href":"https:\/\/www.europesays.com\/es\/wp-json\/wp\/v2\/posts\/263595","targetHints":{"allow":["GET"]}}],"collection":[{"href":"https:\/\/www.europesays.com\/es\/wp-json\/wp\/v2\/posts"}],"about":[{"href":"https:\/\/www.europesays.com\/es\/wp-json\/wp\/v2\/types\/post"}],"author":[{"embeddable":true,"href":"https:\/\/www.europesays.com\/es\/wp-json\/wp\/v2\/users\/2"}],"replies":[{"embeddable":true,"href":"https:\/\/www.europesays.com\/es\/wp-json\/wp\/v2\/comments?post=263595"}],"version-history":[{"count":0,"href":"https:\/\/www.europesays.com\/es\/wp-json\/wp\/v2\/posts\/263595\/revisions"}],"wp:featuredmedia":[{"embeddable":true,"href":"https:\/\/www.europesays.com\/es\/wp-json\/wp\/v2\/media\/263596"}],"wp:attachment":[{"href":"https:\/\/www.europesays.com\/es\/wp-json\/wp\/v2\/media?parent=263595"}],"wp:term":[{"taxonomy":"category","embeddable":true,"href":"https:\/\/www.europesays.com\/es\/wp-json\/wp\/v2\/categories?post=263595"},{"taxonomy":"post_tag","embeddable":true,"href":"https:\/\/www.europesays.com\/es\/wp-json\/wp\/v2\/tags?post=263595"}],"curies":[{"name":"wp","href":"https:\/\/api.w.org\/{rel}","templated":true}]}}