{"id":263599,"date":"2025-11-30T12:03:10","date_gmt":"2025-11-30T12:03:10","guid":{"rendered":"https:\/\/www.europesays.com\/es\/263599\/"},"modified":"2025-11-30T12:03:10","modified_gmt":"2025-11-30T12:03:10","slug":"la-promesa-avance-semanal-del-1-al-5-de-diciembre","status":"publish","type":"post","link":"https:\/\/www.europesays.com\/es\/263599\/","title":{"rendered":"La Promesa, avance semanal del 1 al 5 de diciembre:"},"content":{"rendered":"<p>La Promesa, tras una intensa semana, se merece un descanso, y RTVE emitir\u00e1 tan solo 3 nuevos cap\u00edtulos del <a href=\"https:\/\/www.elindependiente.com\/etiquetas\/la-promesa\/\" rel=\"nofollow noopener\" target=\"_blank\">serial de \u00e9poca<\/a>.<\/p>\n<p>Cap\u00edtulo 727 (Lunes 1)<\/p>\n<p>Jacobo y Martina siguen indecisos respecto a su futuro juntos. Aunque creen que su relaci\u00f3n merece una oportunidad, la joven necesita m\u00e1s tiempo para decidir. La gesti\u00f3n de las tierras complica el trato entre Jacobo y Adriano, lo que obliga a Martina a lidiar entre ellos. Muy a su pesar, To\u00f1o revela a Manuel que Enora est\u00e1 m\u00e1s preocupada en mejorar el motor que en la investigaci\u00f3n de la participaci\u00f3n de don Lisandro en la empresa de don Luis. Como agua de mayo espera Curro algo de ayuda; la situaci\u00f3n de \u00c1ngela con Lorenzo lleva al muchacho a acudir a su hermano. Acuciantes se aventuran las pr\u00f3ximas semanas para el servicio: Crist\u00f3bal, junto a Teresa, anuncian el fin de las libranzas\u2026 y la llegada de un nuevo lacayo, que deja a Mar\u00eda Fern\u00e1ndez estupefacta.<\/p>\n<p>            <a class=\"articulo-relacionado__media\" href=\"https:\/\/www.elindependiente.com\/series-y-television\/2025\/11\/28\/la-promesa-avance-del-capitulo-727-este-lunes-1-de-diciembre-maria-fernandez-se-reencuentra-con-el-padre-de-su-bebe-carlo\/\" title=\"La Promesa, avance del cap\u00edtulo 727 este lunes 1 de diciembre: Mar\u00eda Fern\u00e1ndez se reencuentra con el padre de su beb\u00e9, Carlo\" rel=\"nofollow noopener\" target=\"_blank\"><\/p>\n<p>                <img loading=\"lazy\" decoding=\"async\" src=\"data:image\/svg+xml,%3Csvg%20xmlns=\" http:=\"\" width=\"390\" height=\"220\" alt=\"La Promesa, avance del cap\u00edtulo 727 este lunes 1 de diciembre: Mar\u00eda Fern\u00e1ndez se reencuentra con el padre de su beb\u00e9, Carlo\" data-lazy-src=\"https:\/\/www.europesays.com\/es\/wp-content\/uploads\/2025\/11\/carlo-maria-fernandez-la-promesa-capitulo-729-390x220.jpg\"\/><\/p>\n<p>\t\t\t            <\/a><\/p>\n<p>Cap\u00edtulo 728 (Mi\u00e9rcoles 3)<\/p>\n<p>\u00c1ngela confiesa a Martina su desesperaci\u00f3n ante la inminente boda, mientras Martina sigue lidiando con las tensiones entre Jacobo y Adriano, que estallan en una dura discusi\u00f3n agravada por Leocadia. Curro revela a Manuel su amor por \u00c1ngela y su enfrentamiento con Lorenzo, logrando su apoyo para impedir la boda, lo que provoca un nuevo encontronazo. Mar\u00eda Fern\u00e1ndez se incomoda con la llegada de Carlo, el padre del hijo que espera, pero Samuel la anima a hablar con \u00e9l. Teresa advierte a las doncellas del aumento de trabajo y recibe la negativa de Crist\u00f3bal a ofrecerles una compensaci\u00f3n, aunque libera a Lope para colaborar en el men\u00fa de la boda. Petra investiga junto a Lope y Vera qui\u00e9n est\u00e1 detr\u00e1s del plagio de las recetas, sin obtener todav\u00eda resultados. Manuel pide a Enora que se centre en investigar a don Lisandro y no en mejorar el motor. Sin embargo, Enora persuade a To\u00f1o para que la apoye a espaldas de Manuel.<\/p>\n<p>Cap\u00edtulo 729 (Jueves 4)<\/p>\n<p>Las investigaciones de Petra no tardan en dar frutos, pero el ladr\u00f3n de recetas trata de convencerla para que no lo delate. \u00bfLo conseguir\u00e1? Samuel y Mar\u00eda Fern\u00e1ndez se ven obligados a reprender a Carlo por prestarle demasiada atenci\u00f3n a las doncellas. En vez de investigar para Manuel, Enora y To\u00f1o trabajan en secreto en un nuevo motor que promete ser mucho mejor que el anterior. Adriano pide a Leocadia hablar personalmente con el detective que ella contrat\u00f3 para buscar a Catalina. Teresa informa al servicio de que no habr\u00e1 libranzas ni gratificaci\u00f3n, lo que desemboca en las protestas de Petra.\u00a0<\/p>\n<p>PUBLICIDAD<\/p>\n","protected":false},"excerpt":{"rendered":"La Promesa, tras una intensa semana, se merece un descanso, y RTVE emitir\u00e1 tan solo 3 nuevos cap\u00edtulos&hellip;\n","protected":false},"author":2,"featured_media":263600,"comment_status":"","ping_status":"","sticky":false,"template":"","format":"standard","meta":{"footnotes":""},"categories":[171],"tags":[146,147,25,24,11031,23,214],"class_list":{"0":"post-263599","1":"post","2":"type-post","3":"status-publish","4":"format-standard","5":"has-post-thumbnail","7":"category-tv","8":"tag-entertainment","9":"tag-entretenimiento","10":"tag-es","11":"tag-espana","12":"tag-la-promesa","13":"tag-spain","14":"tag-tv"},"share_on_mastodon":{"url":"https:\/\/pubeurope.com\/@es\/115638553993560139","error":""},"_links":{"self":[{"href":"https:\/\/www.europesays.com\/es\/wp-json\/wp\/v2\/posts\/263599","targetHints":{"allow":["GET"]}}],"collection":[{"href":"https:\/\/www.europesays.com\/es\/wp-json\/wp\/v2\/posts"}],"about":[{"href":"https:\/\/www.europesays.com\/es\/wp-json\/wp\/v2\/types\/post"}],"author":[{"embeddable":true,"href":"https:\/\/www.europesays.com\/es\/wp-json\/wp\/v2\/users\/2"}],"replies":[{"embeddable":true,"href":"https:\/\/www.europesays.com\/es\/wp-json\/wp\/v2\/comments?post=263599"}],"version-history":[{"count":0,"href":"https:\/\/www.europesays.com\/es\/wp-json\/wp\/v2\/posts\/263599\/revisions"}],"wp:featuredmedia":[{"embeddable":true,"href":"https:\/\/www.europesays.com\/es\/wp-json\/wp\/v2\/media\/263600"}],"wp:attachment":[{"href":"https:\/\/www.europesays.com\/es\/wp-json\/wp\/v2\/media?parent=263599"}],"wp:term":[{"taxonomy":"category","embeddable":true,"href":"https:\/\/www.europesays.com\/es\/wp-json\/wp\/v2\/categories?post=263599"},{"taxonomy":"post_tag","embeddable":true,"href":"https:\/\/www.europesays.com\/es\/wp-json\/wp\/v2\/tags?post=263599"}],"curies":[{"name":"wp","href":"https:\/\/api.w.org\/{rel}","templated":true}]}}