{"id":263613,"date":"2025-11-30T12:21:16","date_gmt":"2025-11-30T12:21:16","guid":{"rendered":"https:\/\/www.europesays.com\/es\/263613\/"},"modified":"2025-11-30T12:21:16","modified_gmt":"2025-11-30T12:21:16","slug":"la-feb-ficha-a-dani-gomez-como-hombre-fuerte-en-estados-unidos","status":"publish","type":"post","link":"https:\/\/www.europesays.com\/es\/263613\/","title":{"rendered":"La FEB ficha a Dani G\u00f3mez como hombre fuerte en Estados Unidos"},"content":{"rendered":"<p class=\"\"><b>Daniel G\u00f3mez Otero<\/b> (Madrid, 1957), actualmente scout internacional de los <b>Phoenix Suns<\/b>, ser\u00e1 el <b>coordinador de la red de informadores<\/b> que la FEB va a tejer en<b> Estados Unidos<\/b> para estar informada con rigurosidad de los movimientos de todos los jugadores espa\u00f1oles que han emigrado all\u00ed (desde Mara a <a href=\"https:\/\/as.com\/baloncesto\/nba\/baba-miller-empieza-como-una-moto-f202511-n\/\" target=\"_self\" rel=\"nofollow noopener\" title=\"https:\/\/as.com\/baloncesto\/nba\/baba-miller-empieza-como-una-moto-f202511-n\/\"><b>Baba Miller<\/b><\/a>, pasando por <a href=\"https:\/\/as.com\/baloncesto\/mario-saint-supery-direccion-ncaa-se-va-tiene-una-oferta-irrenunciable-n\/\" target=\"_self\" rel=\"nofollow noopener\" title=\"https:\/\/as.com\/baloncesto\/mario-saint-supery-direccion-ncaa-se-va-tiene-una-oferta-irrenunciable-n\/\"><b>Saint-Sup\u00e9ry<\/b><\/a>, los <b>D\u00edaz-Graham<\/b> o <b>Folgueiras<\/b>). Dani G\u00f3mez trabaj\u00f3 en Estudiantes como ayudante de <b>Josep Maria Berrocal<\/b> y <b>Aleksandar Dzikic<\/b>, pero recibi\u00f3 una llamada de <b>Darko Rajakovic<\/b>, ahora en <b>Toronto Raptors<\/b>, y cruz\u00f3 el charco en 2020. Apenas ten\u00eda experiencia en un summer camp con<b> Portland Trail Blazers<\/b>, pero se lanz\u00f3 a la aventura y se consolid\u00f3 como alguien importante en la estructura de los Suns. Es una persona de \u201ctotal confianza\u201d del seleccionador, Chus Mateo, y ser\u00e1 el encargado de coordinar todo el entramado con el que la FEB pretende mostrar atenci\u00f3n y mimos al trabajo de todos los chicos espa\u00f1oles en territorio estadounidense.<b> \u201cLos futuros due\u00f1os de la Selecci\u00f3n\u201d<\/b>, en palabras de Chus Mateo.<\/p>\n<p>Noticias relacionadas<a href=\"https:\/\/as.com\/baloncesto\/mas_baloncesto\/chus-mateo-aunque-pudiera-esperarmelo-lo-del-madrid-duele-f202511-n\/\" class=\"s_m_w\" title=\"El nuevo seleccionador habla con As sobre el reto de la Selecci\u00f3n antes de su segundo partido con Espa\u00f1a, este domingo frente a Georgia en Tenerife (19:45, Tdp).\" data-tb-link=\"\" rel=\"nofollow noopener\" target=\"_blank\"><img decoding=\"async\" src=\"https:\/\/www.europesays.com\/es\/wp-content\/uploads\/2025\/11\/F6MWPRGUZFC23JNXOCOL6HMTRY.JPG\" alt=\"Chus Mateo: \u201cBeb\u00ed de muchos, pero quiero hacer esto a mi manera\u201d\" class=\"\" height=\"9\" width=\"16\"   loading=\"lazy\" data-tb-thumbnail=\"\"\/><\/a><a href=\"https:\/\/as.com\/baloncesto\/mas_baloncesto\/shengelia-paradigma-del-embrollo-de-las-ventanas-f202511-n\/\" class=\"s_m_w\" title=\"El ala-p\u00edvot del Bar\u00e7a, ejemplo paradigm\u00e1tico del embrollo en el que se est\u00e1n convirtiendo las Ventanas, juega este domingo con Georgia (19:45 horas, Teledeporte) un partido decisivo. Los espa\u00f1oles de equipos Euroliga no est\u00e1n disponibles.\" data-tb-link=\"\" rel=\"nofollow noopener\" target=\"_blank\"><img decoding=\"async\" src=\"https:\/\/www.europesays.com\/es\/wp-content\/uploads\/2025\/11\/FID5UC252NEBTHI4SAE3QUJFMU.png\" alt=\"Shengelia, paradigma del embrollo de las Ventanas\" class=\"\" height=\"9\" width=\"16\"   loading=\"lazy\" data-tb-thumbnail=\"\"\/><\/a><\/p>\n<p class=\"\">Dentro de los planes del seleccionador est\u00e1 organizar un training camp en Espa\u00f1a, dirigido por entrenadores ACB (<b>Dani Miret<\/b> es uno de los candidatos), cuando lo permita el final de la actividad acad\u00e9mica de los universitarios o ya en verano. En Espa\u00f1a, ser\u00e1 <b>Paco Redondo<\/b>, su ayudante en la Selecci\u00f3n, <b>el responsable de las categor\u00edas inferiores.<\/b> Una pieza b\u00e1sica para implantar el estilo que Chus Mateo pretende implementar en este nuevo tiempo del baloncesto espa\u00f1ol.<\/p>\n<p class=\"\"><b>\u00a1Tus opiniones importan!<\/b> Comenta en los art\u00edculos y suscr\u00edbete gratis a nuestra <a href=\"https:\/\/asfan.as.com\/newsletters\/\" target=\"_blank\" rel=\"nofollow noopener\" title=\"https:\/\/asfan.as.com\/newsletters\/\">newsletter<\/a> y a las alertas informativas en la <a href=\"https:\/\/as.com\/aplicacion-de-as-n\/\" target=\"_blank\" rel=\"nofollow noopener\" title=\"https:\/\/as.com\/aplicacion-de-as-n\/\">App<\/a> o el canal de <a href=\"https:\/\/www.whatsapp.com\/channel\/0029VaAasdA7j6g745nz9M10\" target=\"_blank\" rel=\"nofollow noopener\" title=\"https:\/\/www.whatsapp.com\/channel\/0029VaAasdA7j6g745nz9M10\">WhatsApp<\/a>. \u00bfBuscas licenciar contenido? Haz clic <a href=\"https:\/\/profesional.elpais.com\/soluciones-sindicacion?utm_medium=interno&amp;utm_source=crosslinking&amp;utm_campaign=sindicacion_as_pie_articulos\" target=\"_blank\" rel=\"nofollow noopener\" title=\"https:\/\/profesional.elpais.com\/soluciones-sindicacion?utm_medium=interno&amp;utm_source=crosslinking&amp;utm_campaign=sindicacion_as_pie_articulos\">aqu\u00ed<\/a><\/p>\n","protected":false},"excerpt":{"rendered":"Daniel G\u00f3mez Otero (Madrid, 1957), actualmente scout internacional de los Phoenix Suns, ser\u00e1 el coordinador de la red&hellip;\n","protected":false},"author":2,"featured_media":263614,"comment_status":"","ping_status":"","sticky":false,"template":"","format":"standard","meta":{"footnotes":""},"categories":[269],"tags":[299,298,168,25,24,23,167],"class_list":{"0":"post-263613","1":"post","2":"type-post","3":"status-publish","4":"format-standard","5":"has-post-thumbnail","7":"category-baloncesto","8":"tag-baloncesto","9":"tag-basketball","10":"tag-deportes","11":"tag-es","12":"tag-espana","13":"tag-spain","14":"tag-sports"},"share_on_mastodon":{"url":"https:\/\/pubeurope.com\/@es\/115638625236711375","error":""},"_links":{"self":[{"href":"https:\/\/www.europesays.com\/es\/wp-json\/wp\/v2\/posts\/263613","targetHints":{"allow":["GET"]}}],"collection":[{"href":"https:\/\/www.europesays.com\/es\/wp-json\/wp\/v2\/posts"}],"about":[{"href":"https:\/\/www.europesays.com\/es\/wp-json\/wp\/v2\/types\/post"}],"author":[{"embeddable":true,"href":"https:\/\/www.europesays.com\/es\/wp-json\/wp\/v2\/users\/2"}],"replies":[{"embeddable":true,"href":"https:\/\/www.europesays.com\/es\/wp-json\/wp\/v2\/comments?post=263613"}],"version-history":[{"count":0,"href":"https:\/\/www.europesays.com\/es\/wp-json\/wp\/v2\/posts\/263613\/revisions"}],"wp:featuredmedia":[{"embeddable":true,"href":"https:\/\/www.europesays.com\/es\/wp-json\/wp\/v2\/media\/263614"}],"wp:attachment":[{"href":"https:\/\/www.europesays.com\/es\/wp-json\/wp\/v2\/media?parent=263613"}],"wp:term":[{"taxonomy":"category","embeddable":true,"href":"https:\/\/www.europesays.com\/es\/wp-json\/wp\/v2\/categories?post=263613"},{"taxonomy":"post_tag","embeddable":true,"href":"https:\/\/www.europesays.com\/es\/wp-json\/wp\/v2\/tags?post=263613"}],"curies":[{"name":"wp","href":"https:\/\/api.w.org\/{rel}","templated":true}]}}