{"id":263615,"date":"2025-11-30T12:22:12","date_gmt":"2025-11-30T12:22:12","guid":{"rendered":"https:\/\/www.europesays.com\/es\/263615\/"},"modified":"2025-11-30T12:22:12","modified_gmt":"2025-11-30T12:22:12","slug":"el-vancouver-de-thomas-muller-rival-del-inter-miami-en-la-final-de-la-mls","status":"publish","type":"post","link":"https:\/\/www.europesays.com\/es\/263615\/","title":{"rendered":"El Vancouver de Thomas M\u00fcller, rival del Inter Miami en la final de la MLS"},"content":{"rendered":"<p>                        Los Whitecups se impusieron al San Diego y disputar\u00e1n el partido que decidir\u00e1 el t\u00edtulo el 6 de diciembre ante el equipo de Mascherano, que por su parte gole\u00f3 al New York City\n<\/p>\n<p><img src=\"https:\/\/www.mundodeportivo.com\/files\/image_449_220\/files\/fp\/uploads\/2025\/11\/30\/692be8c1920c2.r_d.2309-2846-1370.jpeg\" data-full-src=\"https:\/\/www.europesays.com\/es\/wp-content\/uploads\/2025\/11\/692be8c1920c2.jpeg\" alt=\"Vancouver, campe\u00f3n de la Conferencia Oeste\" width=\"449\" height=\"220\" class=\"nolazy\" decoding=\"async\" fetchpriority=\"high\"\/><\/p>\n<p class=\"caption-title \">Vancouver, campe\u00f3n de la Conferencia Oeste<\/p>\n<p>\n                        Actualizado a  30\/11\/2025 07:50 CET\n                    <\/p>\n<p data-gtm-element-container=\"modulo-texto-link\" class=\"paragraph\">El <strong>Vancouver Whitecaps <\/strong>gan\u00f3 este s\u00e1bado por 3-1 en el campo del <strong>San Diego<\/strong> y se cit\u00f3 con el<strong> Inter Miami<\/strong> en la final de la <strong>MLS Cup<\/strong>, fijada el pr\u00f3ximo 6 de diciembre en el Chase Stadium de Fort Lauderdale. Un doblete de Brian White y un gol en propia puerta del meta mexicano Pablo Sisniega entregaron la victoria a la franquicia canadiense, que tiene al alem\u00e1n Thomas M\u00fcller como gran estrella.<\/p>\n<p data-gtm-element-container=\"modulo-texto-link\" class=\"paragraph\">El Vancouver estuvo arriba por 0-3 al descanso y de poco sirvi\u00f3 el 1-3, anotado en el minuto 60 por el mexicano Hirving Lozano. Sisniega acab\u00f3 el partido expulsado con roja directa en el minuto 79 por una falta ante Ryan Gauld. Este 1-3 puso fin a la temporada del San Diego, franquicia debutante en la MLS, que lleg\u00f3 a los &#8216;playoffs&#8217; como l\u00edder del Oeste.<\/p>\n<p data-gtm-element-container=\"modulo-texto-link\" class=\"paragraph\">Horas antes, <a href=\"https:\/\/www.mundodeportivo.com\/futbol\/internacional\/major-league-soccer\/20251130\/1002578468\/5-1-show-messi-alba-busquets-inter-miami-esta-final.html\" target=\"_blank\" rel=\"nofollow noopener\">Inter Miami gole\u00f3 por 5-1 al New York City <\/a>con triplete de Tadeo Allende y goles de Telasco Segovia y Mateo Silvetti para coronarse campe\u00f3n de la Conferencia Este y volar a la primera final de la MLS Cup de su historia.<\/p>\n<p>\n        Mostrar comentarios\n    <\/p>\n<p>{\u00aballowComment\u00bb:\u00bballowed\u00bb,\u00bbarticleId\u00bb:\u00bbarticle-1002578488&#8243;,\u00bburl\u00bb:\u00bbhttps:\\\/\\\/www.mundodeportivo.com\\\/futbol\\\/internacional\\\/major-league-soccer\\\/20251130\\\/1002578488\\\/1-3-vancouver-thomas-mueller-rival-inter-miami-final-mls.html\u00bb,\u00bblivefyre-url\u00bb:\u00bbarticle-1002578488&#8243;}<\/p>\n<p>Cargando siguiente contenido&#8230;\n                <\/p>\n","protected":false},"excerpt":{"rendered":"Los Whitecups se impusieron al San Diego y disputar\u00e1n el partido que decidir\u00e1 el t\u00edtulo el 6 de&hellip;\n","protected":false},"author":2,"featured_media":263616,"comment_status":"","ping_status":"","sticky":false,"template":"","format":"standard","meta":{"footnotes":""},"categories":[268],"tags":[168,25,24,280,282,281,23,167],"class_list":{"0":"post-263615","1":"post","2":"type-post","3":"status-publish","4":"format-standard","5":"has-post-thumbnail","7":"category-futbol","8":"tag-deportes","9":"tag-es","10":"tag-espana","11":"tag-football","12":"tag-futbol","13":"tag-soccer","14":"tag-spain","15":"tag-sports"},"share_on_mastodon":{"url":"https:\/\/pubeurope.com\/@es\/115638629268004955","error":""},"_links":{"self":[{"href":"https:\/\/www.europesays.com\/es\/wp-json\/wp\/v2\/posts\/263615","targetHints":{"allow":["GET"]}}],"collection":[{"href":"https:\/\/www.europesays.com\/es\/wp-json\/wp\/v2\/posts"}],"about":[{"href":"https:\/\/www.europesays.com\/es\/wp-json\/wp\/v2\/types\/post"}],"author":[{"embeddable":true,"href":"https:\/\/www.europesays.com\/es\/wp-json\/wp\/v2\/users\/2"}],"replies":[{"embeddable":true,"href":"https:\/\/www.europesays.com\/es\/wp-json\/wp\/v2\/comments?post=263615"}],"version-history":[{"count":0,"href":"https:\/\/www.europesays.com\/es\/wp-json\/wp\/v2\/posts\/263615\/revisions"}],"wp:featuredmedia":[{"embeddable":true,"href":"https:\/\/www.europesays.com\/es\/wp-json\/wp\/v2\/media\/263616"}],"wp:attachment":[{"href":"https:\/\/www.europesays.com\/es\/wp-json\/wp\/v2\/media?parent=263615"}],"wp:term":[{"taxonomy":"category","embeddable":true,"href":"https:\/\/www.europesays.com\/es\/wp-json\/wp\/v2\/categories?post=263615"},{"taxonomy":"post_tag","embeddable":true,"href":"https:\/\/www.europesays.com\/es\/wp-json\/wp\/v2\/tags?post=263615"}],"curies":[{"name":"wp","href":"https:\/\/api.w.org\/{rel}","templated":true}]}}