{"id":263619,"date":"2025-11-30T12:24:20","date_gmt":"2025-11-30T12:24:20","guid":{"rendered":"https:\/\/www.europesays.com\/es\/263619\/"},"modified":"2025-11-30T12:24:20","modified_gmt":"2025-11-30T12:24:20","slug":"cuando-sorolla-se-enamoro-de-javea-y-elche","status":"publish","type":"post","link":"https:\/\/www.europesays.com\/es\/263619\/","title":{"rendered":"Cu\u00e1ndo Sorolla se enamor\u00f3 de J\u00e1vea y Elche"},"content":{"rendered":"<p>El Museo de <a title=\"Bellas Artes\" href=\"https:\/\/www.larazon.es\/comunidad-valenciana\/mubag-recupera-figura-lorenzo-aguirre-como-referente-edad-plata-alicante_20250613684c16c7cf3ee62af1e5109e.html\" target=\"_blank\" rel=\"nofollow noopener\">Bellas Artes<\/a> Gravina de Alicante, <a title=\"Mubag\" href=\"https:\/\/www.larazon.es\/comunidad-valenciana\/ventana-que-saca-arte-museo-calle-alicante_2025092268d0c9dd31b8a3479b731517.html\" target=\"_blank\" rel=\"nofollow noopener\">Mubag<\/a>, ha incorporado la obra \u00abJard\u00edn de la Casa Sorolla\u00bb (1919) de Joaqu\u00edn Sorolla (Valencia, 1863; Cercedilla, Madrid, 1923) a su exposici\u00f3n permanente \u00ab<b>El siglo XIX. La colecci\u00f3n de la luz<\/b>\u00bb. Todo, gracias al dep\u00f3sito de un particular. Se trata de un cuadro que incluye una serie de jardines realizada entre 1916 y 1920 por Sorolla; en ella, <b>Sorolla<\/b> pinta todos los <b>rincones del exterior de su casa en Madrid<\/b>, centr\u00e1ndose en la luz que se filtra entre la vegetaci\u00f3n y se convierte en una explosi\u00f3n de colorido.<\/p>\n<p>Antes que el Mubag, la obra se exhibi\u00f3 en el <b>Museo de Po<\/b> (Revere; Italia) y forma parte de la \u00faltima etapa, y muy fecunda, de su carrera art\u00edstica. Pero \u00bfqu\u00e9 tienen en com\u00fan Joaqu\u00edn Sorolla con los pintores alicantinos del siglo XIX cuyas obras exhibe el Mubag?<\/p>\n<p>Que <b>sigue la misma trayectoria que la mayor\u00eda de sus contempor\u00e1neos<\/b>, es decir, que estudia en la Real Academia de Bellas Artes de Valencia y, de hecho, es pensionado por la Diputaci\u00f3n de Valencia en Roma. A su regreso, se instala en Madrid, donde concurre a las Exposiciones Nacionales de Bellas Artes. No hay que olvidar que los pintores cuyas obras conforman la exposici\u00f3n permanente del Mubag son tambi\u00e9n pensionados pero de la Diputaci\u00f3n de Alicante. Como hecho diferencial, a Sorolla el \u00e9xito le llega muy joven, triunfando en las exposiciones celebradas en el extranjero con sus cuadros de realismo social.<\/p>\n<p><b>Influenciado por Emilio Sala<\/b><\/p>\n<p>La figura de <b>Sorolla <\/b>se vincula a la provincia de <b>Alicante por diversos acontecimientos<\/b>. En varias ocasiones reconoci\u00f3 estar muy influenciado por <b>Emilio Sala<\/b>, pionero en el tratamiento de los efectos de la luz y en el contraste de los colores y con el que ya comparte espacio en la muestra permanente.<\/p>\n<p>Otro dato relevante en su trayectoria vital es el triunfo internacional en el <b>Grand Prix de la Exposici\u00f3n Universal de Par\u00eds<\/b>, en <b>1900<\/b>, por el conjunto de su obra; algo que motiv\u00f3 a Sorolla a realizar una pintura m\u00e1s personal en la que buscaba potenciar la luz con una paleta m\u00e1s intensa; y la provincia de Alicante, en concreto el mar de J\u00e1vea, ser\u00e1 el escenario elegido para alcanzar su luz tan caracter\u00edstica. Precisamente, esa luz ser\u00e1 la que influenciar\u00e1 a artistas de la provincia, como en Fernando Cabrera, su compa\u00f1ero de estudios en la Academia de San Carlos en Valencia, con quien coincidi\u00f3 en los acontecimientos art\u00edsticos de la \u00e9poca y junto al que se ubicar\u00e1 su obra en el Mubag<\/p>\n<p><b>En 1918<\/b> el artista se traslad\u00f3 a <b>Alicante<\/b> para realizar uno de los paneles dedicados a la regi\u00f3n valenciana que formar\u00eda parte del encargo que recibe de <b>The Hispanic Society of America de Nueva York<\/b> para decorar su sede. El tema elegido para representar Alicante es <b>El Palmeral de Elche<\/b>, que realiza acompa\u00f1ado por dos alicantinos, el que fue su alumno en Madrid, Emilio Varela, y su contempor\u00e1neo Heliodoro Guill\u00e9n. Su estela se prolonga en las generaciones posteriores de artistas alicantinos del siglo XX como Mataix Monllor, Vicente Albarranch o Rigoberto Soler, entre otros. Sorolla ser\u00e1 la referencia para captar nuestra luz levantina.<\/p>\n<p>En palabras del director del Mubag, Jorge A. Soler, la obra \u00abJard\u00edn de la Casa Sorolla\u00bb es un claro <b>ejemplo de la influencia de su tratamiento de la pincelada, color<\/b> y luz en su paisaje en artistas de Alicante. \u00abIntegrar la obra en el museo conlleva a entender mejor nuestro arte en el siglo XX\u00bb, agreg\u00f3 el director del Mubag.<\/p>\n<p>Por ello, la pintura <b>encaja perfectamente en el \u00faltimo bloque de la exposici\u00f3n<\/b> permanente titulado \u00ab<b>Hacia el cambio de siglo<\/b>\u00bb y en el que se habla del giro est\u00e9tico hacia una pintura costumbrista que se abre al paisaje y a un tratamiento de la luz m\u00e1s moderno, m\u00e1ximas que recoge esta obra, que pone el broche final a la exposici\u00f3n abriendo el discurso a la obra contempor\u00e1nea de la colecci\u00f3n. Adem\u00e1s, se ubica junto al <b>retrato de Rafael Altamira<\/b> Crevea, tambi\u00e9n de Sorolla, depositado por parte del <b>Museo Nacional del Prado<\/b>.<\/p>\n","protected":false},"excerpt":{"rendered":"El Museo de Bellas Artes Gravina de Alicante, Mubag, ha incorporado la obra \u00abJard\u00edn de la Casa Sorolla\u00bb&hellip;\n","protected":false},"author":2,"featured_media":263620,"comment_status":"","ping_status":"","sticky":false,"template":"","format":"standard","meta":{"footnotes":""},"categories":[173],"tags":[229,233,231,230,232,234,146,147,25,24,23],"class_list":{"0":"post-263619","1":"post","2":"type-post","3":"status-publish","4":"format-standard","5":"has-post-thumbnail","7":"category-arte-y-diseno","8":"tag-arte","9":"tag-arte-y-diseno","10":"tag-arts","11":"tag-arts-and-design","12":"tag-design","13":"tag-diseno","14":"tag-entertainment","15":"tag-entretenimiento","16":"tag-es","17":"tag-espana","18":"tag-spain"},"share_on_mastodon":{"url":"https:\/\/pubeurope.com\/@es\/115638636602095195","error":""},"_links":{"self":[{"href":"https:\/\/www.europesays.com\/es\/wp-json\/wp\/v2\/posts\/263619","targetHints":{"allow":["GET"]}}],"collection":[{"href":"https:\/\/www.europesays.com\/es\/wp-json\/wp\/v2\/posts"}],"about":[{"href":"https:\/\/www.europesays.com\/es\/wp-json\/wp\/v2\/types\/post"}],"author":[{"embeddable":true,"href":"https:\/\/www.europesays.com\/es\/wp-json\/wp\/v2\/users\/2"}],"replies":[{"embeddable":true,"href":"https:\/\/www.europesays.com\/es\/wp-json\/wp\/v2\/comments?post=263619"}],"version-history":[{"count":0,"href":"https:\/\/www.europesays.com\/es\/wp-json\/wp\/v2\/posts\/263619\/revisions"}],"wp:featuredmedia":[{"embeddable":true,"href":"https:\/\/www.europesays.com\/es\/wp-json\/wp\/v2\/media\/263620"}],"wp:attachment":[{"href":"https:\/\/www.europesays.com\/es\/wp-json\/wp\/v2\/media?parent=263619"}],"wp:term":[{"taxonomy":"category","embeddable":true,"href":"https:\/\/www.europesays.com\/es\/wp-json\/wp\/v2\/categories?post=263619"},{"taxonomy":"post_tag","embeddable":true,"href":"https:\/\/www.europesays.com\/es\/wp-json\/wp\/v2\/tags?post=263619"}],"curies":[{"name":"wp","href":"https:\/\/api.w.org\/{rel}","templated":true}]}}