{"id":263627,"date":"2025-11-30T12:30:24","date_gmt":"2025-11-30T12:30:24","guid":{"rendered":"https:\/\/www.europesays.com\/es\/263627\/"},"modified":"2025-11-30T12:30:24","modified_gmt":"2025-11-30T12:30:24","slug":"cientificos-chinos-revelan-la-clave-del-envejecimiento-desarrollamos-relojes-de-edad-proteomica-especificos-de-cada-tejido","status":"publish","type":"post","link":"https:\/\/www.europesays.com\/es\/263627\/","title":{"rendered":"Cient\u00edficos chinos revelan la clave del envejecimiento: \u201cDesarrollamos relojes de edad prote\u00f3mica espec\u00edficos de cada tejido\u201d"},"content":{"rendered":"<p class=\"\">Uno de los temas de los que m\u00e1s se est\u00e1 investigando es el del <b>envejecimiento humano<\/b>, y es que no es lineal para todo el mundo, sino que tiene sus altibajos y varios puntos en los que \u00e9ste se acelera.<\/p>\n<p class=\"\">Pues bien, <b>un estudio elaborado por cient\u00edficos de la Universidad de la Academia China de Ciencias, en Pek\u00edn<\/b>, ha identificado precisamente un punto de inflexi\u00f3n en el que se produce una aceleraci\u00f3n del envejecimiento, y es a los 50 a\u00f1os.<\/p>\n<p class=\"\">A partir de ese momento, se experimenta un cambio notable en los tejidos y \u00f3rganos, como ha quedado demostrado en este estudio: \u201cBas\u00e1ndonos en los cambios proteicos asociados al envejecimiento, <b>hemos desarrollado relojes prote\u00f3micos espec\u00edficos para cada tejido y hemos caracterizado las trayectorias del envejecimiento a nivel org\u00e1nico<\/b>\u201d.<\/p>\n<p class=\"\">\u201cEl an\u00e1lisis temporal revel\u00f3<b> una inflexi\u00f3n del envejecimiento alrededor de los 50 a\u00f1os<\/b>, siendo los vasos sangu\u00edneos un tejido que envejece temprano y es muy susceptible al envejecimiento\u201d, a\u00f1aden.<\/p>\n<p class=\"\">No se entienden los patrones de envejecimiento de los \u00f3rganos a nivel individual, pero s\u00ed que se ha podido investigar c\u00f3mo cambian las prote\u00ednas en diferentes tejidos, y para ello recogieron muestras de un total de <b>76 donantes de \u00f3rganos de entre 14 y 68 a\u00f1os que hab\u00edan fallecido por traumatismo craneoencef\u00e1lico accidental<\/b>: \u201cNuestros hallazgos sientan las bases para comprender el envejecimiento humano a nivel sist\u00e9mico desde la perspectiva de las prote\u00ednas\u201d.<\/p>\n<p class=\"\">En total se sacaron<b> 516 muestras, procedentes de 13 tejidos diferentes<\/b>, que abarcaban siete de los sistemas del organismo: <b>cardiovascular <\/b>(coraz\u00f3n y aorta), <b>digestivo <\/b>(h\u00edgado, p\u00e1ncreas e intestino), <b>inmunitario <\/b>(bazo y ganglios linf\u00e1ticos), <b>endocrino <\/b>(gl\u00e1ndula suprarrenal y tejido adiposo blanco), <b>respiratorio <\/b>(pulm\u00f3n), <b>tegumentario <\/b>(piel) y <b>musculoesquel\u00e9tico <\/b>(m\u00fasculo).<\/p>\n<p class=\"\">Y a partir de ah\u00ed fueron viendo c\u00f3mo estas prote\u00ednas cambiaban sus niveles seg\u00fan avanzaba el tiempo: \u201cIdentificamos prote\u00ednas enriquecidas y potenciadas en los tejidos, as\u00ed como aquellas comunes en todos los tejidos, que son vitales para las funciones b\u00e1sicas de mantenimiento en biolog\u00eda\u201d.<\/p>\n<p class=\"\">Los cient\u00edficos descubrieron c\u00f3mo experimentaban cambios estas prote\u00ednas, generando <b>problemas cardiovasculares, fibrosis tisular, enfermedad del h\u00edgado graso y tumores relacionados con el h\u00edgado<\/b>. Y esta alteraci\u00f3n se produc\u00eda <b>entre los 45 y los 55 a\u00f1os<\/b>.<\/p>\n<p class=\"\">\u201cNuestro estudio tiene como objetivo <b>construir un atlas prote\u00f3mico multitejido completo que abarque 50 a\u00f1os de todo el proceso de envejecimiento humano<\/b>, dilucidando los mecanismos que subyacen al desequilibrio de las proteostasis en los \u00f3rganos envejecidos y revelando patrones de envejecimiento tanto universales como espec\u00edficos de cada tejido\u201d, han puntualizado en el estudio, expuesto en el <a href=\"https:\/\/www.cell.com\/cell\/abstract\/S0092-8674(25)00749-4?_returnURL=https%3A%2F%2Flinkinghub.elsevier.com%2Fretrieve%2Fpii%2FS0092867425007494%3Fshowall%3Dtrue\" target=\"_blank\" rel=\"noreferrer nofollow noopener\" title=\"https:\/\/www.cell.com\/cell\/abstract\/S0092-8674(25)00749-4?_returnURL=https%3A%2F%2Flinkinghub.elsevier.com%2Fretrieve%2Fpii%2FS0092867425007494%3Fshowall%3Dtrue\">Cell<\/a>.<\/p>\n<p>Noticias relacionadas<a href=\"https:\/\/as.com\/tikitakas\/famosos\/morgan-freeman-revela-el-secreto-de-su-salud-a-sus-88-anos-sigue-levantandote-por-la-manana-f202511-n\/\" class=\"s_m_w\" title=\"El famoso actor ha compartido las claves para mantenerse en forma y saludable.\" data-tb-link=\"\" rel=\"nofollow noopener\" target=\"_blank\"><img decoding=\"async\" src=\"https:\/\/www.europesays.com\/es\/wp-content\/uploads\/2025\/11\/1764505823_152_JRRPWS7BTRJWLFJPKR3AM7VZ3Y.jpg\" alt=\"Morgan Freeman revela el secreto de su salud a sus 88 a\u00f1os: \u201cSigue levant\u00e1ndote por la ma\u00f1ana\u201d\" class=\"\" height=\"9\" width=\"16\"   loading=\"lazy\" data-tb-thumbnail=\"\"\/><\/a><a href=\"https:\/\/as.com\/tikitakas\/salud\/jesus-vazquez-nutricionista-reduciendo-los-hidratos-mejora-el-metabolismo-cambia-sin-esperas-que-es-lo-que-genera-ansiedad-f202511-n\/\" class=\"s_m_w\" title=\"El experto lanza algunos consejos para preparar el metabolismo y afrontar los banquetes navide\u00f1os de la mejor manera.\" data-tb-link=\"\" rel=\"nofollow noopener\" target=\"_blank\"><img decoding=\"async\" src=\"https:\/\/www.europesays.com\/es\/wp-content\/uploads\/2025\/11\/ZKATLY5U5BDJBM7Z2SKQUMGUFQ.png\" alt=\"Jes\u00fas V\u00e1zquez, nutricionista: \u201cReduciendo los hidratos mejora el metabolismo, cambia sin esperas, que es lo que genera ansiedad\u201d\" class=\"\" height=\"9\" width=\"16\"   loading=\"lazy\" data-tb-thumbnail=\"\"\/><\/a><\/p>\n<p class=\"\">\u201c<b>Estos conocimientos pueden facilitar el desarrollo de intervenciones espec\u00edficas para el envejecimiento y las enfermedades relacionadas con la edad<\/b>, allanando el camino para mejorar la salud de los adultos mayores\u201d, han concluido.<\/p>\n<p class=\"\"><b>\u00a1Tus opiniones importan!<\/b> Comenta en los art\u00edculos y suscr\u00edbete gratis a nuestra <a href=\"https:\/\/asfan.as.com\/newsletters\/\" target=\"_blank\" rel=\"nofollow noopener\" title=\"https:\/\/asfan.as.com\/newsletters\/\">newsletter<\/a> y a las alertas informativas en la <a href=\"https:\/\/as.com\/aplicacion-de-as-n\/\" target=\"_blank\" rel=\"nofollow noopener\" title=\"https:\/\/as.com\/aplicacion-de-as-n\/\">App<\/a> o el canal de <a href=\"https:\/\/www.whatsapp.com\/channel\/0029VaAasdA7j6g745nz9M10\" target=\"_blank\" rel=\"nofollow noopener\" title=\"https:\/\/www.whatsapp.com\/channel\/0029VaAasdA7j6g745nz9M10\">WhatsApp<\/a>. \u00bfBuscas licenciar contenido? Haz clic <a href=\"https:\/\/profesional.elpais.com\/landing-sindicacion?utm_medium=interno&amp;utm_source=crosslinking&amp;utm_campaign=sindicacion_as_pie_articulos\" target=\"_blank\" rel=\"nofollow noopener\" title=\"https:\/\/profesional.elpais.com\/landing-sindicacion?utm_medium=interno&amp;utm_source=crosslinking&amp;utm_campaign=sindicacion_as_pie_articulos\">aqu\u00ed<\/a><\/p>\n","protected":false},"excerpt":{"rendered":"Uno de los temas de los que m\u00e1s se est\u00e1 investigando es el del envejecimiento humano, y es&hellip;\n","protected":false},"author":2,"featured_media":263628,"comment_status":"","ping_status":"","sticky":false,"template":"","format":"standard","meta":{"footnotes":""},"categories":[92],"tags":[25,24,165,166,23],"class_list":{"0":"post-263627","1":"post","2":"type-post","3":"status-publish","4":"format-standard","5":"has-post-thumbnail","7":"category-salud","8":"tag-es","9":"tag-espana","10":"tag-health","11":"tag-salud","12":"tag-spain"},"share_on_mastodon":{"url":"https:\/\/pubeurope.com\/@es\/115638660690629496","error":""},"_links":{"self":[{"href":"https:\/\/www.europesays.com\/es\/wp-json\/wp\/v2\/posts\/263627","targetHints":{"allow":["GET"]}}],"collection":[{"href":"https:\/\/www.europesays.com\/es\/wp-json\/wp\/v2\/posts"}],"about":[{"href":"https:\/\/www.europesays.com\/es\/wp-json\/wp\/v2\/types\/post"}],"author":[{"embeddable":true,"href":"https:\/\/www.europesays.com\/es\/wp-json\/wp\/v2\/users\/2"}],"replies":[{"embeddable":true,"href":"https:\/\/www.europesays.com\/es\/wp-json\/wp\/v2\/comments?post=263627"}],"version-history":[{"count":0,"href":"https:\/\/www.europesays.com\/es\/wp-json\/wp\/v2\/posts\/263627\/revisions"}],"wp:featuredmedia":[{"embeddable":true,"href":"https:\/\/www.europesays.com\/es\/wp-json\/wp\/v2\/media\/263628"}],"wp:attachment":[{"href":"https:\/\/www.europesays.com\/es\/wp-json\/wp\/v2\/media?parent=263627"}],"wp:term":[{"taxonomy":"category","embeddable":true,"href":"https:\/\/www.europesays.com\/es\/wp-json\/wp\/v2\/categories?post=263627"},{"taxonomy":"post_tag","embeddable":true,"href":"https:\/\/www.europesays.com\/es\/wp-json\/wp\/v2\/tags?post=263627"}],"curies":[{"name":"wp","href":"https:\/\/api.w.org\/{rel}","templated":true}]}}