{"id":263629,"date":"2025-11-30T12:31:10","date_gmt":"2025-11-30T12:31:10","guid":{"rendered":"https:\/\/www.europesays.com\/es\/263629\/"},"modified":"2025-11-30T12:31:10","modified_gmt":"2025-11-30T12:31:10","slug":"charlene-el-principe-alberto-y-sus-hijos-encienden-las-luces-de-navidad-de-monaco-una-foto-con-papa-noel-y-la-cena-de-estrellas-de-michelin-con-los-hijos-de-la-princesa-estefania","status":"publish","type":"post","link":"https:\/\/www.europesays.com\/es\/263629\/","title":{"rendered":"Charl\u00e8ne, el pr\u00edncipe Alberto y sus hijos encienden las luces de Navidad de M\u00f3naco: una foto con Pap\u00e1 Noel y la cena de estrellas de Michelin con los hijos de la princesa Estefan\u00eda"},"content":{"rendered":"<p>El encendido de las luces de la Navidad se ha convertido en una golosina para los alcaldes espa\u00f1oles, pero en Montecarlo esa es una tarea que corresponde a los pr\u00edncipes.<\/p>\n<p>Ayer al anochecer, el <a href=\"https:\/\/www.revistavanityfair.es\/articulos\/el-veto-de-alberto-de-monaco-a-la-ley-del-aborto-un-recordatorio-de-que-el-principado-todavia-tiene-un-monarca-a-la-antigua-usanza\" rel=\"nofollow noopener\" target=\"_blank\">pr\u00edncipe Alberto de M\u00f3naco<\/a>, la <a href=\"https:\/\/www.revistavanityfair.es\/articulos\/charlene-de-monaco-lleva-la-tiara-de-su-boda-por-primera-vez-desde-que-se-caso\" rel=\"nofollow noopener\" target=\"_blank\">princesa Charl\u00e8ne<\/a> y sus hijos, <a href=\"https:\/\/www.revistavanityfair.es\/articulos\/jacques-y-gabriella-los-hijos-de-alberto-y-charlene-de-monaco-edad-colegio\" rel=\"nofollow noopener\" target=\"_blank\">el pr\u00edncipe heredero Jacques y la princesa Gabriella<\/a>, fueron los encargados de inaugurar las luces navide\u00f1as de la plaza de Casino de Montecarlo, adornado durante estas fechas con un gigantesco \u00e1rbol de Navidad y cinco enorme bolas de nieve. Seg\u00fan Paris Match, Jacques y Gabriella presionaron juntos el bot\u00f3n dorado. Entonces, son\u00f3 un villancico y la fachada del casino qued\u00f3 iluminada. Las 6.000 lucecitas del \u00e1rbol de Navidad se encendieron, y en el interior de las bolas de nieve aparecieron peque\u00f1as escenas navide\u00f1as. Acompa\u00f1ados por sus padres, luego los hermanos se acercaron a saludar a Pap\u00e1 Noel, con quien estuvieron haci\u00e9ndose fotos en el \u00e1rbol.<\/p>\n<p><img decoding=\"async\" alt=\"Jacques y Gabriella presionaron juntos el bot\u00f3n que encend\u00eda las luces\" loading=\"lazy\" class=\"ResponsiveImageContainer-eNxvmU cfBbTk responsive-image__image\"   src=\"https:\/\/www.europesays.com\/es\/wp-content\/uploads\/2025\/11\/DL_u595917_003.jpg\"\/><\/p>\n<p>Jacques y Gabriella presionaron juntos el bot\u00f3n que encend\u00eda las luces<\/p>\n<p>David NIVIERE\/SIPA<\/p>\n<p>La princesa Charl\u00e8ne regres\u00f3 despu\u00e9s con ellos a palacio. Por el contrario, Alberto de M\u00f3naco continu\u00f3 su agenda con la gala de clausura del Festival des \u00c9toil\u00e9s de Montecarlo, un festival de cenas ofrecidas por los <strong>cuatro chefs con estrellas Michelin<\/strong> que trabajan en los distintos hoteles y restaurantes del resort monegasco la Societ\u00e9 des Bains de Mer -Alain Ducasse, Yannick All\u00e9no, Dominique Lory y Marcel Ravin- que arranca en la primavera y que culmin\u00f3 con la velada de ayer.<\/p>\n<p>Vestido de esmoquin, el pr\u00edncipe Alberto de M\u00f3naco estuvo acompa\u00f1ado en las Salles des \u00c9toiles del Sporting de Montecarlo por varios de <a href=\"https:\/\/www.revistavanityfair.es\/articulos\/louis-y-pauline-ducruet-y-camille-gottlieb-hijos-estefania-de-monaco-entrevista\" rel=\"nofollow noopener\" target=\"_blank\">sus sobrinos<\/a>, los hijos y la nuera de su hermana peque\u00f1a, la <a href=\"https:\/\/www.revistavanityfair.es\/la-revista\/articulos\/estefania-de-monaco-solo-me-arrepiento-de-una-cosa-carolina-alberto-de-monaco-grace-kelly\/21320\" rel=\"nofollow noopener\" target=\"_blank\">princesa Estefania<\/a>: <strong>Louis y Marie Ducruet<\/strong>; <strong>Pauline Ducruet<\/strong>; y <strong>Camille Gottlieb<\/strong>. El men\u00fa consisti\u00f3 en un plato de cada uno los chefs y para disfrutarlo hubo que pagar 950 euros.<\/p>\n<p><img decoding=\"async\" alt=\"Alberto II con sus sobrinos en la cena final del Festival des \u00c9toils de Montecarlos\" loading=\"lazy\" class=\"ResponsiveImageContainer-eNxvmU cfBbTk responsive-image__image\"   src=\"https:\/\/www.europesays.com\/es\/wp-content\/uploads\/2025\/11\/DL_u595917_025.jpg\"\/><\/p>\n<p>Alberto II con sus sobrinos en la cena final del Festival des \u00c9toil\u00e9s de Montecarlos<\/p>\n<p>David NIVIERE\/SIPA<\/p>\n","protected":false},"excerpt":{"rendered":"El encendido de las luces de la Navidad se ha convertido en una golosina para los alcaldes espa\u00f1oles,&hellip;\n","protected":false},"author":2,"featured_media":263630,"comment_status":"","ping_status":"","sticky":false,"template":"","format":"standard","meta":{"footnotes":""},"categories":[91],"tags":[35387,2147,146,147,25,24,5095,23],"class_list":{"0":"post-263629","1":"post","2":"type-post","3":"status-publish","4":"format-standard","5":"has-post-thumbnail","7":"category-entretenimiento","8":"tag-alberto-de-monaco","9":"tag-charlene-wittstock","10":"tag-entertainment","11":"tag-entretenimiento","12":"tag-es","13":"tag-espana","14":"tag-monaco","15":"tag-spain"},"share_on_mastodon":{"url":"https:\/\/pubeurope.com\/@es\/115638664473433110","error":""},"_links":{"self":[{"href":"https:\/\/www.europesays.com\/es\/wp-json\/wp\/v2\/posts\/263629","targetHints":{"allow":["GET"]}}],"collection":[{"href":"https:\/\/www.europesays.com\/es\/wp-json\/wp\/v2\/posts"}],"about":[{"href":"https:\/\/www.europesays.com\/es\/wp-json\/wp\/v2\/types\/post"}],"author":[{"embeddable":true,"href":"https:\/\/www.europesays.com\/es\/wp-json\/wp\/v2\/users\/2"}],"replies":[{"embeddable":true,"href":"https:\/\/www.europesays.com\/es\/wp-json\/wp\/v2\/comments?post=263629"}],"version-history":[{"count":0,"href":"https:\/\/www.europesays.com\/es\/wp-json\/wp\/v2\/posts\/263629\/revisions"}],"wp:featuredmedia":[{"embeddable":true,"href":"https:\/\/www.europesays.com\/es\/wp-json\/wp\/v2\/media\/263630"}],"wp:attachment":[{"href":"https:\/\/www.europesays.com\/es\/wp-json\/wp\/v2\/media?parent=263629"}],"wp:term":[{"taxonomy":"category","embeddable":true,"href":"https:\/\/www.europesays.com\/es\/wp-json\/wp\/v2\/categories?post=263629"},{"taxonomy":"post_tag","embeddable":true,"href":"https:\/\/www.europesays.com\/es\/wp-json\/wp\/v2\/tags?post=263629"}],"curies":[{"name":"wp","href":"https:\/\/api.w.org\/{rel}","templated":true}]}}