{"id":263634,"date":"2025-11-30T12:34:09","date_gmt":"2025-11-30T12:34:09","guid":{"rendered":"https:\/\/www.europesays.com\/es\/263634\/"},"modified":"2025-11-30T12:34:09","modified_gmt":"2025-11-30T12:34:09","slug":"sube-a-146-el-numero-de-muertos-por-incendio-en-hong-kong-dw-30-11-2025","status":"publish","type":"post","link":"https:\/\/www.europesays.com\/es\/263634\/","title":{"rendered":"Sube a 146 el n\u00famero de muertos por incendio en Hong Kong \u2013 DW \u2013 30\/11\/2025"},"content":{"rendered":"<p>El balance de muertos del gigantesco incendio que arras\u00f3 esta semana un complejo de rascacielos residenciales en <a class=\"internal-link\" href=\"https:\/\/www.dw.com\/es\/hong-kong\/t-74932704\" rel=\"nofollow noopener\" target=\"_blank\">Hong Kong<\/a> subi\u00f3 a 146, indic\u00f3 la polic\u00eda este domingo (30.11.2025).<\/p>\n<p>\u00abNo podemos descartar la posibilidad de que haya m\u00e1s fallecidos\u00bb, declar\u00f3 el representante Tsang Shuk-yin en una rueda de prensa.<\/p>\n<p>La cifra de v\u00edctimas mortales se actualiz\u00f3 tras inspeccionar tres torres m\u00e1s de las ocho que conforman el complejo residencial Wang Fuk Court, en el distrito de Tai Po.<\/p>\n<p>El incendio se declar\u00f3 el mi\u00e9rcoles en la tarde por causas a\u00fan desconocidas, al parecer en las redes de protecci\u00f3n que cubr\u00edan el trabajo de renovaci\u00f3n del complejo y que serv\u00edan para proteger del polvo y la ca\u00edda de objetos.<\/p>\n<p><img data-format=\"MASTER_LANDSCAPE\" data-id=\"74948498\" data-url=\"https:\/\/static.dw.com\/image\/74948498_${formatId}.jpg\" data-aspect-ratio=\"16\/9\" alt=\"La gente se re\u00fane para ofrecer flores tras la tragedia, en el distrito Tai Po\" style=\"padding-bottom: 56.25%; height: 0; max-height: 0;\"\/>La gente se re\u00fane para ofrecer flores tras la tragedia, en el distrito Tai PoImagen: Philip Fong\/AFP\/Getty Images<\/p>\n<p>El fuego se propag\u00f3 r\u00e1pidamente a las dem\u00e1s torres, favorecido por las redes, los paneles de espuma y el bamb\u00fa que se usa en Hong Kong en lugar de metal para los andamios, seg\u00fan las primeras hip\u00f3tesis.<\/p>\n<p>Hong Kong vive este domingo una jornada de luto oficial con banderas del pa\u00eds y la regi\u00f3n administrativa especial a media asta en todos los edificios p\u00fablicos hasta el lunes.\u00a0<\/p>\n<p>Al menos 1.000 ciudadanos depositaron\u00a0flores\u00a0y dejaron\u00a0mensajes de condolencia tanto en el lugar de la tragedia como en altares improvisados.<\/p>\n<p>rr afp\/reuters\/efe<\/p>\n","protected":false},"excerpt":{"rendered":"El balance de muertos del gigantesco incendio que arras\u00f3 esta semana un complejo de rascacielos residenciales en Hong&hellip;\n","protected":false},"author":2,"featured_media":259961,"comment_status":"","ping_status":"","sticky":false,"template":"","format":"standard","meta":{"footnotes":""},"categories":[42],"tags":[17,18,13,14,11,61,62,63,64,19,20,9,10,15,16,12,21,22,65,66,67],"class_list":{"0":"post-263634","1":"post","2":"type-post","3":"status-publish","4":"format-standard","5":"has-post-thumbnail","7":"category-internacional","8":"tag-breaking-news","9":"tag-breakingnews","10":"tag-featured-news","11":"tag-featurednews","12":"tag-headlines","13":"tag-internacional","14":"tag-international","15":"tag-international-news","16":"tag-internationalnews","17":"tag-latest-news","18":"tag-latestnews","19":"tag-news","20":"tag-noticias","21":"tag-noticias-destacadas","22":"tag-noticiasdestacadas","23":"tag-titulares","24":"tag-ultimas-noticias","25":"tag-ultimasnoticias","26":"tag-world","27":"tag-world-news","28":"tag-worldnews"},"share_on_mastodon":{"url":"https:\/\/pubeurope.com\/@es\/115638676106971919","error":""},"_links":{"self":[{"href":"https:\/\/www.europesays.com\/es\/wp-json\/wp\/v2\/posts\/263634","targetHints":{"allow":["GET"]}}],"collection":[{"href":"https:\/\/www.europesays.com\/es\/wp-json\/wp\/v2\/posts"}],"about":[{"href":"https:\/\/www.europesays.com\/es\/wp-json\/wp\/v2\/types\/post"}],"author":[{"embeddable":true,"href":"https:\/\/www.europesays.com\/es\/wp-json\/wp\/v2\/users\/2"}],"replies":[{"embeddable":true,"href":"https:\/\/www.europesays.com\/es\/wp-json\/wp\/v2\/comments?post=263634"}],"version-history":[{"count":0,"href":"https:\/\/www.europesays.com\/es\/wp-json\/wp\/v2\/posts\/263634\/revisions"}],"wp:featuredmedia":[{"embeddable":true,"href":"https:\/\/www.europesays.com\/es\/wp-json\/wp\/v2\/media\/259961"}],"wp:attachment":[{"href":"https:\/\/www.europesays.com\/es\/wp-json\/wp\/v2\/media?parent=263634"}],"wp:term":[{"taxonomy":"category","embeddable":true,"href":"https:\/\/www.europesays.com\/es\/wp-json\/wp\/v2\/categories?post=263634"},{"taxonomy":"post_tag","embeddable":true,"href":"https:\/\/www.europesays.com\/es\/wp-json\/wp\/v2\/tags?post=263634"}],"curies":[{"name":"wp","href":"https:\/\/api.w.org\/{rel}","templated":true}]}}