{"id":263635,"date":"2025-11-30T12:35:08","date_gmt":"2025-11-30T12:35:08","guid":{"rendered":"https:\/\/www.europesays.com\/es\/263635\/"},"modified":"2025-11-30T12:35:08","modified_gmt":"2025-11-30T12:35:08","slug":"hallados-otros-ocho-jabalies-muertos-en-la-zona-del-brote-de-peste-porcina-en-collserola-barcelona","status":"publish","type":"post","link":"https:\/\/www.europesays.com\/es\/263635\/","title":{"rendered":"Hallados otros ocho jabal\u00edes muertos en la zona del brote de peste porcina, en Collserola, Barcelona"},"content":{"rendered":"<p class=\"L6-news-detail__text\">Otros <b>ocho jabal\u00edes muertos<\/b> han sido hallados en la misma zona de la sierra de Collserola (<b><a title=\"Barcelona\" href=\"https:\/\/www.lasexta.com\/temas\/barcelona-1\" target=\"_blank\" rel=\"nofollow noopener\">Barcelona<\/a><\/b>) en la que esta semana han aparecido los cuerpos de seis animales de esta especie que murieron por peste porcina africana (PPA).<\/p>\n<p class=\"L6-news-detail__text\">Fuentes del Departamento de Agricultura, Ganader\u00eda, Pesca y Alimentaci\u00f3n han informado a EFE de que en las \u00faltimas horas, y en el marco del dispositivo de control habilitado para frenar el avance del brote de la peste, se han encontrado los ocho cuerpos en el municipio de Cerdanyola del Vall\u00e8s, animales a los que ahora se <b>les har\u00e1 un an\u00e1lisis<\/b> para confirmar que han fallecido por PPA.<\/p>\n<p class=\"L6-news-detail__text\">Este domingo, han indicado las mismas fuentes, <b>se ha reforzado ese dispositivo<\/b>, por lo que no se descarta que se encuentre alg\u00fan otro animal muerto en la zona.<\/p>\n<p>Posible intervenci\u00f3n de la UME<\/p>\n<p class=\"L6-news-detail__text\">El conseller de Agricultura, Ganader\u00eda y Pesca de la Generalitat, \u00d2scar Ordeig, ha informado que este domingo se llevar\u00e1n a cabo <b>capturas de posibles jabal\u00edes<\/b> infectados con la peste porcina africana en el \u00e1rea de Collserola (Barcelona), mediante la instalaci\u00f3n de trampas, repelentes y vallas para que los animales no se trasladen a otras zonas. A su vez, ha dicho que no descarta <b>pedir la intervenci\u00f3n de la UME<\/b> en la zona afectada.<\/p>\n<p class=\"L6-news-detail__text\">As\u00ed lo ha asegurado en una entrevista en Catalunya R\u00e0dio recogida por Europa Press este domingo, en la que ha pedido la <b>colaboraci\u00f3n ciudadana<\/b> para cumplir la restricci\u00f3n de no acceder al Parque Natural de Collserola, que se mantiene cerrado este domingo.<\/p>\n<p class=\"L6-news-detail__text\">\u00abAyer no acab\u00f3 de funcionar porque es un parque natural con 100 accesos principales y 400 secundarios, muy dif\u00edcil de cerrar\u00bb, ha matizado sobre el cierre, y ha dicho que la instrucci\u00f3n este domingo es que el parque est\u00e1 completamente cerrado para el ocio y que se est\u00e1n llevando a cabo trabajos de captura, textualmente.<\/p>\n<p class=\"L6-news-detail__text\">Asimismo, ha dicho que se han reforzado los <b>efectivos de seguridad<\/b>, tanto de Mossos d&#8217;Esquadra, Guardia Civil y Agents Rurals para evitar el acceso a Collserola, \u00absobre todo el radio de seis kil\u00f3metros que est\u00e1 blindado\u00bb.<\/p>\n<p class=\"L6-news-detail__text\">Tambi\u00e9n ha explicado que el proceso de captura ser\u00e1 <b>coordinado por Agents Rurals<\/b>, conjuntamente con el Departament de Agricultura y personal de la empresa p\u00fablica Forestal Catalana, junto con la colaboraci\u00f3n de otros cuerpos como el de Guardia Civil.<\/p>\n<p class=\"L6-news-detail__text\">\u00abCualquier animal que se encuentra <b>se debe desinfectar<\/b>, hay que hacer una custodia de este animal, se debe llevar al centro de Investigaci\u00f3n de Salud Animal y se debe hacer con unas condiciones t\u00e9cnicas muy avanzadas\u00bb, ha explicado.<\/p>\n<p class=\"L6-news-detail__text\"><b><a title=\"*Sigue a laSexta en Google. Toda la actualidad y el mejor contenido aqu\u00ed.\" href=\"https:\/\/profile.google.com\/cp\/CgkvbS8wZG5xejA\" target=\"_blank\" rel=\"nofollow noopener\">*Sigue a laSexta en Google. Toda la actualidad y el mejor contenido aqu\u00ed.<\/a><\/b><\/p>\n<p class=\"L6-support-news-video__title\">Nueve d\u00edas sin casa<\/p>\n<p>            <a href=\"https:\/\/www.lasexta.com\/noticias\/sociedad\/vecinos-afectados-incendio-garaje-cadiz-denuncian-que-todavia-tienen-donde-dormir-nueve-dias-despues_20251129692b1e8f55584d48fb62ea0d.html\" class=\"L6-news__link\" rel=\"nofollow noopener\" target=\"_blank\"><br \/>\n                Los vecinos afectados por el incendio de un garaje en C\u00e1diz denuncian que todav\u00eda no tienen d\u00f3nde dormir nueve d\u00edas despu\u00e9s<\/p>\n<p class=\"recirculation-video-desc\">Los detalles El Ayuntamiento les ofreci\u00f3 un hotel durante una semana, pero ahora ya lo tienen que pagar ellos y sus casas siguen estando inhabitables.<\/p>\n<p>            <\/a><\/p>\n","protected":false},"excerpt":{"rendered":"Otros ocho jabal\u00edes muertos han sido hallados en la misma zona de la sierra de Collserola (Barcelona) en&hellip;\n","protected":false},"author":2,"featured_media":263636,"comment_status":"","ping_status":"","sticky":false,"template":"","format":"standard","meta":{"footnotes":""},"categories":[8],"tags":[17,18,25,24,13,14,11,19,20,9,10,15,16,23,12,21,22],"class_list":{"0":"post-263635","1":"post","2":"type-post","3":"status-publish","4":"format-standard","5":"has-post-thumbnail","7":"category-espana","8":"tag-breaking-news","9":"tag-breakingnews","10":"tag-es","11":"tag-espana","12":"tag-featured-news","13":"tag-featurednews","14":"tag-headlines","15":"tag-latest-news","16":"tag-latestnews","17":"tag-news","18":"tag-noticias","19":"tag-noticias-destacadas","20":"tag-noticiasdestacadas","21":"tag-spain","22":"tag-titulares","23":"tag-ultimas-noticias","24":"tag-ultimasnoticias"},"share_on_mastodon":{"url":"https:\/\/pubeurope.com\/@es\/115638680000031926","error":""},"_links":{"self":[{"href":"https:\/\/www.europesays.com\/es\/wp-json\/wp\/v2\/posts\/263635","targetHints":{"allow":["GET"]}}],"collection":[{"href":"https:\/\/www.europesays.com\/es\/wp-json\/wp\/v2\/posts"}],"about":[{"href":"https:\/\/www.europesays.com\/es\/wp-json\/wp\/v2\/types\/post"}],"author":[{"embeddable":true,"href":"https:\/\/www.europesays.com\/es\/wp-json\/wp\/v2\/users\/2"}],"replies":[{"embeddable":true,"href":"https:\/\/www.europesays.com\/es\/wp-json\/wp\/v2\/comments?post=263635"}],"version-history":[{"count":0,"href":"https:\/\/www.europesays.com\/es\/wp-json\/wp\/v2\/posts\/263635\/revisions"}],"wp:featuredmedia":[{"embeddable":true,"href":"https:\/\/www.europesays.com\/es\/wp-json\/wp\/v2\/media\/263636"}],"wp:attachment":[{"href":"https:\/\/www.europesays.com\/es\/wp-json\/wp\/v2\/media?parent=263635"}],"wp:term":[{"taxonomy":"category","embeddable":true,"href":"https:\/\/www.europesays.com\/es\/wp-json\/wp\/v2\/categories?post=263635"},{"taxonomy":"post_tag","embeddable":true,"href":"https:\/\/www.europesays.com\/es\/wp-json\/wp\/v2\/tags?post=263635"}],"curies":[{"name":"wp","href":"https:\/\/api.w.org\/{rel}","templated":true}]}}