{"id":263640,"date":"2025-11-30T12:44:08","date_gmt":"2025-11-30T12:44:08","guid":{"rendered":"https:\/\/www.europesays.com\/es\/263640\/"},"modified":"2025-11-30T12:44:08","modified_gmt":"2025-11-30T12:44:08","slug":"espana-recibe-a-georgia-en-primer-gran-examen-para-chus-mateo","status":"publish","type":"post","link":"https:\/\/www.europesays.com\/es\/263640\/","title":{"rendered":"Espa\u00f1a recibe a Georgia en primer gran examen para Chus Mateo"},"content":{"rendered":"<p><strong>Espa\u00f1a <\/strong>recibe este domingo en el <strong>Pabell\u00f3n Santiago Mart\u00edn de San Crist\u00f3bal de La Laguna<\/strong> (a las 19.45 horas por Teledeporte y RTVE Play) a <strong>Georgia<\/strong> en la segunda jornada de la primera ronda de la fase clasificatoria para el <strong>Mundial de Catar 2027<\/strong>. <\/p>\n<p>&#8216;La Familia&#8217; lo hace despu\u00e9s de haber empezado con buen pie la era de <strong>Chus Mateo<\/strong> como seleccionador al haber ganado en su primer partido en <strong>Dinamarca <\/strong>(64-74). Georgia en cambio fue sorprendida en su casa ante <strong>Ucrania <\/strong>por 79-92.<\/p>\n<p>Las malas noticias para el t\u00e9cnico espa\u00f1ol son las bajas de <strong>Jaime Fern\u00e1ndez y Dani D\u00edez, <\/strong>que acabaron con molestias f\u00edsicas el partido en tierras escandinavas. Jaime Fern\u00e1ndez, escolta de <strong>La Laguna Tenerife,<\/strong> se pierde as\u00ed un partido &#8216;en su casa&#8217; ya que el choque ante la selecci\u00f3n cauc\u00e1sica se disputar\u00e1 en el Santiago Mart\u00edn donde su club act\u00faa habitualmente de local. S\u00ed estar\u00e1 el p\u00edvot<strong> Fran Guerra<\/strong>, otra de las estrellas del conjunto isle\u00f1o.   <\/p>\n<p>Chus Mateo ha advertido a sus jugadores de que \u00abno\u00bb ser\u00e1 \u00absuficiente\u00bb igualar <strong>\u00aben intensidad\u00bb<\/strong> a Georgia este domingo sino que <strong>deben \u00absuperarles\u00bb<\/strong>. Tambi\u00e9n ha reclamado el apoyo de la afici\u00f3n, que debe convertirse en el <strong>\u00absexto hombre\u00bb<\/strong> en el Pabell\u00f3n Santiago Mart\u00edn.<\/p>\n<p>Nueva oportunidad para Great Osobor<\/p>\n<p>El partido en Dinamarca se recordar\u00e1 por la buena actuaci\u00f3n del debutante <strong>Great Osobor<\/strong>, el ala-pivot de 22 a\u00f1os que juega en el <strong>Science City Jena<\/strong> de la <strong>Bundesliga <\/strong>de baloncesto. Apenas 18 minutos en la pista danesa le valieron para pasar de ser un desconocido para el gran p\u00fablico a convertirse en la sensaci\u00f3n de esta Espa\u00f1a sin jugadores <strong>NBA <\/strong>ni integrantes de equipos <strong>Euroliga <\/strong>en esta ventana para las selecciones <strong>FIBA<\/strong>.<\/p>\n<p>Osobor hizo 12 puntos, atrap\u00f3 8 rebotes y rob\u00f3 dos balones para 15 de valoraci\u00f3n. Todo indica que es su primera hoja de servicios para la selecci\u00f3n espa\u00f1ola de las muchas por escribir de este jugador nacido en <strong>Tudela <\/strong>(Navarra) y de <strong>ascendencia nigeriana<\/strong>.  <\/p>\n<p>Ganas de revancha en Espa\u00f1a<\/p>\n<p>Apenas se han disputado 5 partidos entre &#8216;la Familia&#8217; y Georgia pero el m\u00e1s reciente es precisamente el que escuece especialmente al baloncesto espa\u00f1ol. La <a href=\"https:\/\/www.rtve.es\/deportes\/20250828\/georgia-espana-eurobasket-directo-resumen-resultado\/16706208.shtml\" rel=\"nofollow noopener\" target=\"_blank\">derrota ante los cauc\u00e1sicos (83-69)<\/a> en el encuentro inaugural del <strong>Eurobasket 2025 <\/strong>fue la que a la postre dejo fuera del torneo al combinado nacional. De aquel partido de agosto tan solo est\u00e1 el alero <strong>Santi Yusta<\/strong> en esta convocatoria de ventanas FIBA.    <\/p>\n<p>Despu\u00e9s de llegar a cuartos tras sorprender tambi\u00e9n a <strong>Francia<\/strong>, los georgianos llegan al partido de La Laguna con la vitola de ser una de las selecciones m\u00e1s inc\u00f3modas de <strong>Europa<\/strong>, con un bloque muy f\u00edsico. El faro del equipo sigue siendo <strong>Tornike \u201cToko\u201d Shengelia. <\/strong>El ala-p\u00edvot del <strong>Bar\u00e7a <\/strong>viene de jugar dos partidos seguidos en 24 horas al estar presente en el <strong>Palau <\/strong>en el choque ante el <strong>ASVEL Villeurbanne<\/strong> y en la derrota georgiana en <strong>Tiflis <\/strong>frente a <strong>Ucrania<\/strong>.   <\/p>\n<p>El otro gran referente de Georgia es el p\u00edvot <strong>Giorgi \u201cGio\u201d Shermadini. <\/strong>A sus 36 a\u00f1os ha decidido que disputar\u00e1 sus \u00faltimos minutos con la selecci\u00f3n en este partido. No ha podido elegir mejor escenario para despedirse: Shermadini se ha convertido en un mito local en el Santiago Mart\u00edn mientras afronta su s\u00e9ptima temporada defendiendo los colores de La Laguna Tenerife.  <\/p>\n<p>Ambos ser\u00e1n las principales amenazas para Espa\u00f1a en un partido m\u00e1s relevante de lo que pueda parecer sobre el papel. <strong>Los resultados de esta primera fase se arrastran a la segunda<\/strong>, que es donde se decidir\u00e1n los billetes para Catar 2027. Ah\u00ed reside la importancia de este partido contra Georgia, que se erige como el <strong>primer examen de nivel <\/strong>para la Espa\u00f1a de Chus Mateo. <\/p>\n","protected":false},"excerpt":{"rendered":"Espa\u00f1a recibe este domingo en el Pabell\u00f3n Santiago Mart\u00edn de San Crist\u00f3bal de La Laguna (a las 19.45&hellip;\n","protected":false},"author":2,"featured_media":263641,"comment_status":"","ping_status":"","sticky":false,"template":"","format":"standard","meta":{"footnotes":""},"categories":[269],"tags":[299,298,168,25,24,23,167],"class_list":{"0":"post-263640","1":"post","2":"type-post","3":"status-publish","4":"format-standard","5":"has-post-thumbnail","7":"category-baloncesto","8":"tag-baloncesto","9":"tag-basketball","10":"tag-deportes","11":"tag-es","12":"tag-espana","13":"tag-spain","14":"tag-sports"},"share_on_mastodon":{"url":"https:\/\/pubeurope.com\/@es\/115638715400675543","error":""},"_links":{"self":[{"href":"https:\/\/www.europesays.com\/es\/wp-json\/wp\/v2\/posts\/263640","targetHints":{"allow":["GET"]}}],"collection":[{"href":"https:\/\/www.europesays.com\/es\/wp-json\/wp\/v2\/posts"}],"about":[{"href":"https:\/\/www.europesays.com\/es\/wp-json\/wp\/v2\/types\/post"}],"author":[{"embeddable":true,"href":"https:\/\/www.europesays.com\/es\/wp-json\/wp\/v2\/users\/2"}],"replies":[{"embeddable":true,"href":"https:\/\/www.europesays.com\/es\/wp-json\/wp\/v2\/comments?post=263640"}],"version-history":[{"count":0,"href":"https:\/\/www.europesays.com\/es\/wp-json\/wp\/v2\/posts\/263640\/revisions"}],"wp:featuredmedia":[{"embeddable":true,"href":"https:\/\/www.europesays.com\/es\/wp-json\/wp\/v2\/media\/263641"}],"wp:attachment":[{"href":"https:\/\/www.europesays.com\/es\/wp-json\/wp\/v2\/media?parent=263640"}],"wp:term":[{"taxonomy":"category","embeddable":true,"href":"https:\/\/www.europesays.com\/es\/wp-json\/wp\/v2\/categories?post=263640"},{"taxonomy":"post_tag","embeddable":true,"href":"https:\/\/www.europesays.com\/es\/wp-json\/wp\/v2\/tags?post=263640"}],"curies":[{"name":"wp","href":"https:\/\/api.w.org\/{rel}","templated":true}]}}