{"id":263646,"date":"2025-11-30T12:47:09","date_gmt":"2025-11-30T12:47:09","guid":{"rendered":"https:\/\/www.europesays.com\/es\/263646\/"},"modified":"2025-11-30T12:47:09","modified_gmt":"2025-11-30T12:47:09","slug":"el-balcon-de-gaudi-cumple-un-siglo","status":"publish","type":"post","link":"https:\/\/www.europesays.com\/es\/263646\/","title":{"rendered":"El balc\u00f3n de Gaud\u00ed cumple un siglo"},"content":{"rendered":"<p>\n    30.11.2025<\/p>\n<p>    |             <a class=\"url fn\" href=\"https:\/\/www.religiondigital.org\/jesus_bastante\/\" rel=\"nofollow noopener\" target=\"_blank\">Jes\u00fas Bastante<\/a><br \/>\n            * autor de \u2018El aprendiz de Gaud\u00ed\u2019 (La Esfera de los Libros)\n<\/p>\n<p class=\"mce\">(<a href=\"https:\/\/www.catalunyacristiana.cat\/el-balco-de-gaudi-compleix-un-segle\" class=\"mce\" rel=\"nofollow noopener\" target=\"_blank\">Publicado en Catalunya Cristiana<\/a>).-\u00a0Lleva un siglo contemplando la ciudad. Inamovible, convertida en un s\u00edmbolo de la tenacidad. La demostraci\u00f3n de que la obra inacabada pod\u00eda finalizarse. Pronto, podremos confirmar esta verdad en piedra en mitad del Eixample barcelon\u00e9s. Desde sus 88 metros de altura, su roca de la cantera de Montjuic, sus 225 escalones, su balc\u00f3n desde el que hasta hace tres d\u00e9cadas pod\u00eda contemplarse el mar.<\/p>\n<p>Creemos. Crecemos. Contigo<\/p>\n<p class=\"mce\">Cuentan las cr\u00f3nicas de la \u00e9poca que el genial <strong class=\"mce\">Antoni Gaud\u00ed sol\u00eda caminar algunas tardes, tras su tradicional rezo en el oratorio de San Felipe Neri, hasta alcanzar la playa. Desde all\u00ed, contemplaba la torre de San Bernab\u00e9.<\/strong> La m\u00e1s cercana al mar. La custodia de los primeros secretos de la inabarcable fachada del Nacimiento, que se presentaba, casi fantasmag\u00f3rica, en mitad de solares deshabitados, cabreros pastoreando sus reba\u00f1os o el primer campo de f\u00fatbol de nuestro pa\u00eds.<\/p>\n<p>    <img loading=\"lazy\" decoding=\"async\" class=\"photo gal\" data-orig=\"https:\/\/www.religiondigital.org\/2025\/11\/29\/cultura\/Futbol-pies-Sagrada-Familia_2838926085_18038908_667x631.jpg\" data-orig-dim=\"667x631\" src=\"https:\/\/www.religiondigital.org\/2025\/11\/29\/cultura\/Futbol-pies-Sagrada-Familia_2838926085_18038908_667x631.jpg\" bad-src=\"data:image\/gif;base64,R0lGODlhAQABAIAAAAAAAP\/\/\/yH5BAEAAAAALAAAAAABAAEAAAIBRAA7\" width=\"667\" height=\"631\" alt=\"F\u00fatbol a los pies de la Sagrada Familia\"\/><\/p>\n<p class=\"mce\">San Bernab\u00e9, <strong class=\"mce\">el primero de los 18 campanarios sin campana proyectados para la magn\u00edfica Sagrada Familia cumple este 30 de noviembre cien a\u00f1os de su culminaci\u00f3n<\/strong>. Fue la \u00fanica torre que el \u2018arquitecto de Dios\u2019 vio finalizada antes de su fallecimiento, acaecido medio a\u00f1o despu\u00e9s, el 10 de junio de 1926.<\/p>\n<p class=\"mce\">Descubrir, hoy, la torre de San Bernab\u00e9 es asomarse al universo m\u00e1s \u00edntimo de Gaud\u00ed, a las entra\u00f1as de su alma. Supone conocer al genio, al visionario, al artista que se adelant\u00f3 m\u00e1s de un siglo a la historia. Tambi\u00e9n, al te\u00f3logo que dise\u00f1\u00f3 una estructura casi et\u00e9rea, sin una sola l\u00ednea recta, para mayor gloria de Dios, y que pobl\u00f3 la fachada del Nacimiento de animales, plantas, alimentos, personajes b\u00edblicos sacados de los rostros de obreros, soldados y gentes del barrio. Pero, adem\u00e1s, su mirada nos muestra al arquitecto, al matem\u00e1tico, al hombre que parec\u00eda tenerlo todo previsto. Incluso, hacer de su primera torre una maqueta, a tama\u00f1o real, del resto de la construcci\u00f3n.<\/p>\n<p>    <img loading=\"lazy\" decoding=\"async\" class=\"photo gal\" data-orig=\"https:\/\/www.religiondigital.org\/2025\/11\/29\/arte\/torre-San-Bernabe-Sagrada-Familia_2838926083_18038807_667x375.jpg\" data-orig-dim=\"667x375\" src=\"https:\/\/www.religiondigital.org\/2025\/11\/29\/arte\/torre-San-Bernabe-Sagrada-Familia_2838926083_18038807_667x375.jpg\" bad-src=\"data:image\/gif;base64,R0lGODlhAQABAIAAAAAAAP\/\/\/yH5BAEAAAAALAAAAAABAAEAAAIBRAA7\" width=\"667\" height=\"375\" alt=\"La torre de San Bernab\u00e9, en la Sagrada Familia\"\/><\/p>\n<p class=\"mce\">Porque <strong class=\"mce\">Gaud\u00ed quiso que la torre de San Bernab\u00e9 fuera un plano en piedra,<\/strong> un espejo de los dem\u00e1s pin\u00e1culos (hasta 18, el \u00faltimo de ellos, la torre de Jes\u00fas, se dar\u00e1 por finalizada el 10 de junio de 2026, centenario tambi\u00e9n, en esta ocasi\u00f3n, de la muerte del genio de Reus). Una profec\u00eda, una m\u00e1s, del genial constructor: cuando las llamas asolaron la Sagrada Familia, y todas las maquetas, y los planos originales, se perdieron, muchos vieron en aquella torre, que se mantuvo inc\u00f3lume al fuego, la se\u00f1al de que su obra ser\u00eda eterna. El tiempo, y la impagable labor de los continuadores del sue\u00f1o del arquitecto, acabaron por darle la raz\u00f3n.<\/p>\n<blockquote class=\"mce-pullquote\">\n<p>Descubrir, hoy, la torre de San Bernab\u00e9 es asomarse al universo m\u00e1s \u00edntimo de Gaud\u00ed, a las entra\u00f1as de su alma. Supone conocer al genio, al visionario, al artista que se adelant\u00f3 m\u00e1s de un siglo a la historia. Tambi\u00e9n, al te\u00f3logo que dise\u00f1\u00f3 una estructura casi et\u00e9rea, sin una sola l\u00ednea recta, para mayor gloria de Dios, y que pobl\u00f3 la fachada del Nacimiento de animales, plantas, alimentos, personajes b\u00edblicos sacados de los rostros de obreros, soldados y gentes del barrio<\/p>\n<\/blockquote>\n<p class=\"mce\">No siempre fue as\u00ed: durante d\u00e9cadas, cuando la ciudad no hab\u00eda terminado de descubrir \u2018su\u2019 Sagrada Familia, la torre de San Bernab\u00e9 permaneci\u00f3 olvidada por muchos, pr\u00e1cticamente dejada de la mano de Dios. Desconocida, como <strong class=\"mce\">el propio Bernab\u00e9, que no form\u00f3 parte de los Doce elegidos por Jes\u00fas, pero s\u00ed es reconocido como uno de sus ap\u00f3stoles por los padres de la Iglesia<\/strong>. Y es que Bernab\u00e9, que s\u00ed camin\u00f3 junto al Maestro, en silencio, sin hacerse notar, abri\u00f3 la puerta de la comunidad cristiana a Saulo, el futuro san Pablo. Y, tambi\u00e9n, de alg\u00fan modo, la torre de San Bernab\u00e9 abri\u00f3 el camino al resto.<\/p>\n<p>    <img loading=\"lazy\" decoding=\"async\" class=\"photo gal\" data-orig=\"https:\/\/www.religiondigital.org\/2025\/11\/29\/cultura\/Balcon-torre-San-Bernabe_2838926086_18038947_667x739.jpg\" data-orig-dim=\"667x739\" src=\"https:\/\/www.religiondigital.org\/2025\/11\/29\/cultura\/Balcon-torre-San-Bernabe_2838926086_18038947_667x739.jpg\" bad-src=\"data:image\/gif;base64,R0lGODlhAQABAIAAAAAAAP\/\/\/yH5BAEAAAAALAAAAAABAAEAAAIBRAA7\" width=\"667\" height=\"739\" alt=\"Balc\u00f3n de la torre de San Bernab\u00e9\"\/><\/p>\n<p class=\"mce\">Desde el balc\u00f3n de la torre, a mitad de camino entre la base y el cielo -coronada con una inmensa cruz y la letra del ap\u00f3stol, en ese trencad\u00eds que se ha hecho universal, replicado por todo el mundo- cuando a\u00fan se pod\u00eda contemplar el mar y Barcelona no hab\u00eda cumplido el sue\u00f1o ol\u00edmpico, muchos hicieron de San Bernab\u00e9 su \u2018casa del \u00e1rbol\u2019. <strong class=\"mce\">En las obras de la Sagrada Familia (tambi\u00e9n en el park G\u00fcell) jugaron muchos ni\u00f1os del barrio, haciendo presencia real la intenci\u00f3n de Gaud\u00ed de hacer del templo expiatorio un lugar abierto a todos<\/strong>. El \u2018sumsum corda\u2019 que puede leerse junto a la ic\u00f3nica terraza es un recordatorio para levantar el coraz\u00f3n, mirar a la ciudad, y dejarse mirar por ella, y por sus ojos, los de los pobres, los del pueblo que adora y se enaltece con la belleza. Y desde all\u00ed, a Dios, sin cuya inspiraci\u00f3n hoy no estar\u00edamos hablando de este inabarcable templo expiatorio.<\/p>\n<p class=\"mce\">San Bernab\u00e9, la primera de las torres, con sus saeteras y sus escalones en forma de caracol, con su vocaci\u00f3n para convertirse en un inmenso altavoz de la m\u00fasica que vendr\u00eda del interior, y del murmullo procedente del interior, en ese intenso baile entre la fe y el pueblo. Entre lo posible y lo so\u00f1ado. Entre el suelo, el mar, la monta\u00f1a y el cielo. Para mayor gloria de Dios\u2026 y de los hombres.<\/p>\n<p>    <img loading=\"lazy\" decoding=\"async\" class=\"photo gal\" data-orig=\"https:\/\/www.religiondigital.org\/2025\/05\/19\/libros\/aprendiz-Gaudi_2780731946_17737790_667x375.png\" data-orig-dim=\"667x375\" src=\"https:\/\/www.religiondigital.org\/2025\/05\/19\/libros\/aprendiz-Gaudi_2780731946_17737790_667x375.png\" bad-src=\"data:image\/gif;base64,R0lGODlhAQABAIAAAAAAAP\/\/\/yH5BAEAAAAALAAAAAABAAEAAAIBRAA7\" width=\"667\" height=\"375\" alt=\"El aprendiz de Gaud\u00ed\"\/><\/p>\n<p class=\"mce\"><strong class=\"mce\">Antoni Gaud\u00ed trabaj\u00f3 durante media vida sabiendo que jam\u00e1s ver\u00eda terminada su obra maestra,<\/strong> pero so\u00f1ando en que ese momento llegar\u00eda en alguna ocasi\u00f3n. Siglo y medio despu\u00e9s, ese instante est\u00e1 a punto de llegar. Cabe imaginar la felicidad que debi\u00f3 sentir el arquitecto de Dios el 30 de noviembre de 1925 al mirar hacia el cielo y descubrir, refulgiendo a pleno sol, el mosaico de la cruz y la \u2018B\u2019 may\u00fascula del ap\u00f3stol en direcci\u00f3n al Mediterr\u00e1neo. \u2018Quin goig\u2019, cuentan que susurr\u00f3 al contemplarla. \u2018\u00a1Qu\u00e9 gozada!\u2019 no dejan de repetir quienes hoy admiran el templo desde dentro, y desde fuera.\u00a0 Miles, cada d\u00eda.<\/p>\n<p class=\"mce\">Antes de fallecer, el genio de Reus pudo ver, con sus propios ojos, el efecto de su obra para el futuro. Cien a\u00f1os despu\u00e9s, con el resto de campanarios alzados hacia el cielo, raspando la \u2018monta\u00f1a de Dios\u2019 (la Sagrada Familia ya es la iglesia m\u00e1s alta del mundo, pero cuando finalicen las obras continuar\u00e1 por debajo, apenas metro y medio por debajo de Montjuic, pues ni siquiera Gaud\u00ed pod\u00eda superar al mismo Creador), <strong class=\"mce\">el \u2018arquitecto de Dios\u2019 contempla su obra como venerable, en una de las \u00faltimas decisiones tomadas por el a\u00f1orado Papa Francisco antes de fallecer<\/strong>. Tal vez, muy pronto, Le\u00f3n XIV podr\u00e1 a\u00f1adir un pelda\u00f1o m\u00e1s en su camino hacia los altares. \u00bfCon visita del Papa Prevost incluida? Veremos. So\u00f1emos. Gaud\u00ed lo hizo.<\/p>\n","protected":false},"excerpt":{"rendered":"30.11.2025 | Jes\u00fas Bastante * autor de \u2018El aprendiz de Gaud\u00ed\u2019 (La Esfera de los Libros) (Publicado en&hellip;\n","protected":false},"author":2,"featured_media":263647,"comment_status":"","ping_status":"","sticky":false,"template":"","format":"standard","meta":{"footnotes":""},"categories":[173],"tags":[229,233,231,230,33870,56868,7677,232,234,146,147,25,24,367,31791,13372,2228,9218,23],"class_list":{"0":"post-263646","1":"post","2":"type-post","3":"status-publish","4":"format-standard","5":"has-post-thumbnail","7":"category-arte-y-diseno","8":"tag-arte","9":"tag-arte-y-diseno","10":"tag-arts","11":"tag-arts-and-design","12":"tag-balcon","13":"tag-bernabe","14":"tag-cumple","15":"tag-design","16":"tag-diseno","17":"tag-entertainment","18":"tag-entretenimiento","19":"tag-es","20":"tag-espana","21":"tag-familia","22":"tag-gaudi","23":"tag-sagrada","24":"tag-san","25":"tag-siglo","26":"tag-spain"},"share_on_mastodon":{"url":"https:\/\/pubeurope.com\/@es\/115638727354590821","error":""},"_links":{"self":[{"href":"https:\/\/www.europesays.com\/es\/wp-json\/wp\/v2\/posts\/263646","targetHints":{"allow":["GET"]}}],"collection":[{"href":"https:\/\/www.europesays.com\/es\/wp-json\/wp\/v2\/posts"}],"about":[{"href":"https:\/\/www.europesays.com\/es\/wp-json\/wp\/v2\/types\/post"}],"author":[{"embeddable":true,"href":"https:\/\/www.europesays.com\/es\/wp-json\/wp\/v2\/users\/2"}],"replies":[{"embeddable":true,"href":"https:\/\/www.europesays.com\/es\/wp-json\/wp\/v2\/comments?post=263646"}],"version-history":[{"count":0,"href":"https:\/\/www.europesays.com\/es\/wp-json\/wp\/v2\/posts\/263646\/revisions"}],"wp:featuredmedia":[{"embeddable":true,"href":"https:\/\/www.europesays.com\/es\/wp-json\/wp\/v2\/media\/263647"}],"wp:attachment":[{"href":"https:\/\/www.europesays.com\/es\/wp-json\/wp\/v2\/media?parent=263646"}],"wp:term":[{"taxonomy":"category","embeddable":true,"href":"https:\/\/www.europesays.com\/es\/wp-json\/wp\/v2\/categories?post=263646"},{"taxonomy":"post_tag","embeddable":true,"href":"https:\/\/www.europesays.com\/es\/wp-json\/wp\/v2\/tags?post=263646"}],"curies":[{"name":"wp","href":"https:\/\/api.w.org\/{rel}","templated":true}]}}