{"id":263648,"date":"2025-11-30T12:49:10","date_gmt":"2025-11-30T12:49:10","guid":{"rendered":"https:\/\/www.europesays.com\/es\/263648\/"},"modified":"2025-11-30T12:49:10","modified_gmt":"2025-11-30T12:49:10","slug":"valle-salvaje-avance-semanal-del-1-de-diciembre-cap-307-a-310","status":"publish","type":"post","link":"https:\/\/www.europesays.com\/es\/263648\/","title":{"rendered":"Valle Salvaje | Avance semanal del 1 de diciembre (cap. 307 a 310)"},"content":{"rendered":"<p>\u00bfLa visita de Evarist\u00edn a la c\u00e1rcel habr\u00e1 ayudado a Luisa a sentirse mejor? Adriana y Alejo trabajan incansablemente para sacarla de la c\u00e1rcel, aunque la oferta del duque para ayudarla no es muy prometedora. Por su parte, Matilde y Atanasio por fin visualizan un futuro de felicidad juntos, mientras Irene planea su posible futuro con Leonardo. Te contamos lo que pasar\u00e1 esta semana en Valle Salvaje.<\/p>\n<p><strong>Cap\u00edtulo 307 del lunes 1 de diciembre<\/strong> <\/p>\n<p style=\"text-align:justify;\">D\u00e1maso teme que los jornaleros abandonen el trabajo por la lejan\u00eda de las tierras y Mercedes da con la soluci\u00f3n. Alejo, muy preocupado por Luisa, se presenta en la c\u00e1rcel con la intenci\u00f3n de verla, pero una vez all\u00ed, se desata la tragedia. <\/p>\n<p><strong>Cap\u00edtulo 308 del martes 2 de diciembre<\/strong> <\/p>\n<p style=\"text-align:justify;\">Tras volver a sentirse humillada por Leonardo, Irene busca el consuelo de B\u00e1rbara, pero \u00bfpodr\u00e1 la Salcedo estar para su amiga cuando ella misma tiene el coraz\u00f3n roto? En cuanto a Alejo, su \u00faltima e impactante visita a Luisa le empuja a tomar una decisi\u00f3n respecto al trato que le ofreci\u00f3 su padre. <\/p>\n<p><strong>Cap\u00edtulo 309 del mi\u00e9rcoles 3 de diciembre<\/strong> <\/p>\n<p style=\"text-align:justify;\">Atanasio y Matilde est\u00e1n muy cerca de cumplir su sue\u00f1o, lo que aumenta el miedo de Matilde ante las posibles consecuencias frente a Victoria. Esta, removida por las acusaciones de D\u00e1maso, le exige al duque que se sincere sobre lo que piensa hacer si D\u00e1maso hace p\u00fablico el esc\u00e1ndalo. <\/p>\n<p><strong>Cap\u00edtulo 310 del jueves 4 de diciembre<\/strong> <\/p>\n<p style=\"text-align:justify;\">Irene le pide a Leonardo que, al casarse, se marchen lejos del Valle. En cuanto al duque, finalmente da respuesta a Victoria sobre qu\u00e9 elegir\u00eda: si el ascenso social de su familia o ella. Y en la c\u00e1rcel, Luisa le cuenta a Adriana que el juez fue a verla. \u00bfQu\u00e9 le habr\u00e1 dicho? <\/p>\n","protected":false},"excerpt":{"rendered":"\u00bfLa visita de Evarist\u00edn a la c\u00e1rcel habr\u00e1 ayudado a Luisa a sentirse mejor? Adriana y Alejo trabajan&hellip;\n","protected":false},"author":2,"featured_media":263649,"comment_status":"","ping_status":"","sticky":false,"template":"","format":"standard","meta":{"footnotes":""},"categories":[171],"tags":[146,147,25,24,23,214],"class_list":{"0":"post-263648","1":"post","2":"type-post","3":"status-publish","4":"format-standard","5":"has-post-thumbnail","7":"category-tv","8":"tag-entertainment","9":"tag-entretenimiento","10":"tag-es","11":"tag-espana","12":"tag-spain","13":"tag-tv"},"share_on_mastodon":{"url":"https:\/\/pubeurope.com\/@es\/115638734851313620","error":""},"_links":{"self":[{"href":"https:\/\/www.europesays.com\/es\/wp-json\/wp\/v2\/posts\/263648","targetHints":{"allow":["GET"]}}],"collection":[{"href":"https:\/\/www.europesays.com\/es\/wp-json\/wp\/v2\/posts"}],"about":[{"href":"https:\/\/www.europesays.com\/es\/wp-json\/wp\/v2\/types\/post"}],"author":[{"embeddable":true,"href":"https:\/\/www.europesays.com\/es\/wp-json\/wp\/v2\/users\/2"}],"replies":[{"embeddable":true,"href":"https:\/\/www.europesays.com\/es\/wp-json\/wp\/v2\/comments?post=263648"}],"version-history":[{"count":0,"href":"https:\/\/www.europesays.com\/es\/wp-json\/wp\/v2\/posts\/263648\/revisions"}],"wp:featuredmedia":[{"embeddable":true,"href":"https:\/\/www.europesays.com\/es\/wp-json\/wp\/v2\/media\/263649"}],"wp:attachment":[{"href":"https:\/\/www.europesays.com\/es\/wp-json\/wp\/v2\/media?parent=263648"}],"wp:term":[{"taxonomy":"category","embeddable":true,"href":"https:\/\/www.europesays.com\/es\/wp-json\/wp\/v2\/categories?post=263648"},{"taxonomy":"post_tag","embeddable":true,"href":"https:\/\/www.europesays.com\/es\/wp-json\/wp\/v2\/tags?post=263648"}],"curies":[{"name":"wp","href":"https:\/\/api.w.org\/{rel}","templated":true}]}}