{"id":263650,"date":"2025-11-30T12:51:21","date_gmt":"2025-11-30T12:51:21","guid":{"rendered":"https:\/\/www.europesays.com\/es\/263650\/"},"modified":"2025-11-30T12:51:21","modified_gmt":"2025-11-30T12:51:21","slug":"de-avatar-3-a-un-campeon-de-ping-pong-los-estrenos-mas-esperados-en-streaming-y-cines-este-invierno","status":"publish","type":"post","link":"https:\/\/www.europesays.com\/es\/263650\/","title":{"rendered":"De \u00abAvatar 3\u00bb a un campe\u00f3n de ping-pong: los estrenos m\u00e1s esperados en streaming y cines este invierno"},"content":{"rendered":"<p>      CNN<br \/>\n        \u00a0\u2014\u00a0<\/p>\n<p class=\"paragraph inline-placeholder vossi-paragraph\" data-uri=\"es.cms.cnn.com\/_components\/paragraph\/instances\/cmil99klw00de26p7dzandf4m@published\" data-editable=\"text\" data-component-name=\"paragraph\" data-article-gutter=\"true\">\n            Gente, lo logramos. El fin de a\u00f1o est\u00e1 cerca.\n    <\/p>\n<p class=\"paragraph inline-placeholder vossi-paragraph\" data-uri=\"es.cms.cnn.com\/_components\/paragraph\/instances\/cmil99pov0000356n8z5gvfej@published\" data-editable=\"text\" data-component-name=\"paragraph\" data-article-gutter=\"true\">\n            Como cada a\u00f1o, nuestros cines y televisores inteligentes se llenar\u00e1n de una mezcla a veces alegre de <a href=\"https:\/\/cnnespanol.cnn.com\/2025\/10\/24\/entretenimiento\/favoritos-nominaciones-premios-oscar-2026-trax\" rel=\"nofollow noopener\" target=\"_blank\">aspirantes a premios prestigiosos<\/a>, comedias tontas pero festivas, grandes \u00e9xitos de taquilla y algunas sorpresas inesperadas.\n    <\/p>\n<p class=\"paragraph inline-placeholder vossi-paragraph\" data-uri=\"es.cms.cnn.com\/_components\/paragraph\/instances\/cmil9v7tb0009356n1cgcm8k3@published\" data-editable=\"text\" data-component-name=\"paragraph\" data-article-gutter=\"true\">\n            Algunos t\u00edtulos apropiados para la temporada ya est\u00e1n disponibles y circulando, como \u201cA Very Jonas Christmas Movie\u201d de los Jonas Brothers en Disney+\/Hulu y \u201c<a href=\"https:\/\/mashable.com\/video\/a-merry-little-ex-mas-trailer\" target=\"_blank\" rel=\"nofollow noopener\">A Merry Little Ex-Mas<\/a>\u201d, protagonizada por las estrellas de los a\u00f1os 90 Alicia Silverstone y Melissa Joan Hart en Netflix. Un nuevo misterio de \u201cKnives Out\u201d y la comedia rom\u00e1ntica\/atraco \u201cJingle Bell Heist\u201d tambi\u00e9n llegan a la plataforma estos d\u00edas.\n    <\/p>\n<p class=\"paragraph inline-placeholder vossi-paragraph\" data-uri=\"es.cms.cnn.com\/_components\/paragraph\/instances\/cmil9vbin000b356n85hunllb@published\" data-editable=\"text\" data-component-name=\"paragraph\" data-article-gutter=\"true\">\n            Algunos estrenos cinematogr\u00e1ficos destacados completan la oferta de este fin de semana de Acci\u00f3n de Gracias, incluyendo el drama conmovedor y candidato a premios \u201cHamnet\u201d y la aventura familiar \u201c<a href=\"https:\/\/cnnespanol.cnn.com\/2025\/07\/31\/entretenimiento\/video\/zootopia-trailer-pelicula-disney-entretenimiento-showbiz-cnne\" rel=\"nofollow noopener\" target=\"_blank\">Zootopia 2<\/a>\u201d.\n    <\/p>\n<p class=\"paragraph inline-placeholder vossi-paragraph\" data-uri=\"es.cms.cnn.com\/_components\/paragraph\/instances\/cmil9vf6b000d356nf5318d2v@published\" data-editable=\"text\" data-component-name=\"paragraph\" data-article-gutter=\"true\">\n            A continuaci\u00f3n, un adelanto de algunos de los otros pr\u00f3ximos t\u00edtulos ecl\u00e9cticos.\n    <\/p>\n<p class=\"paragraph inline-placeholder vossi-paragraph\" data-uri=\"es.cms.cnn.com\/_components\/paragraph\/instances\/cmil9ujm50007356nvdypzv66@published\" data-editable=\"text\" data-component-name=\"paragraph\" data-article-gutter=\"true\">\n            <strong>\u201cMerchants of Joy\u201d (1 de diciembre en Prime Video)<\/strong>\n    <\/p>\n<p>       <img decoding=\"async\" src=\"https:\/\/www.europesays.com\/es\/wp-content\/uploads\/2025\/11\/merchants-of-joy.jpg\" alt=\"Greg Walsh en \" merchants=\"\" of=\"\" joy=\"\" class=\"image__dam-img image__dam-img--loading\" onload=\"this.classList.remove('image__dam-img--loading')\" onerror=\"imageLoadError(this)\" height=\"1688\" width=\"3000\" loading=\"lazy\"\/><\/p>\n<p class=\"paragraph inline-placeholder vossi-paragraph\" data-uri=\"es.cms.cnn.com\/_components\/paragraph\/instances\/cmila0f1t000o356nn0gd3wet@published\" data-editable=\"text\" data-component-name=\"paragraph\" data-article-gutter=\"true\">\n            Para quienes disfrutan de contenido educativo junto con su alegr\u00eda, est\u00e1 este documental sobre los vendedores de \u00e1rboles de Navidad y sus familias en la ciudad de Nueva York, donde todos saben que la temporada navide\u00f1a no comienza realmente hasta que estos comerciantes y su fragante mercanc\u00eda aparecen.\n    <\/p>\n<p class=\"paragraph inline-placeholder vossi-paragraph\" data-uri=\"es.cms.cnn.com\/_components\/paragraph\/instances\/cmiladw3d0015356njehx5ld0@published\" data-editable=\"text\" data-component-name=\"paragraph\" data-article-gutter=\"true\">\n            <strong>\u201cOh. What. Fun.\u201d (3 de diciembre en Prime Video)<\/strong>\n    <\/p>\n<p>       <img decoding=\"async\" src=\"https:\/\/www.europesays.com\/es\/wp-content\/uploads\/2025\/11\/oh-what-fun.jpg\" alt=\"El elenco estelar de \" oh.what.fun=\"\" con=\"\" michelle=\"\" pfeiffer=\"\" como=\"\" protagonista.=\"\" class=\"image_expandable__dam-img image_expandable__dam-img--loading\" onload=\"this.classList.remove('image_expandable__dam-img--loading')\" onerror=\"imageLoadError(this)\" height=\"730\" width=\"1296\" loading=\"lazy\"\/><\/p>\n<p class=\"paragraph inline-placeholder vossi-paragraph\" data-uri=\"es.cms.cnn.com\/_components\/paragraph\/instances\/cmiladoff0013356n3tytmsf3@published\" data-editable=\"text\" data-component-name=\"paragraph\" data-article-gutter=\"true\">\n            Michelle Pfeiffer encabeza un elenco estelar como una madre sobrecargada de trabajo pero muy poco valorada, a quien su familia deja atr\u00e1s camino a un evento navide\u00f1o. Sin embargo, esto no es \u201cHome Alone\u201d (\u201cMi pobre angelito\u201d). Los avances parecen indicar que ella se sube a su auto, se va y encuentra algo que hab\u00eda perdido hace mucho tiempo: a s\u00ed misma.\n    <\/p>\n<p class=\"paragraph inline-placeholder vossi-paragraph\" data-uri=\"es.cms.cnn.com\/_components\/paragraph\/instances\/cmilaoiz3001c356nvtq6yzw2@published\" data-editable=\"text\" data-component-name=\"paragraph\" data-article-gutter=\"true\">\n            <strong>\u201cMy Secret Santa\u201d (3 de diciembre en Netflix)<\/strong>\n    <\/p>\n<p>       <img decoding=\"async\" src=\"https:\/\/www.europesays.com\/es\/wp-content\/uploads\/2025\/11\/my-secret-santa.jpg\" alt=\"\" my=\"\" secret=\"\" santa=\"\" class=\"image_expandable__dam-img image_expandable__dam-img--loading\" onload=\"this.classList.remove('image_expandable__dam-img--loading')\" onerror=\"imageLoadError(this)\" height=\"675\" width=\"1200\" loading=\"lazy\"\/><\/p>\n<p class=\"paragraph inline-placeholder vossi-paragraph\" data-uri=\"es.cms.cnn.com\/_components\/paragraph\/instances\/cmilaody5001a356nqujrhc0v@published\" data-editable=\"text\" data-component-name=\"paragraph\" data-article-gutter=\"true\">\n            Esta versi\u00f3n inversa de \u201cMrs. Doubtfire\u201d est\u00e1 protagonizada por Alexandra Breckenridge (\u201cThis Is Us\u201d) como una madre soltera que logra enga\u00f1ar a todos y disfrazarse de Pap\u00e1 Noel.\n    <\/p>\n<p class=\"paragraph inline-placeholder vossi-paragraph\" data-uri=\"es.cms.cnn.com\/_components\/paragraph\/instances\/cmilaq4w4001h356nuz9z62yk@published\" data-editable=\"text\" data-component-name=\"paragraph\" data-article-gutter=\"true\">\n            <strong>\u201cThe First Snow of Fraggle Rock\u201d (el 5 de diciembre en Apple TV+)<\/strong>\n    <\/p>\n<p>       <img decoding=\"async\" src=\"https:\/\/www.europesays.com\/es\/wp-content\/uploads\/2025\/11\/the-first-snow-of-fraggle-rock-20251128111907299.jpg\" alt=\"Gobo en \" the=\"\" first=\"\" snow=\"\" of=\"\" fraggle=\"\" rock=\"\" class=\"image__dam-img image__dam-img--loading\" onload=\"this.classList.remove('image__dam-img--loading')\" onerror=\"imageLoadError(this)\" height=\"1104\" width=\"1960\" loading=\"lazy\"\/><\/p>\n<p class=\"paragraph inline-placeholder vossi-paragraph\" data-uri=\"es.cms.cnn.com\/_components\/paragraph\/instances\/cmilaq94u001k356n8wtn92d9@published\" data-editable=\"text\" data-component-name=\"paragraph\" data-article-gutter=\"true\">\n            Dale a los ni\u00f1os un poco m\u00e1s de tiempo frente a la pantalla con esta entrega festiva de las criaturas tipo muppet de Jim Henson que aparecieron por primera vez en 1983. El especial navide\u00f1o incluye una aparici\u00f3n especial de la venezolana Lele Pons y algunos alegres n\u00fameros musicales de temporada.\n    <\/p>\n<p class=\"paragraph inline-placeholder vossi-paragraph\" data-uri=\"es.cms.cnn.com\/_components\/paragraph\/instances\/cmilasbdt001r356ny87x9mt0@published\" data-editable=\"text\" data-component-name=\"paragraph\" data-article-gutter=\"true\">\n            <strong>\u201cThe Family McMullen\u201d (5 de diciembre en HBO Max)<\/strong>\n    <\/p>\n<p>       <img decoding=\"async\" src=\"https:\/\/www.europesays.com\/es\/wp-content\/uploads\/2025\/11\/the-family-mcmullen-2025.jpg\" alt=\"Elenco de \" the=\"\" family=\"\" mcmullen=\"\" class=\"image_expandable__dam-img image_expandable__dam-img--loading\" onload=\"this.classList.remove('image_expandable__dam-img--loading')\" onerror=\"imageLoadError(this)\" height=\"675\" width=\"1200\" loading=\"lazy\"\/><\/p>\n<p class=\"paragraph inline-placeholder vossi-paragraph\" data-uri=\"es.cms.cnn.com\/_components\/paragraph\/instances\/cmilas6d5001p356nlld2ly81@published\" data-editable=\"text\" data-component-name=\"paragraph\" data-article-gutter=\"true\">\n            Treinta a\u00f1os despu\u00e9s de su debut con \u201cThe Brothers McMullen\u201d, el actor, guionista y director Edward Burns regresa a la familia McMullen con esta secuela ambientada en las fiestas, protagonizada por Tracee Ellis Ross, Connie Britton y Brian d\u2019Arcy James. (HBO Max es propiedad de Warner Bros. Discovery, la empresa matriz de CNN).\n    <\/p>\n<p class=\"paragraph inline-placeholder vossi-paragraph\" data-uri=\"es.cms.cnn.com\/_components\/paragraph\/instances\/cmilatygb001y356ngldx8oq0@published\" data-editable=\"text\" data-component-name=\"paragraph\" data-article-gutter=\"true\">\n            <strong>\u201cFive Nights at Freddy\u2019s 2\u201d (5 de diciembre)<\/strong>\n    <\/p>\n<p>       <img decoding=\"async\" src=\"https:\/\/www.europesays.com\/es\/wp-content\/uploads\/2025\/11\/five-night-at-freddys-2.jpg\" alt=\"\" five=\"\" nights=\"\" at=\"\" freddy=\"\" class=\"image_expandable__dam-img image_expandable__dam-img--loading\" onload=\"this.classList.remove('image_expandable__dam-img--loading')\" onerror=\"imageLoadError(this)\" height=\"863\" width=\"1534\" loading=\"lazy\"\/><\/p>\n<p class=\"paragraph inline-placeholder vossi-paragraph\" data-uri=\"es.cms.cnn.com\/_components\/paragraph\/instances\/cmilatsh4001w356nz3qhmcgn@published\" data-editable=\"text\" data-component-name=\"paragraph\" data-article-gutter=\"true\">\n            Bienvenido de nuevo a tu pesadilla de horror animatr\u00f3nico. Basada en el exitoso videojuego, esta secuela contin\u00faa donde termin\u00f3 la primera pel\u00edcula de 2023, y es seguro decir que habr\u00e1 toda una serie de nuevos villanos mec\u00e1nicos con los que enfrentarse.\n    <\/p>\n<p class=\"paragraph inline-placeholder vossi-paragraph\" data-uri=\"es.cms.cnn.com\/_components\/paragraph\/instances\/cmilav7yr0025356nr8s49dy0@published\" data-editable=\"text\" data-component-name=\"paragraph\" data-article-gutter=\"true\">\n            <strong>\u201c100 Nights of Hero\u201d (5 de diciembre)<\/strong>\n    <\/p>\n<p>       <img decoding=\"async\" src=\"https:\/\/www.europesays.com\/es\/wp-content\/uploads\/2025\/11\/hundred-night-of-hero.jpg\" alt=\"Charli XCX, en el centro, en \" nights=\"\" of=\"\" hero=\"\" class=\"image_expandable__dam-img image_expandable__dam-img--loading\" onload=\"this.classList.remove('image_expandable__dam-img--loading')\" onerror=\"imageLoadError(this)\" height=\"900\" width=\"1600\" loading=\"lazy\"\/><\/p>\n<p class=\"paragraph inline-placeholder vossi-paragraph\" data-uri=\"es.cms.cnn.com\/_components\/paragraph\/instances\/cmilauxhs0023356nmnms2fxb@published\" data-editable=\"text\" data-component-name=\"paragraph\" data-article-gutter=\"true\">\n            Basada en la novela gr\u00e1fica de Isabel Greenberg y derivada del folclore de Medio Oriente, esta f\u00e1bula sobre una mujer puesta a prueba por su esposo para ver cu\u00e1n fiel puede ser, cuenta con Maika Monroe (\u201cIt Follows\u201d), Nicholas Galitzine (\u201cRed, White &amp; Royal Blue\u201d) y la propia rebelde, <a href=\"https:\/\/www.cnn.com\/2025\/10\/03\/entertainment\/charli-xcx-beef-love-sex-showgirl-taylor-swift\" rel=\"nofollow noopener\" target=\"_blank\">Charli XCX<\/a>.\n    <\/p>\n<p class=\"paragraph inline-placeholder vossi-paragraph\" data-uri=\"es.cms.cnn.com\/_components\/paragraph\/instances\/cmilaw3y4002a356n4qwimvf7@published\" data-editable=\"text\" data-component-name=\"paragraph\" data-article-gutter=\"true\">\n            <strong>\u201cThe Secret Agent\u201d (12 de diciembre)<\/strong>\n    <\/p>\n<p>       <img decoding=\"async\" src=\"https:\/\/www.europesays.com\/es\/wp-content\/uploads\/2025\/11\/the-secret-agent-wagner-moura.jpg\" alt=\"Wagner Moura en \" the=\"\" secret=\"\" agent=\"\" class=\"image_expandable__dam-img image_expandable__dam-img--loading\" onload=\"this.classList.remove('image_expandable__dam-img--loading')\" onerror=\"imageLoadError(this)\" height=\"854\" width=\"1280\" loading=\"lazy\"\/><\/p>\n<p class=\"paragraph inline-placeholder vossi-paragraph\" data-uri=\"es.cms.cnn.com\/_components\/paragraph\/instances\/cmilawcra002d356n0ch5vtax@published\" data-editable=\"text\" data-component-name=\"paragraph\" data-article-gutter=\"true\">\n            La <a href=\"https:\/\/cnnespanol.cnn.com\/2025\/10\/24\/entretenimiento\/favoritos-nominaciones-premios-oscar-2026-trax\" rel=\"nofollow noopener\" target=\"_blank\">conversaci\u00f3n sobre los premios Oscar se intensific\u00f3<\/a> cuando esta pel\u00edcula lleg\u00f3 al circuito de festivales, con Wagner Moura (\u201cNarcos\u201d, \u201cDope Thief\u201d) interpretando a un experto en tecnolog\u00eda en el Brasil de los a\u00f1os 70 que sabe demasiado y est\u00e1 en grave peligro.\n    <\/p>\n<p class=\"paragraph inline-placeholder vossi-paragraph\" data-uri=\"es.cms.cnn.com\/_components\/paragraph\/instances\/cmilaxfik002i356ncfel55gn@published\" data-editable=\"text\" data-component-name=\"paragraph\" data-article-gutter=\"true\">\n            <strong>\u201cGoodbye June\u201d (12 de diciembre)<\/strong>\n    <\/p>\n<p>       <img decoding=\"async\" src=\"https:\/\/www.europesays.com\/es\/wp-content\/uploads\/2025\/11\/goodbye-june.jpg\" alt=\"Kate Winslet y Toni Collette en \" goodbye=\"\" june=\"\" class=\"image_expandable__dam-img image_expandable__dam-img--loading\" onload=\"this.classList.remove('image_expandable__dam-img--loading')\" onerror=\"imageLoadError(this)\" height=\"730\" width=\"1296\" loading=\"lazy\"\/><\/p>\n<p class=\"paragraph inline-placeholder vossi-paragraph\" data-uri=\"es.cms.cnn.com\/_components\/paragraph\/instances\/cmilaxlz0002l356nfpp05gf2@published\" data-editable=\"text\" data-component-name=\"paragraph\" data-article-gutter=\"true\">\n            Kate Winslet hace su debut como directora de largometrajes y tambi\u00e9n protagoniza \u201cGoodbye June\u201d, que trata sobre una mujer moribunda (Helen Mirren) cuyas hijas (Winslet, Toni Collette, Andrea Riseborough) acuden a su lado\u2026 y tienen que lidiar entre ellas en el proceso. Para quienes deseen verla en streaming, estar\u00e1 disponible en Netflix el 24 de diciembre.\n    <\/p>\n<p class=\"paragraph inline-placeholder vossi-paragraph\" data-uri=\"es.cms.cnn.com\/_components\/paragraph\/instances\/cmilaxzc8002q356nyc4pc08h@published\" data-editable=\"text\" data-component-name=\"paragraph\" data-article-gutter=\"true\">\n            <strong>\u201cElla McCay\u201d (12 de diciembre)<\/strong>\n    <\/p>\n<p>       <img decoding=\"async\" src=\"https:\/\/www.europesays.com\/es\/wp-content\/uploads\/2025\/11\/ella-mckay.jpg\" alt=\"De izquierda a derecha: Jamie Lee Curtis, Emma Mackey y Kumail Nanjiani en \" ella=\"\" mccay=\"\" class=\"image_expandable__dam-img image_expandable__dam-img--loading\" onload=\"this.classList.remove('image_expandable__dam-img--loading')\" onerror=\"imageLoadError(this)\" height=\"701\" width=\"1200\" loading=\"lazy\"\/><\/p>\n<p class=\"paragraph inline-placeholder vossi-paragraph\" data-uri=\"es.cms.cnn.com\/_components\/paragraph\/instances\/cmilayj88002t356nllmbga4g@published\" data-editable=\"text\" data-component-name=\"paragraph\" data-article-gutter=\"true\">\n            El \u00edcono de Hollywood James L. Brooks regresa con esta historia original \u2014la primera pel\u00edcula que escribe y dirige en 15 a\u00f1os\u2014 sobre una joven en los a\u00f1os 2000 que debe superar a los miembros de su familia para poder prosperar.\n    <\/p>\n<p class=\"paragraph inline-placeholder vossi-paragraph\" data-uri=\"es.cms.cnn.com\/_components\/paragraph\/instances\/cmilazdbo002y356n2t6ww9xe@published\" data-editable=\"text\" data-component-name=\"paragraph\" data-article-gutter=\"true\">\n            <strong>\u201cIs This Thing On?\u201d (19 de diciembre)<\/strong>\n    <\/p>\n<p>       <img decoding=\"async\" src=\"https:\/\/www.europesays.com\/es\/wp-content\/uploads\/2025\/11\/is-this-thing-on.png\" alt=\"Will Arnett en \" is=\"\" this=\"\" thing=\"\" on=\"\" class=\"image_expandable__dam-img image_expandable__dam-img--loading\" onload=\"this.classList.remove('image_expandable__dam-img--loading')\" onerror=\"imageLoadError(this)\" height=\"730\" width=\"1296\" loading=\"lazy\"\/><\/p>\n<p class=\"paragraph inline-placeholder vossi-paragraph\" data-uri=\"es.cms.cnn.com\/_components\/paragraph\/instances\/cmilazj520031356ntl89a3fn@published\" data-editable=\"text\" data-component-name=\"paragraph\" data-article-gutter=\"true\">\n            Despu\u00e9s de ganar un premio de la Academia por interpretar a una abogada de divorcios imparable (en \u201cMarriage Story\u201d de 2019), Laura Dern interpreta ahora a una mujer envuelta en su propio divorcio, junto a Will Arnett como un comediante de stand up en apuros.\n    <\/p>\n<p class=\"paragraph inline-placeholder vossi-paragraph\" data-uri=\"es.cms.cnn.com\/_components\/paragraph\/instances\/cmilb1akf003e356nxe2o49t4@published\" data-editable=\"text\" data-component-name=\"paragraph\" data-article-gutter=\"true\">\n            <strong>\u201cAvatar: Fire and Ash\u201d (19 de diciembre)<\/strong>\n    <\/p>\n<p>       <img decoding=\"async\" src=\"https:\/\/www.europesays.com\/es\/wp-content\/uploads\/2025\/11\/avatar-fire-ash.jpg\" alt=\"\" avatar:=\"\" fire=\"\" and=\"\" ash=\"\" class=\"image_expandable__dam-img image_expandable__dam-img--loading\" onload=\"this.classList.remove('image_expandable__dam-img--loading')\" onerror=\"imageLoadError(this)\" height=\"867\" width=\"1300\" loading=\"lazy\"\/><\/p>\n<p class=\"paragraph inline-placeholder vossi-paragraph\" data-uri=\"es.cms.cnn.com\/_components\/paragraph\/instances\/cmilb1i5e003j356no9s4h2bs@published\" data-editable=\"text\" data-component-name=\"paragraph\" data-article-gutter=\"true\">\n            Tres a\u00f1os despu\u00e9s de \u201cAvatar: The Way of Water\u201d, James Cameron y sus alien\u00edgenas de Pandora regresan para encender las cosas con la tercera entrega de la exitosa franquicia, que presenta una nueva y m\u00e1s agresiva tribu Na\u2019vi llamada el Pueblo de las Cenizas.\n    <\/p>\n<p class=\"paragraph inline-placeholder vossi-paragraph\" data-uri=\"es.cms.cnn.com\/_components\/paragraph\/instances\/cmilb5hrb004i356ngs2o6x07@published\" data-editable=\"text\" data-component-name=\"paragraph\" data-article-gutter=\"true\">\n            <strong>\u201cThe Housemaid\u201d (19 de diciembre)<\/strong>\n    <\/p>\n<p>       <img decoding=\"async\" src=\"https:\/\/www.europesays.com\/es\/wp-content\/uploads\/2025\/11\/the-housemaid.jpg\" alt=\"Sydney Sweeney y Amanda Seyfried en \" the=\"\" housemaid=\"\" class=\"image_expandable__dam-img image_expandable__dam-img--loading\" onload=\"this.classList.remove('image_expandable__dam-img--loading')\" onerror=\"imageLoadError(this)\" height=\"1000\" width=\"1500\" loading=\"lazy\"\/><\/p>\n<p class=\"paragraph inline-placeholder vossi-paragraph\" data-uri=\"es.cms.cnn.com\/_components\/paragraph\/instances\/cmilb1wkr003m356nw553otw4@published\" data-editable=\"text\" data-component-name=\"paragraph\" data-article-gutter=\"true\">\n            Si el reciente reinicio de \u201c<a href=\"https:\/\/archive.ph\/o\/CJdGs\/https:\/\/www.tvinsider.com\/1222922\/the-hand-that-rocks-the-cradle-remake-differences-explained\/\" target=\"_blank\" rel=\"nofollow noopener\">The Hand that Rocks the Cradle<\/a>\u201d no fue suficiente para ti, prueba con este thriller protagonizado por Amanda Seyfried y Sydney Sweeney sobre una sirvienta que llega a trabajar y cuidar a una familia adinerada.\n    <\/p>\n<p class=\"paragraph inline-placeholder vossi-paragraph\" data-uri=\"es.cms.cnn.com\/_components\/paragraph\/instances\/cmilb7r3g004q356n2lghegqr@published\" data-editable=\"text\" data-component-name=\"paragraph\" data-article-gutter=\"true\">\n            <strong>\u201cFather Mother Sister Brother\u201d (24 de diciembre)<\/strong>\n    <\/p>\n<p>       <img decoding=\"async\" src=\"https:\/\/www.europesays.com\/es\/wp-content\/uploads\/2025\/11\/father-mother-sister-brother.jpg\" alt=\"De izquierda a derecha: Vicky Krieps, Cate Blanchett y Charlotte Rampling en \" father=\"\" mother=\"\" sister=\"\" brother=\"\" class=\"image_expandable__dam-img image_expandable__dam-img--loading\" onload=\"this.classList.remove('image_expandable__dam-img--loading')\" onerror=\"imageLoadError(this)\" height=\"1126\" width=\"2000\" loading=\"lazy\"\/><\/p>\n<p class=\"paragraph inline-placeholder vossi-paragraph\" data-uri=\"es.cms.cnn.com\/_components\/paragraph\/instances\/cmilb81l3004v356nefzs0mj3@published\" data-editable=\"text\" data-component-name=\"paragraph\" data-article-gutter=\"true\">\n            Un elenco de lujo que incluye a Tom Waits, Mayim Bialik, Cate Blanchett y Adam Driver se re\u00fane para la nueva pel\u00edcula del aclamado director Jim Jarmusch, sobre hijos distanciados que intentan negociar sus relaciones entre ellos y con padres emocionalmente distantes.\n    <\/p>\n<p class=\"paragraph inline-placeholder vossi-paragraph\" data-uri=\"es.cms.cnn.com\/_components\/paragraph\/instances\/cmilb9ij00053356nass35w2o@published\" data-editable=\"text\" data-component-name=\"paragraph\" data-article-gutter=\"true\">\n            <strong>\u201cMarty Supreme\u201d (25 de diciembre)<\/strong>\n    <\/p>\n<p>       <img decoding=\"async\" src=\"https:\/\/www.europesays.com\/es\/wp-content\/uploads\/2025\/11\/marty-supreme-20251130065531337.jpg\" alt=\"Timoth\u00e9e Chalamet en \u201cMarty Supreme\u201d (2025).\" class=\"image_expandable__dam-img image_expandable__dam-img--loading\" onload=\"this.classList.remove('image_expandable__dam-img--loading')\" onerror=\"imageLoadError(this)\" height=\"1126\" width=\"2000\" loading=\"lazy\"\/><\/p>\n<p class=\"paragraph inline-placeholder vossi-paragraph\" data-uri=\"es.cms.cnn.com\/_components\/paragraph\/instances\/cmilb9cba0051356nuqzrn7z4@published\" data-editable=\"text\" data-component-name=\"paragraph\" data-article-gutter=\"true\">\n            Si la secuencia de ping-pong en \u201cForrest Gump\u201d fue tu parte favorita de esa pel\u00edcula, est\u00e1s de suerte esta Navidad. \u201cMarty Supreme\u201d sigue a un campe\u00f3n de ese deporte, interpretado por Timoth\u00e9e Chalamet, mientras alcanza las mayores glorias y enfrenta los momentos m\u00e1s dif\u00edciles. La pel\u00edcula tambi\u00e9n cuenta con la ganadora del premio Oscar Gwyneth Paltrow.\n    <\/p>\n<p class=\"paragraph inline-placeholder vossi-paragraph\" data-uri=\"es.cms.cnn.com\/_components\/paragraph\/instances\/cmilb9y1w0058356nbdo702f7@published\" data-editable=\"text\" data-component-name=\"paragraph\" data-article-gutter=\"true\">\n            <strong>\u201cSong Sung Blue\u201d (25 de diciembre)<\/strong>\n    <\/p>\n<p>       <img decoding=\"async\" src=\"https:\/\/www.europesays.com\/es\/wp-content\/uploads\/2025\/11\/song-sung-blue.jpg\" alt=\"Kate Hudson (izquierda) y Hugh Jackman en \" sung=\"\" blue=\"\" class=\"image_expandable__dam-img image_expandable__dam-img--loading\" onload=\"this.classList.remove('image_expandable__dam-img--loading')\" onerror=\"imageLoadError(this)\" height=\"1054\" width=\"1581\" loading=\"lazy\"\/><\/p>\n<p class=\"paragraph inline-placeholder vossi-paragraph\" data-uri=\"es.cms.cnn.com\/_components\/paragraph\/instances\/cmilbanyt005d356nojamncp0@published\" data-editable=\"text\" data-component-name=\"paragraph\" data-article-gutter=\"true\">\n            La nominada al Oscar Kate Hudson demuestra su talento actoral y vocal junto a Hugh Jackman en esta historia basada en hechos reales sobre una pareja que forma una banda tributo a Neil Diamond.\n    <\/p>\n<p class=\"paragraph inline-placeholder vossi-paragraph\" data-uri=\"es.cms.cnn.com\/_components\/paragraph\/instances\/cmilbbaj9005g356npldi92zc@published\" data-editable=\"text\" data-component-name=\"paragraph\" data-article-gutter=\"true\">\n            <strong>\u201cAnaconda\u201d (25 de diciembre)<\/strong>\n    <\/p>\n<p>       <img decoding=\"async\" src=\"https:\/\/www.europesays.com\/es\/wp-content\/uploads\/2025\/11\/anaconda-2025.jpg\" alt=\"Jack Black (izquierda) y Paul Rudd en \" anaconda=\"\" class=\"image_expandable__dam-img image_expandable__dam-img--loading\" onload=\"this.classList.remove('image_expandable__dam-img--loading')\" onerror=\"imageLoadError(this)\" height=\"900\" width=\"1600\" loading=\"lazy\"\/><\/p>\n<p class=\"paragraph inline-placeholder vossi-paragraph\" data-uri=\"es.cms.cnn.com\/_components\/paragraph\/instances\/cmilbbqti005j356n5xjch4x5@published\" data-editable=\"text\" data-component-name=\"paragraph\" data-article-gutter=\"true\">\n            \u00bfRecuerdas \u201cAnaconda\u201d de 1997 protagonizada por Jennifer Lopez? Pues la serpiente est\u00e1 de regreso, pero esta vez con un giro meta. En esta pel\u00edcula, Jack Black y Paul Rudd llegan a la selva para filmar una pel\u00edcula de \u201cAnaconda\u201d\u2026 solo para encontrarse con la serpiente real.\n    <\/p>\n<p class=\"paragraph inline-placeholder vossi-paragraph\" data-uri=\"es.cms.cnn.com\/_components\/paragraph\/instances\/cmilbcsht005r356nnv0co860@published\" data-editable=\"text\" data-component-name=\"paragraph\" data-article-gutter=\"true\">\n            <strong>\u201cThe Testament of Ann Lee\u201d (25 de diciembre)<\/strong>\n    <\/p>\n<p>       <img decoding=\"async\" src=\"https:\/\/www.europesays.com\/es\/wp-content\/uploads\/2025\/11\/testament-ann-lee.jpg\" alt=\"Amanda Seyfried (centro) en \" the=\"\" testament=\"\" of=\"\" ann=\"\" lee=\"\" class=\"image_expandable__dam-img image_expandable__dam-img--loading\" onload=\"this.classList.remove('image_expandable__dam-img--loading')\" onerror=\"imageLoadError(this)\" height=\"1141\" width=\"1920\" loading=\"lazy\"\/><\/p>\n<p class=\"paragraph inline-placeholder vossi-paragraph\" data-uri=\"es.cms.cnn.com\/_components\/paragraph\/instances\/cmilbd4ft005w356n24qvccn8@published\" data-editable=\"text\" data-component-name=\"paragraph\" data-article-gutter=\"true\">\n            La nominada al premio Oscar Amanda Seyfried demuestra su talento actoral y vocal (<a href=\"https:\/\/www.cnn.com\/2018\/07\/19\/entertainment\/mamma-mia-2-review\" rel=\"nofollow noopener\" target=\"_blank\">\u00a1otra vez!<\/a>) en este retrato hist\u00f3rico sobre la l\u00edder fundadora de la secta religiosa Shakers en el siglo XVIII.\n    <\/p>\n","protected":false},"excerpt":{"rendered":"CNN \u00a0\u2014\u00a0 Gente, lo logramos. El fin de a\u00f1o est\u00e1 cerca. Como cada a\u00f1o, nuestros cines y televisores&hellip;\n","protected":false},"author":2,"featured_media":263651,"comment_status":"","ping_status":"","sticky":false,"template":"","format":"standard","meta":{"footnotes":""},"categories":[169],"tags":[65530,177,146,147,25,24,176,65531,175,753,23,6879],"class_list":{"0":"post-263650","1":"post","2":"type-post","3":"status-publish","4":"format-standard","5":"has-post-thumbnail","7":"category-cine","8":"tag-avatar-fire-and-ash","9":"tag-cine","10":"tag-entertainment","11":"tag-entretenimiento","12":"tag-es","13":"tag-espana","14":"tag-film","15":"tag-invierno-2025","16":"tag-movies","17":"tag-peliculas","18":"tag-spain","19":"tag-streaming"},"share_on_mastodon":{"url":"https:\/\/pubeurope.com\/@es\/115638743618793232","error":""},"_links":{"self":[{"href":"https:\/\/www.europesays.com\/es\/wp-json\/wp\/v2\/posts\/263650","targetHints":{"allow":["GET"]}}],"collection":[{"href":"https:\/\/www.europesays.com\/es\/wp-json\/wp\/v2\/posts"}],"about":[{"href":"https:\/\/www.europesays.com\/es\/wp-json\/wp\/v2\/types\/post"}],"author":[{"embeddable":true,"href":"https:\/\/www.europesays.com\/es\/wp-json\/wp\/v2\/users\/2"}],"replies":[{"embeddable":true,"href":"https:\/\/www.europesays.com\/es\/wp-json\/wp\/v2\/comments?post=263650"}],"version-history":[{"count":0,"href":"https:\/\/www.europesays.com\/es\/wp-json\/wp\/v2\/posts\/263650\/revisions"}],"wp:featuredmedia":[{"embeddable":true,"href":"https:\/\/www.europesays.com\/es\/wp-json\/wp\/v2\/media\/263651"}],"wp:attachment":[{"href":"https:\/\/www.europesays.com\/es\/wp-json\/wp\/v2\/media?parent=263650"}],"wp:term":[{"taxonomy":"category","embeddable":true,"href":"https:\/\/www.europesays.com\/es\/wp-json\/wp\/v2\/categories?post=263650"},{"taxonomy":"post_tag","embeddable":true,"href":"https:\/\/www.europesays.com\/es\/wp-json\/wp\/v2\/tags?post=263650"}],"curies":[{"name":"wp","href":"https:\/\/api.w.org\/{rel}","templated":true}]}}