{"id":263652,"date":"2025-11-30T12:52:09","date_gmt":"2025-11-30T12:52:09","guid":{"rendered":"https:\/\/www.europesays.com\/es\/263652\/"},"modified":"2025-11-30T12:52:09","modified_gmt":"2025-11-30T12:52:09","slug":"guerreras-sigue-en-directo-el-partido-contra-montenegro","status":"publish","type":"post","link":"https:\/\/www.europesays.com\/es\/263652\/","title":{"rendered":"#Guerreras | Sigue en directo el partido contra Montenegro"},"content":{"rendered":"<p><strong>\ud83c\udf99\ufe0f LA PREVIA CON RAQUEL ESTEBAN<\/strong><\/p>\n<blockquote class=\"instagram-media\" style=\"background: #FFF; border: 0; border-radius: 3px; box-shadow: 0 0 1px 0 rgba(0,0,0,0.5),0 1px 10px 0 rgba(0,0,0,0.15); margin: 1px; max-width: 540px; min-width: 326px; padding: 0; width: calc(100% - 2px);\" data-instgrm-captioned=\"\" data-instgrm-permalink=\"https:\/\/www.instagram.com\/reel\/DRrZDrpDFqH\/?utm_source=ig_embed&amp;utm_campaign=loading\" data-instgrm-version=\"14\">\n<\/blockquote>\n<p>\u00a0<\/p>\n<p>\u00a0<\/p>\n<p><strong>\ud83d\udcfa \u00abENTRE LA TIERRA Y EL CIELO\u00bb, NUEVO SPOT DE LAS GUERRERAS<\/strong><\/p>\n<p>Las <strong>Guerreras <\/strong>protagonizan un a\u00f1o m\u00e1s el spot televisivo con el que se promociona su presencia en el <strong>Campeonato del Mundo 2025.<\/strong><\/p>\n<p>\u00a0<\/p>\n<p><img fetchpriority=\"high\" decoding=\"async\" class=\"aligncenter size-full wp-image-127656\" title=\"PreviaMNE 1440x220 CabeceraWeb Guerreras25\" src=\"https:\/\/www.europesays.com\/es\/wp-content\/uploads\/2025\/11\/PreviaMNE_1440x220_CabeceraWeb_Guerreras25.webp.webp\" alt=\"PreviaMNE 1440x220 CabeceraWeb Guerreras25\" width=\"1440\" height=\"220\"  \/><\/p>\n<p>La selecci\u00f3n espa\u00f1ola femenina de balonmano afronta este\u00a0<strong>domingo a las 18:00h.<\/strong>\u00a0un partido de enorme importancia en el\u00a0<strong>Campeonato del Mundo 2025<\/strong>. El duelo ante\u00a0<strong>Montenegro<\/strong>, \u00faltimo de la Preliminary Round, llega tras una primera fase marcada por la s\u00f3lida victoria inicial frente a Paraguay y el inesperado tropiezo ante Islas Feroe, que dej\u00f3 a las Guerreras sin margen de relajaci\u00f3n.<\/p>\n<p>Con la clasificaci\u00f3n para la\u00a0<strong>Main Round<\/strong>\u00a0encarrilada, el objetivo pasa ahora por sumar puntos para la segunda fase, un factor que puede resultar determinante en las opciones de avanzar m\u00e1s adelante en el torneo. Espa\u00f1a necesita un encuentro estable, continuo y con mayor acierto para reactivar su din\u00e1mica competitiva despu\u00e9s de un segundo partido irregular.<\/p>\n<p><strong>Montenegro<\/strong>\u00a0se presenta como\u00a0<strong>un rival de enorme exigencia<\/strong>. Las balc\u00e1nicas han ganado sus dos encuentros, muestran un bloque f\u00edsico y coordinado, y mantienen la competitividad que las caracteriza, apoyadas en una porter\u00eda fiable y una rotaci\u00f3n profunda.<\/p>\n<p>Los enfrentamientos entre ambas selecciones suelen resolverse por detalles y ofrecen un alto nivel de intensidad. Para Espa\u00f1a, el partido representa un examen serio y una oportunidad para reafirmar su car\u00e1cter en un campeonato que exige madurez, concentraci\u00f3n y continuidad.<\/p>\n<p>En el\u00a0<strong>SWT Arena<\/strong>\u00a0de\u00a0<strong>Trier<\/strong>\u00a0espera un reto may\u00fasculo, pero tambi\u00e9n el escenario perfecto para que las Guerreras retomen impulso antes de entrar en la Main Round. Ma\u00f1ana, Espa\u00f1a buscar\u00e1 su mejor versi\u00f3n ante Montenegro para encarar la siguiente fase con confianza y puntos en el casillero.<\/p>\n<p>\u00a0<\/p>\n<p><img loading=\"lazy\" decoding=\"async\" class=\"aligncenter size-full wp-image-127655\" title=\"DeclasMNE 1440x220 CabeceraWeb Guerreras25\" src=\"https:\/\/www.europesays.com\/es\/wp-content\/uploads\/2025\/11\/DeclasMNE_1440x220_CabeceraWeb_Guerreras25.webp.webp\" alt=\"DeclasMNE 1440x220 CabeceraWeb Guerreras25\" width=\"1440\" height=\"220\"  \/><\/p>\n<p>\u00a0<\/p>\n<p><strong>ANNE ERAUSKIN: \u201cEL EQUIPO TIENE CAPACIDAD DE SOBRA PARA LEVANTARSE Y DARLO TODO ANTE MONTENEGRO\u201d<br \/><\/strong><strong>Anne Erauskin<\/strong>\u00a0analiz\u00f3 el tropiezo ante Islas Feroe y mostr\u00f3 confianza en la recuperaci\u00f3n del equipo: \u201cEl partido de ayer sab\u00edamos que no iba a ser f\u00e1cil. Fue un palo importante, pero el equipo tiene capacidad de sobra para levantarse, recomponerse, coger fuerzas y darlo todo contra Montenegro. Somos un grupo con jugadoras de mucha calidad y conf\u00edo en que vamos a sacar nuestra mejor versi\u00f3n\u201d, explic\u00f3.<\/p>\n<p>La jugadora destac\u00f3 que, aunque Espa\u00f1a gener\u00f3 situaciones claras de lanzamiento, la falta de acierto en porter\u00eda y cierta falta de compactaci\u00f3n defensiva penaliz\u00f3 el resultado: \u201cRecuperar nuestra garra y esa intensidad en defensa que va a ser clave para el pr\u00f3ximo partido\u201d, a\u00f1adi\u00f3.<\/p>\n<p><strong>DANILA SO DELGADO: \u201cQUEREMOS REDIMIRNOS Y DEMOSTRAR NUESTRA FUERZA ANTE MONTENEGRO\u201d<br \/><\/strong><strong>Danila So Delgado<\/strong>\u00a0asegur\u00f3 que el equipo afronta el duelo ante Montenegro con intensidad y ganas de reivindicarse tras el tropiezo ante Islas Feroe: \u201cLo afrontamos con muchas ganas, como todos los partidos que hemos jugado hasta ahora, pero con una especial rabia, porque lo que vimos ayer fue muy doloroso. Queremos redimirnos y, sobre todo, demostrar la fuerza que llevamos dentro\u201d, explic\u00f3.<\/p>\n<p>La jugadora se\u00f1al\u00f3 que los errores en el lanzamiento de cara a porter\u00eda fueron determinantes en los \u00faltimos minutos y subray\u00f3 que la defensa tambi\u00e9n necesita dar un paso adelante: \u201cEso es clave. Lo que vivimos ayer tiene que servir como una herida que nos recuerde y nos haga avanzar, en lugar de lamentarnos. Seguimos estando en un Mundial y debemos disfrutarlo y aprovecharlo para mejorar y crecer\u201d, a\u00f1adi\u00f3.<\/p>\n<p><strong>AMBROS MART\u00cdN: \u201cDEBEMOS DEMOSTRAR CAR\u00c1CTER Y CENTRARNOS EN LO QUE PODEMOS CONTROLAR\u201d<br \/><\/strong>El seleccionador espa\u00f1ol,\u00a0<strong>Ambros Mart\u00edn<\/strong>, subray\u00f3 la importancia de recuperar la confianza tras la derrota ante Islas Feroe y preparar mentalmente al equipo para un duelo exigente ante Montenegro: \u201cNo es un partido cualquiera; es una oportunidad para demostrar car\u00e1cter y superar el golpe del partido anterior. Vamos a luchar por sumar, al menos, dos puntos en la Main Round, que ser\u00edan fundamentales, porque tanto nuestro grupo como el que nos tocar\u00e1 en la siguiente fase est\u00e1n muy igualados y cualquier resultado puede cambiar las posiciones\u201d, se\u00f1al\u00f3.<\/p>\n<p>Insisti\u00f3 en la dificultad del rival y en la exigencia que supone enfrentarse a Montenegro. \u201cEs un equipo muy potente, agresivo y f\u00edsico. Tenemos que estar mentalmente fuertes para superar esta prueba y afrontar una batalla dura en la que cada acci\u00f3n cuenta\u201d, explic\u00f3.<\/p>\n<p>Adem\u00e1s, destac\u00f3 la necesidad de gestionar los errores y mantener la concentraci\u00f3n colectiva: \u201cDebemos centrarnos en lo que podemos controlar y asegurarnos de que los fallos individuales no repercutan en el equipo. Afrontar las dificultades desde una mentalidad positiva, sin pensar en lo que ya pas\u00f3 y con foco en el trabajo en equipo, ser\u00e1 clave para nuestro rendimiento\u201d, a\u00f1adi\u00f3<\/p>\n<p>\u00a0<\/p>\n<p>Fotograf\u00eda:<strong> Jure Erzen \u2013 kolektiff<\/strong><\/p>\n<p>\t\t\t\t<script async src=\"\/\/www.instagram.com\/embed.js\"><\/script><\/p>\n","protected":false},"excerpt":{"rendered":"\ud83c\udf99\ufe0f LA PREVIA CON RAQUEL ESTEBAN \u00a0 \u00a0 \ud83d\udcfa \u00abENTRE LA TIERRA Y EL CIELO\u00bb, NUEVO SPOT DE&hellip;\n","protected":false},"author":2,"featured_media":263653,"comment_status":"","ping_status":"","sticky":false,"template":"","format":"standard","meta":{"footnotes":""},"categories":[93],"tags":[168,25,24,23,167],"class_list":{"0":"post-263652","1":"post","2":"type-post","3":"status-publish","4":"format-standard","5":"has-post-thumbnail","7":"category-deportes","8":"tag-deportes","9":"tag-es","10":"tag-espana","11":"tag-spain","12":"tag-sports"},"share_on_mastodon":{"url":"https:\/\/pubeurope.com\/@es\/115638746919174457","error":""},"_links":{"self":[{"href":"https:\/\/www.europesays.com\/es\/wp-json\/wp\/v2\/posts\/263652","targetHints":{"allow":["GET"]}}],"collection":[{"href":"https:\/\/www.europesays.com\/es\/wp-json\/wp\/v2\/posts"}],"about":[{"href":"https:\/\/www.europesays.com\/es\/wp-json\/wp\/v2\/types\/post"}],"author":[{"embeddable":true,"href":"https:\/\/www.europesays.com\/es\/wp-json\/wp\/v2\/users\/2"}],"replies":[{"embeddable":true,"href":"https:\/\/www.europesays.com\/es\/wp-json\/wp\/v2\/comments?post=263652"}],"version-history":[{"count":0,"href":"https:\/\/www.europesays.com\/es\/wp-json\/wp\/v2\/posts\/263652\/revisions"}],"wp:featuredmedia":[{"embeddable":true,"href":"https:\/\/www.europesays.com\/es\/wp-json\/wp\/v2\/media\/263653"}],"wp:attachment":[{"href":"https:\/\/www.europesays.com\/es\/wp-json\/wp\/v2\/media?parent=263652"}],"wp:term":[{"taxonomy":"category","embeddable":true,"href":"https:\/\/www.europesays.com\/es\/wp-json\/wp\/v2\/categories?post=263652"},{"taxonomy":"post_tag","embeddable":true,"href":"https:\/\/www.europesays.com\/es\/wp-json\/wp\/v2\/tags?post=263652"}],"curies":[{"name":"wp","href":"https:\/\/api.w.org\/{rel}","templated":true}]}}