{"id":263656,"date":"2025-11-30T12:54:12","date_gmt":"2025-11-30T12:54:12","guid":{"rendered":"https:\/\/www.europesays.com\/es\/263656\/"},"modified":"2025-11-30T12:54:12","modified_gmt":"2025-11-30T12:54:12","slug":"eulalia-de-orleans-borbon-y-almudena-dailly-de-orleans-hacen-brillar-sus-tiaras-en-el-baile-de-debutantes","status":"publish","type":"post","link":"https:\/\/www.europesays.com\/es\/263656\/","title":{"rendered":"Eulalia de Orleans-Borb\u00f3n y Almudena Dailly de Orleans hacen brillar sus tiaras en el Baile de Debutantes"},"content":{"rendered":"<p style=\"\">El lugar: el hotel Shangri-La de Par\u00eds. La cita: <a href=\"https:\/\/www.abc.es\/gente\/hija-elon-musk-chino-tataranieta-fundador-pakistan-20251126200034-nt.html\" target=\"_self\" data-voc-vtm-id=\"in-text-traffic\" title=\"el Baile de Debutantes\" data-mrf-link=\"www.abc.es\" rel=\"nofollow noopener\">el Baile de Debutantes<\/a>. El foco: 19 j\u00f3venes de entre 17 y 22 a\u00f1os. El inter\u00e9s espa\u00f1ol: <a href=\"https:\/\/www.abc.es\/gente\/ahijada-rey-juan-carlos-hara-debut-sociedad-20251113175155-nt.html\" target=\"_self\" data-voc-vtm-id=\"in-text-traffic\" title=\"Eulalia de Orleans-Borb\u00f3n\" data-mrf-link=\"www.abc.es\" rel=\"nofollow noopener\">Eulalia de Orleans-Borb\u00f3n<\/a> y Almudena Dailly de Orleans (y sus tiaras). Le Bal ha vuelto a  &#8230; convertirse en el <strong>epicentro de la realeza<\/strong> con la celebraci\u00f3n de un popular evento que para esta edici\u00f3n<strong> reuni\u00f3 a 19 j\u00f3venes de entre 17 y 22 a\u00f1os<\/strong>, todas ellas pertenecientes al exclusivo mundo de la aristocracia, la realeza y la influencia entre el mundo empresarial y art\u00edstico. Una noche de glamour con promesas de futuro.<\/p>\n<p class=\"voc-p\" style=\"\">La cita se remonta al siglo XVIII y tras cierta decadencia, <strong>Oph\u00e9lie Renouard<\/strong> le dio nueva vida en los a\u00f1os 90 para mantener intacta su esencia, que no es otra que la <strong>presentaci\u00f3n en sociedad de una generaci\u00f3n joven<\/strong> que por unas horas viven su sue\u00f1o de princesas envueltas en dise\u00f1os de alta costura y acompa\u00f1adas por un apuesto cavalier que debe ir vestido con frac y pajarita blanca. Y otra derivada es el <strong>car\u00e1cter ben\u00e9fico<\/strong> con una recaudaci\u00f3n cuyo destino var\u00eda seg\u00fan la edici\u00f3n. En esta ocasi\u00f3n, se ha ido al Hospital Infantil Maria Fareri de Nueva York, referencia en investigaci\u00f3n de c\u00e1ncer pedi\u00e1trico, y a la Asociaci\u00f3n para la investigaci\u00f3n de cardiolog\u00eda desde fetos a adultos (ARCFA) del Hospital Necker-Enfants Malades de Par\u00eds, el mayor centro europeo para el tratamiento de cardiopat\u00edas en ni\u00f1os.<\/p>\n<p class=\"voc-p\" style=\"\">Entre las debutantes de este a\u00f1o brillaron con luz propia los nombres de <strong>Eulalia de Orleans-Borb\u00f3n<\/strong> y Almudena Dailly de Orleans. La primera, hija del empresario \u00c1lvaro de Orleans-Borb\u00f3n \u2014primo lejano del rey Juan Carlos\u2014, es i<strong>nfluencer y estudia Econom\u00eda y Finanzas en St. Andrews<\/strong> (Escocia), precisamente el mismo el mismo en el que se formaron el <a href=\"https:\/\/www.abc.es\/gente\/principe-guillermo-sincera-nunca-sobre-gestionaron-cancer-20251111072958-nt.html\" target=\"_self\" data-voc-vtm-id=\"in-text-traffic\" title=\"pr\u00edncipe Guillermo y Kate Middleton\" data-mrf-link=\"www.abc.es\" rel=\"nofollow noopener\">pr\u00edncipe Guillermo y Kate Middleton<\/a>.<\/p>\n<p>\nUn dise\u00f1o de Tony Ward y una espectacular tiara\n<\/p>\n<p class=\"voc-p\" style=\"\">Para esta ocasi\u00f3n, escogi\u00f3 un dise\u00f1o de Tony Ward, que complet\u00f3 con una espectacular tiara, de V Muse, patrocinador del evento. <strong>Dise\u00f1ada con la forma de una flor de lis<\/strong>, esta tiara fue elaborada por el joyero vien\u00e9s Moritz H\u00fcbner en 1912. Est\u00e1 hecha de platino y oro, con incrustaciones de diamantes antiguos, originalmente engastados en la Orden del Esp\u00edritu Santo, otorgada por el rey Carlos X de Francia. <\/p>\n<p class=\"voc-p\" style=\"\">Herencia de la familia Borb\u00f3n, <strong>la tiara perteneci\u00f3 a la princesa Mar\u00eda Ana de Parma<\/strong>. Eulalia de Orleans-Borb\u00f3n lleg\u00f3 al hotel Shangri-La de Par\u00eds del brazo de Albert Windsor, nieto del duque de Kent, quien apareci\u00f3 como su cavalier.<\/p>\n<p class=\"voc-p\" style=\"\"><strong>Almudena Dailly de Orleans<\/strong> es hija de Pierre-Louis Dailly y la princesa Adelaida de Orleans, adem\u00e1s de ahijada del rey Juan Carlos. <strong>Quiso rendir homenaje<\/strong> a su madre al elegir un vestido de Christian Dior, la misma firma que la visti\u00f3 el d\u00eda de su boda, celebrada en Sevilla en 2002. Lleg\u00f3 acompa\u00f1ada por su hermano Diego y tambi\u00e9n luci\u00f3 imponente tiara.<\/p>\n<p class=\"voc-title\">Cada debutante confi\u00f3 en una firma distinta de alta costura en una noche muy especial y llena de futuro<\/p>\n<p class=\"voc-p\" style=\"\">Elaborada por Ansorena a comienzos del siglo XX, la tiara exhibida por Almudena Dailly de Orleans consta de<strong> dos piezas superpuestas<\/strong>. La superior es una peque\u00f1a tiara en forma de medialuna adornada con un triple arreglo de motivos de nomeolvides, meandros griegos y hojas de laurel, mientras que la inferior es una gargantilla con diamantes talla antigua y rosa engastados en un patr\u00f3n de encaje. Lo complement\u00f3 con <strong>un impresionante collar<\/strong>.<\/p>\n<p><img decoding=\"async\" loading=\"lazy\" src=\"https:\/\/www.europesays.com\/es\/wp-content\/uploads\/2025\/11\/le-bal-U72225128165EGA-760x900@diario_abc.jpg\" class=\"voc-img\" width=\"760\" height=\"900\" alt=\"Eulalia de Orleans-Borb\u00f3n y Almudena Dailly de Orleans hacen brillar sus tiaras en el Baile de Debutantes\" data-voc-vtm-id=\"in-text-traffic\"\/><\/p>\n<p>REDES<\/p>\n<p>\nUn desfile de alta costura\n<\/p>\n<p class=\"voc-p\" style=\"\">Cada debutante confi\u00f3 en una firma distinta de alta costura. Por ejemplo, <strong>Carolina B. Lansing<\/strong>, nieta de la legendaria Carolina Herrera, rend\u00eda homenaje a su abuela con un vestido de lunares creado por Wes Gordon, un gui\u00f1o a su primera colecci\u00f3n y a su primer perfume. Tambi\u00e9n deslumbraron Eugenia de Hohenzollern (\u00c9douard Vermeulen), Jos\u00e9phine Haas (Guo Pei), Gabrielle Janssens de Balkany (Luisa Beccaria), Ruby Kemper (Chrome Hearts), Eliza Lindroth (Rick Owens), Lady Araminta Spencer-Churchill (Armani Priv\u00e9) o Eirini Zarifi (Deborah Milner).<\/p>\n<p><img decoding=\"async\" loading=\"lazy\" src=\"https:\/\/www.europesays.com\/es\/wp-content\/uploads\/2025\/11\/carolina-b-lansing-U70884002328rSj-760x800@diario_abc.jpg\" class=\"voc-img\" width=\"760\" height=\"800\" alt=\"Carolina B. Lansing.\" data-voc-vtm-id=\"in-text-traffic\"\/><\/p>\n<p>Carolina B. Lansing.<\/p>\n<p>REDES<\/p>\n<p class=\"voc-p\" style=\"\">Desde 2018, el hotel Shangri-La acoge el baile de Debutantes en sector de Par\u00eds conocido por albergar imponentes residencias de lujo y solemnes embajadas, muy cerca de lugares tan emblem\u00e1ticos como la Torre Eiffel, los jardines del Trocadero, el Bosque de Boulogne o la Fundaci\u00f3n Louis Vuitton.<\/p>\n<p><img decoding=\"async\" loading=\"lazy\" src=\"https:\/\/www.europesays.com\/es\/wp-content\/uploads\/2025\/11\/gabrielle-janssens-de-balkany-U31245810707bLY-760x800@diario_abc.jpg\" class=\"voc-img\" width=\"760\" height=\"800\" alt=\"Gabrielle Janssens de Balkany.\" data-voc-vtm-id=\"in-text-traffic\"\/><\/p>\n<p>Gabrielle Janssens de Balkany.<\/p>\n<p>REDES<\/p>\n<p class=\"voc-p\" style=\"\">Cada a\u00f1o, Oph\u00e9lie Renouard <strong>selecciona personalmente a las debutantes<\/strong> y sus caballeros, procurando establecer una equilibrada mezcla de nacionalidades, empoderamiento y visibilidad de las nuevas generaciones. La hija de Luis Alfonso de Borb\u00f3n y Margarita Vargas, <strong>Eugenia de Borb\u00f3n Vargas<\/strong>, fue una de las protagonistas en la edici\u00f3n del pasado a\u00f1o. En esta nueva edici\u00f3n, el Baile de Debutantes 2025 volvi\u00f3 a demostrar por qu\u00e9 es una de las citas m\u00e1s esperadas del calendario social: <strong>una noche para descubrir d\u00f3nde est\u00e1 el futuro de la realeza<\/strong>.<\/p>\n","protected":false},"excerpt":{"rendered":"El lugar: el hotel Shangri-La de Par\u00eds. La cita: el Baile de Debutantes. El foco: 19 j\u00f3venes de&hellip;\n","protected":false},"author":2,"featured_media":263657,"comment_status":"","ping_status":"","sticky":false,"template":"","format":"standard","meta":{"footnotes":""},"categories":[91],"tags":[15099,4787,18209,65534,65302,146,147,25,24,65532,65535,65533,23,52730],"class_list":{"0":"post-263656","1":"post","2":"type-post","3":"status-publish","4":"format-standard","5":"has-post-thumbnail","7":"category-entretenimiento","8":"tag-almudena","9":"tag-baile","10":"tag-brillar","11":"tag-dailly","12":"tag-debutantes","13":"tag-entertainment","14":"tag-entretenimiento","15":"tag-es","16":"tag-espana","17":"tag-eulalia","18":"tag-orleans","19":"tag-orleansborbon","20":"tag-spain","21":"tag-tiaras"},"share_on_mastodon":{"url":"https:\/\/pubeurope.com\/@es\/115638755029960393","error":""},"_links":{"self":[{"href":"https:\/\/www.europesays.com\/es\/wp-json\/wp\/v2\/posts\/263656","targetHints":{"allow":["GET"]}}],"collection":[{"href":"https:\/\/www.europesays.com\/es\/wp-json\/wp\/v2\/posts"}],"about":[{"href":"https:\/\/www.europesays.com\/es\/wp-json\/wp\/v2\/types\/post"}],"author":[{"embeddable":true,"href":"https:\/\/www.europesays.com\/es\/wp-json\/wp\/v2\/users\/2"}],"replies":[{"embeddable":true,"href":"https:\/\/www.europesays.com\/es\/wp-json\/wp\/v2\/comments?post=263656"}],"version-history":[{"count":0,"href":"https:\/\/www.europesays.com\/es\/wp-json\/wp\/v2\/posts\/263656\/revisions"}],"wp:featuredmedia":[{"embeddable":true,"href":"https:\/\/www.europesays.com\/es\/wp-json\/wp\/v2\/media\/263657"}],"wp:attachment":[{"href":"https:\/\/www.europesays.com\/es\/wp-json\/wp\/v2\/media?parent=263656"}],"wp:term":[{"taxonomy":"category","embeddable":true,"href":"https:\/\/www.europesays.com\/es\/wp-json\/wp\/v2\/categories?post=263656"},{"taxonomy":"post_tag","embeddable":true,"href":"https:\/\/www.europesays.com\/es\/wp-json\/wp\/v2\/tags?post=263656"}],"curies":[{"name":"wp","href":"https:\/\/api.w.org\/{rel}","templated":true}]}}