{"id":263664,"date":"2025-11-30T12:58:11","date_gmt":"2025-11-30T12:58:11","guid":{"rendered":"https:\/\/www.europesays.com\/es\/263664\/"},"modified":"2025-11-30T12:58:11","modified_gmt":"2025-11-30T12:58:11","slug":"ultima-hora-de-la-concentracion-del-pp-en-madrid-en-directo-feijoo-en-la-concentracion-del-pp-el-sanchismo-esta-en-la-carcel-y-tiene-que-salir-del-gobierno-espana","status":"publish","type":"post","link":"https:\/\/www.europesays.com\/es\/263664\/","title":{"rendered":"\u00daltima hora de la concentraci\u00f3n del PP en Madrid, en directo | Feij\u00f3o, en la concentraci\u00f3n del PP: \u201cEl sanchismo est\u00e1 en la c\u00e1rcel y tiene que salir del Gobierno\u201d | Espa\u00f1a"},"content":{"rendered":"<p class=\"ev-title\">Feij\u00f3o avisa a Sumar de que \u201cel PSOE tiene un nuevo juguete\u201d,\u00a0ERC<\/p>\n<p>El l\u00edder del PP, Alberto N\u00fa\u00f1ez Feij\u00f3o, se ha dirigido a todos los partidos del Congreso en la concentraci\u00f3n contra la corrupci\u00f3n en Madrid. En concreto, para Sumar, ha lanzado un mensaje de advertencia. \u201cNo les pido dignidad, solo le aviso, el PSOE tiene un juguete nuevo, independentista,\u00a0republicano y que no quiere hablar el lenguaje com\u00fan\u201d, ha dicho, en referencia a ERC y a los rumores que hablan de que el portavoz parlamentario de los republicanos, Gabriel Rufi\u00e1n, como l\u00edder de un nuevo movimiento a la izquierda del PSOE ante el desgaste de Sumar. \u201cEl juguete de Sumar ya no les vale\u201d, ha dicho Feij\u00f3o.<\/p>\n<p>Tambi\u00e9n se ha referido a otros partidos, como Vox, al que ha llamado a no \u201cequivocarse de adversario, objetivo ni\u00a0prioridad\u201d. Les ha exigido \u201cmadurez y responsabilidad\u201d, \u201cque se dejen de pinzas y que no repitan los errores de hace dos a\u00f1os\u201d.<\/p>\n<p>A los votantes del PSOE les ha preguntado hasta d\u00f3nde van a llegar, cu\u00e1nto m\u00e1s van a \u201ctragar\u201d. \u201cMirar\u00e9is esta etapa con verg\u00fcenza\u201d, ha advertido, augurando que tras Koldo, \u00c1balos y Cerd\u00e1n, \u201cpronto ser\u00e1 S\u00e1nchez, y para entonces no finj\u00e1is sorpresa\u201d. Ha confiado en que en el futuro, aunque sea complicado, el PSOE vuelva a ser un partido \u201cdecente\u201d.<\/p>\n","protected":false},"excerpt":{"rendered":"Feij\u00f3o avisa a Sumar de que \u201cel PSOE tiene un nuevo juguete\u201d,\u00a0ERC El l\u00edder del PP, Alberto N\u00fa\u00f1ez&hellip;\n","protected":false},"author":2,"featured_media":263665,"comment_status":"","ping_status":"","sticky":false,"template":"","format":"standard","meta":{"footnotes":""},"categories":[8],"tags":[6069,17,18,25,24,13,14,11,19,20,16735,9,10,15,16,2959,956,1699,23,65536,12,21,22],"class_list":{"0":"post-263664","1":"post","2":"type-post","3":"status-publish","4":"format-standard","5":"has-post-thumbnail","7":"category-espana","8":"tag-alberto-nunez-feijoo","9":"tag-breaking-news","10":"tag-breakingnews","11":"tag-es","12":"tag-espana","13":"tag-featured-news","14":"tag-featurednews","15":"tag-headlines","16":"tag-latest-news","17":"tag-latestnews","18":"tag-manifestaciones","19":"tag-news","20":"tag-noticias","21":"tag-noticias-destacadas","22":"tag-noticiasdestacadas","23":"tag-pedro-sanchez","24":"tag-pp","25":"tag-psoe","26":"tag-spain","27":"tag-templo-debod","28":"tag-titulares","29":"tag-ultimas-noticias","30":"tag-ultimasnoticias"},"share_on_mastodon":{"url":"https:\/\/pubeurope.com\/@es\/115638770266224719","error":""},"_links":{"self":[{"href":"https:\/\/www.europesays.com\/es\/wp-json\/wp\/v2\/posts\/263664","targetHints":{"allow":["GET"]}}],"collection":[{"href":"https:\/\/www.europesays.com\/es\/wp-json\/wp\/v2\/posts"}],"about":[{"href":"https:\/\/www.europesays.com\/es\/wp-json\/wp\/v2\/types\/post"}],"author":[{"embeddable":true,"href":"https:\/\/www.europesays.com\/es\/wp-json\/wp\/v2\/users\/2"}],"replies":[{"embeddable":true,"href":"https:\/\/www.europesays.com\/es\/wp-json\/wp\/v2\/comments?post=263664"}],"version-history":[{"count":0,"href":"https:\/\/www.europesays.com\/es\/wp-json\/wp\/v2\/posts\/263664\/revisions"}],"wp:featuredmedia":[{"embeddable":true,"href":"https:\/\/www.europesays.com\/es\/wp-json\/wp\/v2\/media\/263665"}],"wp:attachment":[{"href":"https:\/\/www.europesays.com\/es\/wp-json\/wp\/v2\/media?parent=263664"}],"wp:term":[{"taxonomy":"category","embeddable":true,"href":"https:\/\/www.europesays.com\/es\/wp-json\/wp\/v2\/categories?post=263664"},{"taxonomy":"post_tag","embeddable":true,"href":"https:\/\/www.europesays.com\/es\/wp-json\/wp\/v2\/tags?post=263664"}],"curies":[{"name":"wp","href":"https:\/\/api.w.org\/{rel}","templated":true}]}}