{"id":263666,"date":"2025-11-30T13:00:04","date_gmt":"2025-11-30T13:00:04","guid":{"rendered":"https:\/\/www.europesays.com\/es\/263666\/"},"modified":"2025-11-30T13:00:04","modified_gmt":"2025-11-30T13:00:04","slug":"vibrante-brillante-y-emocionante-asi-fue-la-vigesimo-octava-edicion-del-festival-de-folclore-homenaje-al-minero-organizado-por-la-asociacion-virgen-de-gracia","status":"publish","type":"post","link":"https:\/\/www.europesays.com\/es\/263666\/","title":{"rendered":"Vibrante, brillante y emocionante: as\u00ed fue la vig\u00e9simo octava edici\u00f3n del Festival de Folclore \u201cHomenaje al Minero\u201d, organizado por la Asociaci\u00f3n Virgen de Gracia"},"content":{"rendered":"<p><strong>.<\/strong>Un encuentro de <strong>memoria, folclore y cultura<\/strong> que conquist\u00f3 al p\u00fablico asistente \u2014m\u00e1s de 700 personas\u2014 y que rindi\u00f3 un <strong>homenaje pleno al minero<\/strong>, a todos los trabajadores y trabajadoras que forjaron con su esfuerzo la historia de nuestra tierra, as\u00ed como a la <strong>Virgen de Gracia<\/strong>, patrona y protectora de la ciudad.<\/p>\n<p>En esta edici\u00f3n, el festival dedic\u00f3 un <strong>emotivo tributo a M\u00e1ximo S\u00e1nchez Ruiz<\/strong>, minero que trabaj\u00f3 como vagonero y picador en La Batosa, la \u00faltima explotaci\u00f3n minera de interior de Puertollano. Hijo y sobrino de mineros, S\u00e1nchez Ruiz form\u00f3 adem\u00e1s parte del Consejo de Administraci\u00f3n de la empresa, representando la herencia y el compromiso de varias generaciones ligadas al mundo de la miner\u00eda.<\/p>\n<p>El p\u00fablico disfrut\u00f3 de una velada repleta de <strong>tradici\u00f3n, m\u00fasica y folclore<\/strong>, con la participaci\u00f3n del <strong>Grupo de Danzas Burgalesas Tierras del Cid<\/strong> (Burgos), el <strong>Grupo de Danzas Santa Magdalena<\/strong> (Madridejos, Toledo) y la <strong>Agrupaci\u00f3n Folkl\u00f3rica Virgen de Gracia<\/strong> (Puertollano), anfitriona del evento.<\/p>\n<p><img fetchpriority=\"high\" decoding=\"async\" width=\"847\" height=\"892\" src=\"https:\/\/www.europesays.com\/es\/wp-content\/uploads\/2025\/11\/afvg2.jpg\" alt=\"\" class=\"wp-image-145017\"  \/><\/p>\n","protected":false},"excerpt":{"rendered":".Un encuentro de memoria, folclore y cultura que conquist\u00f3 al p\u00fablico asistente \u2014m\u00e1s de 700 personas\u2014 y que&hellip;\n","protected":false},"author":2,"featured_media":263667,"comment_status":"","ping_status":"","sticky":false,"template":"","format":"standard","meta":{"footnotes":""},"categories":[5],"tags":[17,18,25,24,13,14,11,19,20,9,10,15,16,23,12,21,22],"class_list":{"0":"post-263666","1":"post","2":"type-post","3":"status-publish","4":"format-standard","5":"has-post-thumbnail","7":"category-titulares","8":"tag-breaking-news","9":"tag-breakingnews","10":"tag-es","11":"tag-espana","12":"tag-featured-news","13":"tag-featurednews","14":"tag-headlines","15":"tag-latest-news","16":"tag-latestnews","17":"tag-news","18":"tag-noticias","19":"tag-noticias-destacadas","20":"tag-noticiasdestacadas","21":"tag-spain","22":"tag-titulares","23":"tag-ultimas-noticias","24":"tag-ultimasnoticias"},"share_on_mastodon":{"url":"https:\/\/pubeurope.com\/@es\/115638778451097901","error":""},"_links":{"self":[{"href":"https:\/\/www.europesays.com\/es\/wp-json\/wp\/v2\/posts\/263666","targetHints":{"allow":["GET"]}}],"collection":[{"href":"https:\/\/www.europesays.com\/es\/wp-json\/wp\/v2\/posts"}],"about":[{"href":"https:\/\/www.europesays.com\/es\/wp-json\/wp\/v2\/types\/post"}],"author":[{"embeddable":true,"href":"https:\/\/www.europesays.com\/es\/wp-json\/wp\/v2\/users\/2"}],"replies":[{"embeddable":true,"href":"https:\/\/www.europesays.com\/es\/wp-json\/wp\/v2\/comments?post=263666"}],"version-history":[{"count":0,"href":"https:\/\/www.europesays.com\/es\/wp-json\/wp\/v2\/posts\/263666\/revisions"}],"wp:featuredmedia":[{"embeddable":true,"href":"https:\/\/www.europesays.com\/es\/wp-json\/wp\/v2\/media\/263667"}],"wp:attachment":[{"href":"https:\/\/www.europesays.com\/es\/wp-json\/wp\/v2\/media?parent=263666"}],"wp:term":[{"taxonomy":"category","embeddable":true,"href":"https:\/\/www.europesays.com\/es\/wp-json\/wp\/v2\/categories?post=263666"},{"taxonomy":"post_tag","embeddable":true,"href":"https:\/\/www.europesays.com\/es\/wp-json\/wp\/v2\/tags?post=263666"}],"curies":[{"name":"wp","href":"https:\/\/api.w.org\/{rel}","templated":true}]}}