{"id":263668,"date":"2025-11-30T13:05:12","date_gmt":"2025-11-30T13:05:12","guid":{"rendered":"https:\/\/www.europesays.com\/es\/263668\/"},"modified":"2025-11-30T13:05:12","modified_gmt":"2025-11-30T13:05:12","slug":"alcaraz-presente-para-ver-campeon-al-inter-de-messi-ha-sido-una-experiencia-muy-bonita-atp-tour","status":"publish","type":"post","link":"https:\/\/www.europesays.com\/es\/263668\/","title":{"rendered":"Alcaraz, presente para ver campe\u00f3n al Inter de Messi: \u00abHa sido una experiencia muy bonita\u00bb | ATP Tour"},"content":{"rendered":"<p>        Noticias Fuera de la Pista<br \/>\n    Alcaraz tras ver campe\u00f3n al Inter de Messi: \u00abHa sido una experiencia muy bonita\u00bb<\/p>\n<p>El espa\u00f1ol est\u00e1 disfrutando de sus vacaciones en Florida<\/p>\n<p>November 30, 2025<\/p>\n<p>            <img decoding=\"async\" src=\"https:\/\/www.europesays.com\/es\/wp-content\/uploads\/2025\/11\/messi-alcaraz-2025.jpg\" alt=\"Carlos Alcaraz felicita a Lionel Messi luego de que el Inter se asegurara ser campe\u00f3n de la Conferencia del Este en la MLS.\"\/><\/p>\n<p>Getty Images<\/p>\n<p>        Carlos Alcaraz felicita a Lionel Messi luego de que el Inter se asegurara ser campe\u00f3n de la Conferencia del Este en la MLS.<br \/>\n        By Redacci\u00f3n ATP <\/p>\n<p>Carlos Alcaraz ya es un amuleto para los equipos de Miami que anima desde la tribuna. Tres d\u00edas despu\u00e9s de atestiguar la victoria por 106-103 de los Heat ante los Bucks en la NBA, el murciano ha presenciado el triunfo por 5-1 del Inter sobre New York City FC en la MLS, un resultado que proclama al equipo de Lionel Messi como campe\u00f3n de la Conferencia del Este.<\/p>\n<p>En ambos partidos, tanto de la NBA como de la MLS, Alcaraz fue homenajeado recibiendo una camiseta de ambos equipos. Cada una llevaba la n\u00famero 99 en la espalda.<\/p>\n<blockquote class=\"twitter-tweet\">\n<p lang=\"es\" dir=\"ltr\">Carlos Alcaraz \ud83c\udfbe con la camiseta y el n\u00famero 99 de <a href=\"https:\/\/twitter.com\/InterMiamiCF?ref_src=twsrc%5Etfw\" rel=\"nofollow noopener\" target=\"_blank\">@InterMiamiCF<\/a>.<\/p>\n<p>&#8216;Carlitos&#8217; dice presente para ver el partido de la Final de Conferencia del Este en los Audi <a href=\"https:\/\/twitter.com\/hashtag\/MLSCupPlayoffs?src=hash&amp;ref_src=twsrc%5Etfw\" rel=\"nofollow noopener\" target=\"_blank\">#MLSCupPlayoffs<\/a>. <a href=\"https:\/\/t.co\/icNYEXWjGa\" rel=\"nofollow\">pic.twitter.com\/icNYEXWjGa<\/a><\/p>\n<p>\u2014 MLS Espa\u00f1ol (@MLSes) <a href=\"https:\/\/twitter.com\/MLSes\/status\/1994904738413092878?ref_src=twsrc%5Etfw\" rel=\"nofollow noopener\" target=\"_blank\">November 29, 2025<\/a><\/p><\/blockquote>\n<p>El espa\u00f1ol, No. 1 del PIF ATP Rankings, estuvo en un puesto de privilegio durante la salida del equipo local este s\u00e1bado, por lo que pudo saludar a Messi, <a rel=\"noopener noreferrer nofollow\" href=\"https:\/\/www.atptour.com\/es\/news\/alcaraz-meets-messi-laureus-2023\" target=\"_blank\">a quien ya hab\u00eda podido conocer en los Premios Laureus del Deporte Mundial en 2023<\/a>. Sin contar con que felicit\u00f3 a la leyenda argentina en la entrega de trofeos. \u00abHa sido una experiencia muy bonita\u00bb, dijo en un post del Inter en X:<\/p>\n<blockquote class=\"twitter-tweet\">\n<p lang=\"es\" dir=\"ltr\">Bienvenido, <a href=\"https:\/\/twitter.com\/carlosalcaraz?ref_src=twsrc%5Etfw\" rel=\"nofollow noopener\" target=\"_blank\">@carlosalcaraz<\/a> \ud83d\udc4b\ud83c\udfbe <a href=\"https:\/\/t.co\/TRlom0tH60\" rel=\"nofollow\">pic.twitter.com\/TRlom0tH60<\/a><\/p>\n<p>\u2014 Inter Miami CF (@InterMiamiCF) <a href=\"https:\/\/twitter.com\/InterMiamiCF\/status\/1994927080774029395?ref_src=twsrc%5Etfw\" rel=\"nofollow noopener\" target=\"_blank\">November 30, 2025<\/a><\/p><\/blockquote>\n<p>Adem\u00e1s, el murciano intercambi\u00f3 algunas palabras con jugadores como el uruguayo Luis Su\u00e1rez, y los espa\u00f1oles Sergio Busquets y Jordi Alba.<\/p>\n<p>Alcaraz termin\u00f3 su temporada siendo subcampe\u00f3n de las Nitto ATP Finals (p. con Jannik Sinner), luego de que un edema le impidiera competir en las Final 8 de la Copa Davis.<\/p>\n<p>Su primer objetivo grande de 2026 ser\u00e1 intentar ganar el \u00fanico Grand Slam que le falta: el Abierto de Australia, donde a\u00fan no ha podido pasar de cuartos de final.<\/p>\n<p><script async src=\"https:\/\/platform.twitter.com\/widgets.js\" charset=\"utf-8\"><\/script><\/p>\n","protected":false},"excerpt":{"rendered":"Noticias Fuera de la Pista Alcaraz tras ver campe\u00f3n al Inter de Messi: \u00abHa sido una experiencia muy&hellip;\n","protected":false},"author":2,"featured_media":263669,"comment_status":"","ping_status":"","sticky":false,"template":"","format":"standard","meta":{"footnotes":""},"categories":[274],"tags":[168,25,24,23,167,327,326],"class_list":{"0":"post-263668","1":"post","2":"type-post","3":"status-publish","4":"format-standard","5":"has-post-thumbnail","7":"category-tenis","8":"tag-deportes","9":"tag-es","10":"tag-espana","11":"tag-spain","12":"tag-sports","13":"tag-tenis","14":"tag-tennis"},"share_on_mastodon":{"url":"https:\/\/pubeurope.com\/@es\/115638798078810423","error":""},"_links":{"self":[{"href":"https:\/\/www.europesays.com\/es\/wp-json\/wp\/v2\/posts\/263668","targetHints":{"allow":["GET"]}}],"collection":[{"href":"https:\/\/www.europesays.com\/es\/wp-json\/wp\/v2\/posts"}],"about":[{"href":"https:\/\/www.europesays.com\/es\/wp-json\/wp\/v2\/types\/post"}],"author":[{"embeddable":true,"href":"https:\/\/www.europesays.com\/es\/wp-json\/wp\/v2\/users\/2"}],"replies":[{"embeddable":true,"href":"https:\/\/www.europesays.com\/es\/wp-json\/wp\/v2\/comments?post=263668"}],"version-history":[{"count":0,"href":"https:\/\/www.europesays.com\/es\/wp-json\/wp\/v2\/posts\/263668\/revisions"}],"wp:featuredmedia":[{"embeddable":true,"href":"https:\/\/www.europesays.com\/es\/wp-json\/wp\/v2\/media\/263669"}],"wp:attachment":[{"href":"https:\/\/www.europesays.com\/es\/wp-json\/wp\/v2\/media?parent=263668"}],"wp:term":[{"taxonomy":"category","embeddable":true,"href":"https:\/\/www.europesays.com\/es\/wp-json\/wp\/v2\/categories?post=263668"},{"taxonomy":"post_tag","embeddable":true,"href":"https:\/\/www.europesays.com\/es\/wp-json\/wp\/v2\/tags?post=263668"}],"curies":[{"name":"wp","href":"https:\/\/api.w.org\/{rel}","templated":true}]}}