{"id":263670,"date":"2025-11-30T13:08:07","date_gmt":"2025-11-30T13:08:07","guid":{"rendered":"https:\/\/www.europesays.com\/es\/263670\/"},"modified":"2025-11-30T13:08:07","modified_gmt":"2025-11-30T13:08:07","slug":"cooper-flagg-da-un-golpe-sobre-la-mesa","status":"publish","type":"post","link":"https:\/\/www.europesays.com\/es\/263670\/","title":{"rendered":"Cooper Flagg da un golpe sobre la mesa"},"content":{"rendered":"<p data-gtm-element-container=\"modulo-texto-link\" class=\"paragraph\">A pesar que los <strong>Dallas Mavericks<\/strong> actualmente est\u00e9n ubicados en un contexto alejado a nivel competitivo, el n\u00famero 1 del pasado Draft de la NBA ya empieza a ofrecer destellos de su mejor versi\u00f3n. Y es que <strong>Cooper Flagg<\/strong>, a sus 18 a\u00f1os y a pocos d\u00edas de cumplir 19, demostr\u00f3 en la \u00faltima jornada ante unos Clippers en ca\u00edda libre que la franquicia texana tiene algo a lo que agarrarse esta temporada.<\/p>\n<p data-gtm-element-container=\"modulo-texto-link\" class=\"paragraph\">En su vigesimoprimer partido como profesional, el adolescente formado en prestigiosa Duke firm\u00f3 su mejor encuentro desde que est\u00e1 en la NBA y dio motivos a los fans de Dallas para seguir ilusion\u00e1ndose. Ante los angelinos y en 38 minutos de juego, Flagg se fue hasta los <strong>35 puntos <\/strong>y <strong>8 rebotes<\/strong>, con una serie de <strong>13 de 22 en tiros de campo<\/strong>, superando por primera vez la barrera de los 30 puntos desde que est\u00e1 en la liga y d\u00e1ndole la victoria a su equipo a domicilio por 114-110. Su r\u00e9cord anterior estaba en 29 tantos ante los Pelicans en la semana anterior.<\/p>\n<p>    Lee tambi\u00e9n<\/p>\n<p data-gtm-element-container=\"modulo-texto-link\" class=\"paragraph\">Era cuesti\u00f3n de tiempo, pero esta semana ha sido una especial para el \u00faltimo #1 del Draft. Primero fue el viernes, cuando en la derrota ante los Lakers, Flagg logr\u00f3 registrar <strong>11 asistencias<\/strong>, la cifra m\u00e1xima por parte de un adolescente (18 a\u00f1os). 24 horas despu\u00e9s, tambi\u00e9n en Los \u00c1ngeles, \u00e9ste bat\u00eda un r\u00e9cord de precocidad ostentado por<strong> LeBron James<\/strong>, convirti\u00e9ndose en el jugador m\u00e1s joven en en anotar 35 puntos en un partido.\u00a0<\/p>\n<blockquote class=\"twitter-tweet\" data-lang=\"es\"><p>\n<a href=\"https:\/\/twitter.com\/BleacherReport\/status\/1995004945095921748\" rel=\"nofollow noopener\" target=\"_blank\">\n<\/p><\/blockquote>\n<p data-gtm-element-container=\"modulo-texto-link\" class=\"paragraph\">A sus <strong>18 a\u00f1os y 348 d\u00edas<\/strong>, un <strong>LeBron James<\/strong> rookie lograba en diciembre de 2003 su primer encuentro con 35+ puntos en la NBA con los <strong>Cleveland Cavaliers<\/strong>. Esa marca permaneci\u00f3 intacta precisamente hasta este s\u00e1bado, y es que m\u00e1s de dos d\u00e9cadas despu\u00e9s, Flagg se encarg\u00f3 de romperla para convertirse en el <strong>jugador m\u00e1s joven (18 a\u00f1os y 343 d\u00edas) en anotar 35 tantos<\/strong> y en el segundo m\u00e1s precoz en anotar 30+ puntos.<\/p>\n<blockquote class=\"twitter-tweet\" data-lang=\"es\"><p>\n<a href=\"https:\/\/twitter.com\/MavsMuse\/status\/1995006408257900710\" rel=\"nofollow noopener\" target=\"_blank\">\n<\/p><\/blockquote>\n<p data-gtm-element-container=\"modulo-texto-link\" class=\"paragraph\">Hasta la fecha,<strong> Cooper Flagg <\/strong>ha promediado<strong> 15,7 puntos, 6,5 rebotes, 3,5 asistencias <\/strong>y <strong>1,4 robos de bal\u00f3n<\/strong> en 19 partidos disputados y en casi 34 minutos de juego, todos ellos como titular.<\/p>\n<p><script async src=\"https:\/\/platform.twitter.com\/widgets.js\" charset=\"utf-8\"><\/script><\/p>\n","protected":false},"excerpt":{"rendered":"A pesar que los Dallas Mavericks actualmente est\u00e9n ubicados en un contexto alejado a nivel competitivo, el n\u00famero&hellip;\n","protected":false},"author":2,"featured_media":263671,"comment_status":"","ping_status":"","sticky":false,"template":"","format":"standard","meta":{"footnotes":""},"categories":[269],"tags":[299,298,168,25,24,23,167],"class_list":{"0":"post-263670","1":"post","2":"type-post","3":"status-publish","4":"format-standard","5":"has-post-thumbnail","7":"category-baloncesto","8":"tag-baloncesto","9":"tag-basketball","10":"tag-deportes","11":"tag-es","12":"tag-espana","13":"tag-spain","14":"tag-sports"},"share_on_mastodon":{"url":"https:\/\/pubeurope.com\/@es\/115638809772445225","error":""},"_links":{"self":[{"href":"https:\/\/www.europesays.com\/es\/wp-json\/wp\/v2\/posts\/263670","targetHints":{"allow":["GET"]}}],"collection":[{"href":"https:\/\/www.europesays.com\/es\/wp-json\/wp\/v2\/posts"}],"about":[{"href":"https:\/\/www.europesays.com\/es\/wp-json\/wp\/v2\/types\/post"}],"author":[{"embeddable":true,"href":"https:\/\/www.europesays.com\/es\/wp-json\/wp\/v2\/users\/2"}],"replies":[{"embeddable":true,"href":"https:\/\/www.europesays.com\/es\/wp-json\/wp\/v2\/comments?post=263670"}],"version-history":[{"count":0,"href":"https:\/\/www.europesays.com\/es\/wp-json\/wp\/v2\/posts\/263670\/revisions"}],"wp:featuredmedia":[{"embeddable":true,"href":"https:\/\/www.europesays.com\/es\/wp-json\/wp\/v2\/media\/263671"}],"wp:attachment":[{"href":"https:\/\/www.europesays.com\/es\/wp-json\/wp\/v2\/media?parent=263670"}],"wp:term":[{"taxonomy":"category","embeddable":true,"href":"https:\/\/www.europesays.com\/es\/wp-json\/wp\/v2\/categories?post=263670"},{"taxonomy":"post_tag","embeddable":true,"href":"https:\/\/www.europesays.com\/es\/wp-json\/wp\/v2\/tags?post=263670"}],"curies":[{"name":"wp","href":"https:\/\/api.w.org\/{rel}","templated":true}]}}