{"id":263672,"date":"2025-11-30T13:09:08","date_gmt":"2025-11-30T13:09:08","guid":{"rendered":"https:\/\/www.europesays.com\/es\/263672\/"},"modified":"2025-11-30T13:09:08","modified_gmt":"2025-11-30T13:09:08","slug":"sigue-en-directo-el-partido-entre-la-real-sociedad-y-el-villarreal","status":"publish","type":"post","link":"https:\/\/www.europesays.com\/es\/263672\/","title":{"rendered":"Sigue en directo el partido entre la Real Sociedad y el Villarreal"},"content":{"rendered":"<p>\n        La <a href=\"https:\/\/www.noticiasdegipuzkoa.eus\/tags\/real-sociedad\/\" title=\"Real\" class=\"link copy\" rel=\"nofollow noopener\" target=\"_blank\">Real <\/a>ya est\u00e1 jugando frente al Villarreal en Anoeta, con la novedad de Sadiq en la punta de ataque <a href=\"https:\/\/www.noticiasdegipuzkoa.eus\/reala\/2025\/11\/27\/mikel-oyarzabal-rompe-10405573.html\" title=\"en lugar del lesionado Mikel Oyarzabal\" class=\"link copy\" rel=\"nofollow noopener\" target=\"_blank\">en lugar del lesionado Mikel Oyarzabal<\/a> (0-0). Los realistas tendr\u00e1n el reto de vencer a un rival instalado en puestos de Champions para tratar de escalar hacia posiciones europeas.\n<\/p>\n<blockquote class=\"twitter-tweet\" data-lang=\"es\">\n<p lang=\"eu\" dir=\"ltr\">\ud835\uddeb\ud835\udddc | El once de hoy. Zuekin, Reala! AURRERA! <a href=\"https:\/\/twitter.com\/hashtag\/RealSociedadVillarreal?src=hash&amp;ref_src=twsrc%5Etfw\" rel=\"nofollow noopener\" target=\"_blank\">#RealSociedadVillarreal<\/a> <a href=\"https:\/\/t.co\/nDO2q7QeOf\" rel=\"nofollow\">pic.twitter.com\/nDO2q7QeOf<\/a><\/p>\n<p>\u2014 Real Sociedad F\u00fatbol (@RealSociedad) <a href=\"https:\/\/twitter.com\/RealSociedad\/status\/1995096110826770544?ref_src=twsrc%5Etfw\" rel=\"nofollow noopener\" target=\"_blank\">30 de noviembre de 2025<\/a><\/p><\/blockquote>\n<p>  Sadiq, titular<\/p>\n<p class=\"article-body__text \">\n        <strong>Las lesiones de Oyarzabal, Orri \u00d3skarsson y Jon Karrikaburu han provocado que <\/strong><a href=\"https:\/\/www.noticiasdegipuzkoa.eus\/tags\/umar-sadiq\/\" title=\"Umar Sadiq\" class=\"link copy\" rel=\"nofollow noopener\" target=\"_blank\"><strong>Umar Sadiq <\/strong><\/a><strong>sea titular por primera vez<\/strong> esta temporada. El delantero nigeriano, que estaba destinado a dejar el equipo el pasado verano, hab\u00eda participado hasta ahora en tres encuentros de liga, jugando un total de 40 minutos. Sadiq s\u00ed jugo de inicio en el partido de Copa ante el Negreira, disputando 77 minutos.\n<\/p>\n<p>  Sin Igor Zubeldia<\/p>\n<p class=\"article-body__text \">\n        En la lista de convocados <strong>ha destacado tambi\u00e9n la ausencia de <\/strong><a href=\"https:\/\/www.noticiasdegipuzkoa.eus\/tags\/igor-zubeldia\/\" title=\"Igor Zubeldia\" class=\"link copy\" rel=\"nofollow noopener\" target=\"_blank\"><strong>Igor Zubeldia<\/strong><\/a><strong>.<\/strong> El central de Azkoitia apuntaba incluso a titular, pero finalmente se ha quedado fuera de la lista por unas molestias y Aritz Elustondo ha ocupaso su sitio en el eje de la defensa. En lugar de Zubeldia, ha entrado en la lista el jugador del filia<strong>l Luken Beitia<\/strong>. Otro jugador del Sanse, <strong>Gorka Carrera,<\/strong> ha comenzado el duelo en el banquillo a la espera de poder debutar.\n<\/p>\n<p>  Villarreal<\/p>\n<p class=\"article-body__text \">\n        El Villarreal, por su parte, ha alineado a J\u00fanior, Mouri\u00f1o, Foyth, Rafa Mar\u00edn, Pedraza, Buchanan, Santi Comesa\u00f1a, Gueye, Moleiro, Gerard Moreno y Ayoze.\n<\/p>\n<p>            <script async src=\"https:\/\/platform.twitter.com\/widgets.js\" charset=\"utf-8\"><\/script><\/p>\n","protected":false},"excerpt":{"rendered":"La Real ya est\u00e1 jugando frente al Villarreal en Anoeta, con la novedad de Sadiq en la punta&hellip;\n","protected":false},"author":2,"featured_media":249905,"comment_status":"","ping_status":"","sticky":false,"template":"","format":"standard","meta":{"footnotes":""},"categories":[268],"tags":[5293,168,2125,25,24,280,282,798,281,492,23,167,10560],"class_list":{"0":"post-263672","1":"post","2":"type-post","3":"status-publish","4":"format-standard","5":"has-post-thumbnail","7":"category-futbol","8":"tag-cronica","9":"tag-deportes","10":"tag-directo","11":"tag-es","12":"tag-espana","13":"tag-football","14":"tag-futbol","15":"tag-real","16":"tag-soccer","17":"tag-sociedad","18":"tag-spain","19":"tag-sports","20":"tag-villarreal"},"share_on_mastodon":{"url":"https:\/\/pubeurope.com\/@es\/115638813645530307","error":""},"_links":{"self":[{"href":"https:\/\/www.europesays.com\/es\/wp-json\/wp\/v2\/posts\/263672","targetHints":{"allow":["GET"]}}],"collection":[{"href":"https:\/\/www.europesays.com\/es\/wp-json\/wp\/v2\/posts"}],"about":[{"href":"https:\/\/www.europesays.com\/es\/wp-json\/wp\/v2\/types\/post"}],"author":[{"embeddable":true,"href":"https:\/\/www.europesays.com\/es\/wp-json\/wp\/v2\/users\/2"}],"replies":[{"embeddable":true,"href":"https:\/\/www.europesays.com\/es\/wp-json\/wp\/v2\/comments?post=263672"}],"version-history":[{"count":0,"href":"https:\/\/www.europesays.com\/es\/wp-json\/wp\/v2\/posts\/263672\/revisions"}],"wp:featuredmedia":[{"embeddable":true,"href":"https:\/\/www.europesays.com\/es\/wp-json\/wp\/v2\/media\/249905"}],"wp:attachment":[{"href":"https:\/\/www.europesays.com\/es\/wp-json\/wp\/v2\/media?parent=263672"}],"wp:term":[{"taxonomy":"category","embeddable":true,"href":"https:\/\/www.europesays.com\/es\/wp-json\/wp\/v2\/categories?post=263672"},{"taxonomy":"post_tag","embeddable":true,"href":"https:\/\/www.europesays.com\/es\/wp-json\/wp\/v2\/tags?post=263672"}],"curies":[{"name":"wp","href":"https:\/\/api.w.org\/{rel}","templated":true}]}}