{"id":263673,"date":"2025-11-30T13:10:10","date_gmt":"2025-11-30T13:10:10","guid":{"rendered":"https:\/\/www.europesays.com\/es\/263673\/"},"modified":"2025-11-30T13:10:10","modified_gmt":"2025-11-30T13:10:10","slug":"los-cantantes-de-exito-viven-hasta-cinco-anos-menos-2","status":"publish","type":"post","link":"https:\/\/www.europesays.com\/es\/263673\/","title":{"rendered":"los cantantes de \u00e9xito viven hasta cinco a\u00f1os menos"},"content":{"rendered":"<p>\n        La fama en s\u00ed misma puede ser un <strong>factor cr\u00edtico en el acortamiento de la vida de los cantantes<\/strong>, m\u00e1s all\u00e1 de los riesgos del propio trabajo, al menos en el Reino Unido, <a href=\"https:\/\/www.deia.eus\/mundo\/2025\/11\/24\/aranceles-europa-estados-unidos-10392282.html\" title=\"Europa\" class=\"link copy\" rel=\"nofollow noopener\" target=\"_blank\">Europa<\/a> y Am\u00e9rica del Norte, seg\u00fan una investigaci\u00f3n de la <strong>Universidad Witten Herdecke<\/strong> de Alemania publicada en el <strong>Journal of Epidemiology &amp; Community Health<\/strong>.\n<\/p>\n<p class=\"article-body__text \">\n        El estudio se\u00f1ala que estas <strong>estrellas mueren, en promedio, 4 a\u00f1os antes<\/strong> que sus pares que no alcanzaron la celebridad, lo que sugiere que los efectos de la fama son comparables a otros riesgos conocidos para la salud. Investigaciones previas ya indicaban que<strong> los cantantes famosos tienden a morir antes que la poblaci\u00f3n general<\/strong>, pero no estaba claro si la causa era la fama en s\u00ed, las exigencias de la industria musical o los estilos de vida asociados a ella.\n<\/p>\n<p class=\"article-body__text \">\n        Para profundizar en esta cuesti\u00f3n, los autores compararon retrospectivamente el riesgo de muerte de <strong>648 cantantes<\/strong>, de los cuales la mitad hab\u00eda alcanzado notoriedad y la otra mitad no. Cada una de las <strong>324 estrellas<\/strong> fue emparejada con un cantante menos conocido con las mismas caracter\u00edsticas de a\u00f1o de nacimiento, g\u00e9nero, nacionalidad, etnia, g\u00e9nero musical y condici\u00f3n de solista o miembro de banda.\n<\/p>\n<p class=\"article-body__text \">\n        La mayor\u00eda eran hombres (83,5%), nacidos en promedio en 1949, y procedentes principalmente de <strong>Norteam\u00e9rica (61%)<\/strong>, seguidos de Europa y el <a href=\"https:\/\/www.deia.eus\/mundo\/2025\/11\/24\/reino-unido-aplicara-autorizacion-digital-10391896.html\" title=\"Reino Unido\" class=\"link copy\" rel=\"nofollow noopener\" target=\"_blank\">Reino Unido<\/a>. El 77% eran blancos, el 19% afrodescendientes y el 4% de otras etnias o mixtas; adem\u00e1s, el <strong>rock<\/strong> predominaba ampliamente (65%), seguido del R&amp;B (14%), el pop (9%), la new wave (6%), el rap (4%) y la electr\u00f3nica (2%).\n<\/p>\n<p>  Lista de los 2.000 mejores artistas de todos los tiempos<\/p>\n<p class=\"article-body__text \">\n        La famosa muestra se obtuvo de la lista de los <strong>2.000 mejores artistas de todos los tiempos<\/strong> seg\u00fan acclaimedmusic.net, e incluy\u00f3 solo artistas activos entre 1950 y 1990 para asegurar suficiente informaci\u00f3n de seguimiento.\n<\/p>\n<p class=\"article-body__text \">\n        El an\u00e1lisis mostr\u00f3 que los <a href=\"https:\/\/www.deia.eus\/cultura\/2025\/11\/28\/sonia-selena-separan-10408048.html\" title=\"cantantes\" class=\"link copy\" rel=\"nofollow noopener\" target=\"_blank\"><strong>cantantes<\/strong><\/a><strong> famosos viv\u00edan en promedio hasta los 75 a\u00f1os<\/strong>, mientras que los menos famosos alcanzaban los <strong>79 a\u00f1os<\/strong>. Ser miembro de una banda se asoci\u00f3 con un <strong>26% menos de riesgo de muerte<\/strong> respecto a ser solista, pero este factor no modific\u00f3 el impacto general de la fama: las estrellas ten\u00edan a\u00fan <strong>un 33% m\u00e1s de probabilidades de morir antes<\/strong> que sus pares menos c\u00e9lebres.\n<\/p>\n<p class=\"article-body__text \">\n        Solo dos artistas (0,6%) alcanzaron la fama de manera p\u00f3stuma, y el aumento del riesgo apareci\u00f3 <strong>solamente despu\u00e9s de alcanzarla<\/strong>, permaneciendo significativo en todo el per\u00edodo posterior. Esto indica que el riesgo no se debe a diferencias iniciales ni a causalidad inversa, sino que <strong>la fama act\u00faa como un factor desencadenante temporal<\/strong>. El mayor riesgo asociado a la fama es comparable al de <strong>fumar ocasionalmente<\/strong>, que aumenta la mortalidad un 34%.\n<\/p>\n<p>  E<strong>str\u00e9s psicosocial \u00fanico de la<\/strong> fama<\/p>\n<p class=\"article-body__text \">\n        El estudio es observacional, por lo que no puede establecerse causalidad directa, y los autores admiten que la muestra no es global y se limita a cantantes, lo cual podr\u00eda impedir generalizar los hallazgos a otras regiones o a otros tipos de celebridad. No obstante, apuntan que una explicaci\u00f3n posible es el <strong>estr\u00e9s psicosocial \u00fanico de la<\/strong><a href=\"https:\/\/www.deia.eus\/gente\/2025\/11\/02\/igor-yebra-bailarin-internacional-10294876.html\" title=\"fama\" class=\"link copy\" rel=\"nofollow noopener\" target=\"_blank\"> fama<\/a>, marcado por el intenso escrutinio p\u00fablico, la presi\u00f3n por el rendimiento y la p\u00e9rdida de privacidad.\n<\/p>\n<p class=\"article-body__text \">\n        Estos factores pueden fomentar conductas de afrontamiento poco saludables y convertir la fama en una <strong>carga cr\u00f3nica<\/strong> que amplifica riesgos ya existentes. Aunque la fama suele traer consigo <strong>seguridad financiera<\/strong>, un factor asociado al envejecimiento saludable, los autores se\u00f1alan que <strong>ser famoso parece tan perjudicial que neutraliza cualquier beneficio socioecon\u00f3mico<\/strong>, destacando as\u00ed la mayor vulnerabilidad de esta poblaci\u00f3n y la necesidad de <strong>protecci\u00f3n y apoyo espec\u00edficos<\/strong>.<\/p>\n","protected":false},"excerpt":{"rendered":"La fama en s\u00ed misma puede ser un factor cr\u00edtico en el acortamiento de la vida de los&hellip;\n","protected":false},"author":2,"featured_media":263618,"comment_status":"","ping_status":"","sticky":false,"template":"","format":"standard","meta":{"footnotes":""},"categories":[174],"tags":[3061,255,146,147,25,24,4518,14606,256,23,2606],"class_list":{"0":"post-263673","1":"post","2":"type-post","3":"status-publish","4":"format-standard","5":"has-post-thumbnail","7":"category-famosos","8":"tag-cantantes","9":"tag-celebrities","10":"tag-entertainment","11":"tag-entretenimiento","12":"tag-es","13":"tag-espana","14":"tag-exito","15":"tag-fama","16":"tag-famosos","17":"tag-spain","18":"tag-vida"},"share_on_mastodon":{"url":"https:\/\/pubeurope.com\/@es\/115638817680849333","error":""},"_links":{"self":[{"href":"https:\/\/www.europesays.com\/es\/wp-json\/wp\/v2\/posts\/263673","targetHints":{"allow":["GET"]}}],"collection":[{"href":"https:\/\/www.europesays.com\/es\/wp-json\/wp\/v2\/posts"}],"about":[{"href":"https:\/\/www.europesays.com\/es\/wp-json\/wp\/v2\/types\/post"}],"author":[{"embeddable":true,"href":"https:\/\/www.europesays.com\/es\/wp-json\/wp\/v2\/users\/2"}],"replies":[{"embeddable":true,"href":"https:\/\/www.europesays.com\/es\/wp-json\/wp\/v2\/comments?post=263673"}],"version-history":[{"count":0,"href":"https:\/\/www.europesays.com\/es\/wp-json\/wp\/v2\/posts\/263673\/revisions"}],"wp:featuredmedia":[{"embeddable":true,"href":"https:\/\/www.europesays.com\/es\/wp-json\/wp\/v2\/media\/263618"}],"wp:attachment":[{"href":"https:\/\/www.europesays.com\/es\/wp-json\/wp\/v2\/media?parent=263673"}],"wp:term":[{"taxonomy":"category","embeddable":true,"href":"https:\/\/www.europesays.com\/es\/wp-json\/wp\/v2\/categories?post=263673"},{"taxonomy":"post_tag","embeddable":true,"href":"https:\/\/www.europesays.com\/es\/wp-json\/wp\/v2\/tags?post=263673"}],"curies":[{"name":"wp","href":"https:\/\/api.w.org\/{rel}","templated":true}]}}