{"id":263674,"date":"2025-11-30T13:11:18","date_gmt":"2025-11-30T13:11:18","guid":{"rendered":"https:\/\/www.europesays.com\/es\/263674\/"},"modified":"2025-11-30T13:11:18","modified_gmt":"2025-11-30T13:11:18","slug":"los-edificios-mas-feos-de-zaragoza-que-nadie-sabe-explicarlos","status":"publish","type":"post","link":"https:\/\/www.europesays.com\/es\/263674\/","title":{"rendered":"Los edificios m\u00e1s feos de Zaragoza que nadie sabe explicarlos"},"content":{"rendered":"<p><a href=\"https:\/\/www.hoyaragon.es\/blog\/section\/zaragoza\/\" rel=\"nofollow noopener\" target=\"_blank\"><strong>Zaragoza <\/strong><\/a>es una ciudad donde conviven siglos de patrimonio hist\u00f3rico con apuestas arquitect\u00f3nicas modernas que no siempre generan consenso. Algunos edificios destacan por su audacia; otros, por su desconexi\u00f3n con el entorno. Todos tienen algo en com\u00fan: <strong>han despertado debates intensos entre los vecinos<\/strong> y se han convertido en aut\u00e9nticos s\u00edmbolos de controversia urbana.<\/p>\n<p>A continuaci\u00f3n, repasamos algunos de los edificios que m\u00e1s opiniones dividen en la ciudad, con su contexto y particularidades.<\/p>\n<p><strong>Iglesia de San P\u00edo X: un templo que muchos no reconocen como tal<\/strong><\/p>\n<p>Ubicada en el barrio de La Jota, la <strong>Iglesia de San P\u00edo X<\/strong>, inaugurada en 1974, es quiz\u00e1 el ejemplo m\u00e1s citado cuando en Zaragoza se habla de arquitectura incomprendida. Su dise\u00f1o rompe completamente con los patrones tradicionales: el altar se sit\u00faa <strong>en el centro del edificio<\/strong>, rodeado por los fieles, en un intento de fomentar una comunidad m\u00e1s cercana.<\/p>\n<p><img decoding=\"async\" width=\"800\" height=\"534\" alt=\"Iglesia de San Pio X ,\/ Zaragoza Arquitectura\" src=\"https:\/\/www.europesays.com\/es\/wp-content\/uploads\/2025\/11\/2025112913315095852.jpg\" loading=\"lazy\"  \/><br \/>\nIglesia de San Pio X ,\/ Zaragoza Arquitectura<\/p>\n<p>La estructura exterior \u2014de vol\u00famenes geom\u00e9tricos, l\u00edneas duras y predominio del hormig\u00f3n\u2014 provoca una impresi\u00f3n que muchos definen como fr\u00eda y poco reconocible para un edificio religioso. Para sus defensores, es una apuesta moderna adelantada a su tiempo; para otros, una construcci\u00f3n dif\u00edcil de integrar en el entorno.<\/p>\n<p><strong>Iglesia de Santa M\u00f3nica: el \u201covni\u201d de La Romareda<\/strong><\/p>\n<p>En pleno barrio de La Romareda se alza la <strong>Iglesia de Santa M\u00f3nica<\/strong>, inaugurada en 1973. Su c\u00fapula circular y su apariencia futurista hicieron que los vecinos la apodaran desde el primer d\u00eda como <strong>\u201cel ovni\u201d<\/strong>.<\/p>\n<p><img decoding=\"async\" width=\"700\" height=\"468\" alt=\"Iglesia de Santa M\u00f3nica .\/ Zaragoza Arquitectura siglo XX\" src=\"https:\/\/www.europesays.com\/es\/wp-content\/uploads\/2025\/11\/2025112913324068985.webp.webp\" loading=\"lazy\"  \/><br \/>\nIglesia de Santa M\u00f3nica .\/ Zaragoza Arquitectura siglo XX<\/p>\n<p>Este templo forma parte de una corriente arquitect\u00f3nica que, tras el Concilio Vaticano II, apost\u00f3 por dise\u00f1os renovadores para romper con lo tradicional. El resultado es un edificio llamativo, de est\u00e9tica experimental, que algunos consideran un hito arquitect\u00f3nico y otros un \u201ccuerpo extra\u00f1o\u201d dentro de un barrio residencial de estilo cl\u00e1sico.<\/p>\n<p><strong>IAACC Pablo Serrano: arte por fuera y por dentro<\/strong><\/p>\n<p>El <strong>Museo Pablo Serrano<\/strong>, ubicado en el paseo Mar\u00eda Agust\u00edn, es quiz\u00e1 la construcci\u00f3n m\u00e1s pol\u00e9mica del casco urbano. Tras su ampliaci\u00f3n, el edificio adopt\u00f3 un aspecto <strong>anguloso, met\u00e1lico y vanguardista<\/strong>, que lo convirti\u00f3 en uno de los iconos contempor\u00e1neos de la ciudad\u2026 y tambi\u00e9n en uno de los m\u00e1s criticados.<\/p>\n<p><img decoding=\"async\" width=\"1280\" height=\"854\" alt=\"IAACC Pablo Serrano .\/ Cultura Arag\u00f3n\" src=\"https:\/\/www.europesays.com\/es\/wp-content\/uploads\/2025\/11\/2025112913342653353.jpg\" loading=\"lazy\"  \/><br \/>\nIAACC Pablo Serrano .\/ Cultura Arag\u00f3n<\/p>\n<p>Su dise\u00f1o combina partes del antiguo edificio con grandes prismas de metal y cristal que parecen sobresalir de manera casi escult\u00f3rica. Para unos, es un museo que \u201c<strong>es arte en s\u00ed mismo<\/strong>\u201d; para otros, un volumen excesivo y descontextualizado. El sobrenombre local lo dice todo: <strong>\u201cel Transformer\u201d<\/strong>.<\/p>\n<p><strong>Pabell\u00f3n de Arag\u00f3n: una cesta gigante que no convence a todos<\/strong><\/p>\n<p>Construido para la <strong>Expo 2008<\/strong>, el <strong>Pabell\u00f3n de Arag\u00f3n<\/strong> es una de las obras m\u00e1s reconocidas del recinto del Actur. Concebido como una <strong>cesta de mimbre gigante elevada sobre tres pilares<\/strong>, buscaba simbolizar tradici\u00f3n y modernidad simult\u00e1neamente.<\/p>\n<p><img decoding=\"async\" width=\"800\" height=\"600\" alt=\"Pabell\u00f3n de Arag\u00f3n .\/ Asociaci\u00f3n Legado de Expo Zaragoza 2008\" src=\"https:\/\/www.europesays.com\/es\/wp-content\/uploads\/2025\/11\/2025112913354979478.jpg\" loading=\"lazy\"  \/><br \/>\nPabell\u00f3n de Arag\u00f3n .\/ Asociaci\u00f3n Legado de Expo Zaragoza 2008<\/p>\n<p>Su fachada combina vidrio, hormig\u00f3n y materiales trasl\u00facidos, creando un efecto visual llamativo que maravill\u00f3 durante la Expo. Con el paso del tiempo, sin embargo, su integraci\u00f3n en el entorno post-exposici\u00f3n ha generado debate. Algunos vecinos lo consideran una pieza arquitect\u00f3nica singular; otros opinan que es una estructura desproporcionada y dif\u00edcil de encajar en su zona actual.<\/p>\n<p><strong>Feos, raros o simplemente incomprendidos<\/strong><\/p>\n<p>M\u00e1s all\u00e1 de las opiniones, estos edificios forman parte de la <strong>identidad urbana contempor\u00e1nea<\/strong> de Zaragoza. Representan etapas de experimentaci\u00f3n, intentos de modernizaci\u00f3n o respuestas arquitect\u00f3nicas a los desaf\u00edos de su tiempo.<\/p>\n<p>Lo que est\u00e1 claro es que <strong>ninguno deja indiferente<\/strong>, y en esa mezcla de extra\u00f1eza, audacia y pol\u00e9mica reside quiz\u00e1 su verdadero valor: el de recordar que una ciudad tambi\u00e9n se define por sus contrastes, por lo que gusta\u2026 y por lo que desconcierta.<\/p>\n","protected":false},"excerpt":{"rendered":"Zaragoza es una ciudad donde conviven siglos de patrimonio hist\u00f3rico con apuestas arquitect\u00f3nicas modernas que no siempre generan&hellip;\n","protected":false},"author":2,"featured_media":263675,"comment_status":"","ping_status":"","sticky":false,"template":"","format":"standard","meta":{"footnotes":""},"categories":[173],"tags":[229,233,231,230,232,234,146,147,25,24,23,491],"class_list":{"0":"post-263674","1":"post","2":"type-post","3":"status-publish","4":"format-standard","5":"has-post-thumbnail","7":"category-arte-y-diseno","8":"tag-arte","9":"tag-arte-y-diseno","10":"tag-arts","11":"tag-arts-and-design","12":"tag-design","13":"tag-diseno","14":"tag-entertainment","15":"tag-entretenimiento","16":"tag-es","17":"tag-espana","18":"tag-spain","19":"tag-zaragoza"},"share_on_mastodon":{"url":"https:\/\/pubeurope.com\/@es\/115638821816604385","error":""},"_links":{"self":[{"href":"https:\/\/www.europesays.com\/es\/wp-json\/wp\/v2\/posts\/263674","targetHints":{"allow":["GET"]}}],"collection":[{"href":"https:\/\/www.europesays.com\/es\/wp-json\/wp\/v2\/posts"}],"about":[{"href":"https:\/\/www.europesays.com\/es\/wp-json\/wp\/v2\/types\/post"}],"author":[{"embeddable":true,"href":"https:\/\/www.europesays.com\/es\/wp-json\/wp\/v2\/users\/2"}],"replies":[{"embeddable":true,"href":"https:\/\/www.europesays.com\/es\/wp-json\/wp\/v2\/comments?post=263674"}],"version-history":[{"count":0,"href":"https:\/\/www.europesays.com\/es\/wp-json\/wp\/v2\/posts\/263674\/revisions"}],"wp:featuredmedia":[{"embeddable":true,"href":"https:\/\/www.europesays.com\/es\/wp-json\/wp\/v2\/media\/263675"}],"wp:attachment":[{"href":"https:\/\/www.europesays.com\/es\/wp-json\/wp\/v2\/media?parent=263674"}],"wp:term":[{"taxonomy":"category","embeddable":true,"href":"https:\/\/www.europesays.com\/es\/wp-json\/wp\/v2\/categories?post=263674"},{"taxonomy":"post_tag","embeddable":true,"href":"https:\/\/www.europesays.com\/es\/wp-json\/wp\/v2\/tags?post=263674"}],"curies":[{"name":"wp","href":"https:\/\/api.w.org\/{rel}","templated":true}]}}