{"id":263680,"date":"2025-11-30T13:16:09","date_gmt":"2025-11-30T13:16:09","guid":{"rendered":"https:\/\/www.europesays.com\/es\/263680\/"},"modified":"2025-11-30T13:16:09","modified_gmt":"2025-11-30T13:16:09","slug":"comunicado-oficial-del-levante-ud-levante-ud","status":"publish","type":"post","link":"https:\/\/www.europesays.com\/es\/263680\/","title":{"rendered":"Comunicado oficial del Levante UD | Levante UD"},"content":{"rendered":"<p>El Consejo de Administraci\u00f3n del Levante UD y la Direcci\u00f3n Deportiva han acordado la no continuidad de Juli\u00e1n Calero como entrenador del primer equipo masculino.<\/p>\n<p class=\"MsoNormal\" style=\"text-align: justify;\">El t\u00e9cnico madrile\u00f1o aterriz\u00f3 en el club el 8 de junio de 2024 para ponerse al frente del proyecto levantinista con el objetivo de retornar al equipo a la m\u00e1xima categor\u00eda. Desde su llegada, <strong style=\"mso-bidi-font-weight: normal;\">Calero quiso devolver la ilusi\u00f3n y la confianza a los levantinistas<\/strong> con un mensaje claro: \u201cTodo va a salir bien\u201d. Afici\u00f3n y equipo fueron uno y esa alianza se convirti\u00f3 en el motor de una temporada inolvidable. El 25 de mayo de 2025, <strong style=\"mso-bidi-font-weight: normal;\">el entrenador cumpli\u00f3 su promesa y el Levante UD regres\u00f3 a Primera Divisi\u00f3n<\/strong>. Una semana m\u00e1s tarde, el Ciutat de Val\u00e8ncia volvi\u00f3 a vivir una tarde m\u00e1gica. El equipo puso el broche de oro a la temporada proclam\u00e1ndose <strong style=\"mso-bidi-font-weight: normal;\">campe\u00f3n de LALIGA HYPERMOTION<\/strong>.<\/p>\n<p class=\"MsoNormal\" style=\"text-align: justify;\">Desde el Levante UD queremos trasladar nuestra gratitud m\u00e1s sincera a Juli\u00e1n Calero y a su cuerpo t\u00e9cnico, formado por el preparador f\u00edsico <strong style=\"mso-bidi-font-weight: normal;\">Roberto Ovejero<\/strong> y el entrenador de porteros <strong style=\"mso-bidi-font-weight: normal;\">Borja Montero<\/strong>, por su entrega incansable, dedicaci\u00f3n absoluta, compromiso, implicaci\u00f3n y por devolver la ilusi\u00f3n al levantinismo. Asimismo, les deseamos la mejor de las suertes en sus futuros proyectos profesionales.<\/p>\n<p class=\"MsoNormal\" style=\"text-align: justify;\">Juli\u00e1n, formas parte de la historia del Levante UD y esta siempre ser\u00e1 tu casa.<\/p>\n","protected":false},"excerpt":{"rendered":"El Consejo de Administraci\u00f3n del Levante UD y la Direcci\u00f3n Deportiva han acordado la no continuidad de Juli\u00e1n&hellip;\n","protected":false},"author":2,"featured_media":263681,"comment_status":"","ping_status":"","sticky":false,"template":"","format":"standard","meta":{"footnotes":""},"categories":[93],"tags":[168,25,24,23,167],"class_list":{"0":"post-263680","1":"post","2":"type-post","3":"status-publish","4":"format-standard","5":"has-post-thumbnail","7":"category-deportes","8":"tag-deportes","9":"tag-es","10":"tag-espana","11":"tag-spain","12":"tag-sports"},"share_on_mastodon":{"url":"https:\/\/pubeurope.com\/@es\/115638841098920635","error":""},"_links":{"self":[{"href":"https:\/\/www.europesays.com\/es\/wp-json\/wp\/v2\/posts\/263680","targetHints":{"allow":["GET"]}}],"collection":[{"href":"https:\/\/www.europesays.com\/es\/wp-json\/wp\/v2\/posts"}],"about":[{"href":"https:\/\/www.europesays.com\/es\/wp-json\/wp\/v2\/types\/post"}],"author":[{"embeddable":true,"href":"https:\/\/www.europesays.com\/es\/wp-json\/wp\/v2\/users\/2"}],"replies":[{"embeddable":true,"href":"https:\/\/www.europesays.com\/es\/wp-json\/wp\/v2\/comments?post=263680"}],"version-history":[{"count":0,"href":"https:\/\/www.europesays.com\/es\/wp-json\/wp\/v2\/posts\/263680\/revisions"}],"wp:featuredmedia":[{"embeddable":true,"href":"https:\/\/www.europesays.com\/es\/wp-json\/wp\/v2\/media\/263681"}],"wp:attachment":[{"href":"https:\/\/www.europesays.com\/es\/wp-json\/wp\/v2\/media?parent=263680"}],"wp:term":[{"taxonomy":"category","embeddable":true,"href":"https:\/\/www.europesays.com\/es\/wp-json\/wp\/v2\/categories?post=263680"},{"taxonomy":"post_tag","embeddable":true,"href":"https:\/\/www.europesays.com\/es\/wp-json\/wp\/v2\/tags?post=263680"}],"curies":[{"name":"wp","href":"https:\/\/api.w.org\/{rel}","templated":true}]}}