{"id":263682,"date":"2025-11-30T13:17:10","date_gmt":"2025-11-30T13:17:10","guid":{"rendered":"https:\/\/www.europesays.com\/es\/263682\/"},"modified":"2025-11-30T13:17:10","modified_gmt":"2025-11-30T13:17:10","slug":"aragon-muestra-su-compromiso-con-la-prevencion-del-vih-en-el-dia-mundial-del-sida","status":"publish","type":"post","link":"https:\/\/www.europesays.com\/es\/263682\/","title":{"rendered":"Arag\u00f3n muestra su compromiso con la prevenci\u00f3n del VIH en el D\u00eda Mundial del Sida"},"content":{"rendered":"<p>Un a\u00f1o m\u00e1s, Arag\u00f3n pone de relieve su<strong> compromiso continuo con la prevenci\u00f3n del VIH,<\/strong> el diagn\u00f3stico precoz y la atenci\u00f3n integral de las personas afectadas en el <strong>D\u00eda Mundial del Sida.<\/strong> Ante los nuevos datos obtenidos este a\u00f1o, la comunidad est\u00e1 trabajando por fortalecer sus estrategias sanitarias y comunitarias, as\u00ed como las acciones de concienciaci\u00f3n dirigidas a la ciudadan\u00eda.<\/p>\n<p>En el a\u00f1o 2024 <strong>se han producido 107 nuevos diagn\u00f3sticos, lo que se traduce en 7,9 casos por 100.000 habitantes. <\/strong>Estos datos indican que se ha producido un ligero incremento respecto a los a\u00f1os previos: 6,4 en 2023 y 6,8 en 2022. La pr\u00e1ctica de riesgo m\u00e1s frecuente contin\u00faa siendo la de HSH (hombres que tienen sexo con hombres), no habi\u00e9ndose notificado diagn\u00f3sticos asociados al uso de drogas por v\u00eda parenteral.<\/p>\n<p>La detecci\u00f3n temprana del VIH contin\u00faa siendo uno de los principales retos en Arag\u00f3n, ya que en 2024, <strong>el diagn\u00f3stico tard\u00edo fue del 51,4% <\/strong>de los nuevos casos. Detectar la infecci\u00f3n de forma temprana es clave para iniciar el tratamiento lo antes posible, mejorar la calidad de vida y evitar nuevas transmisiones, ya que el tratamiento antirretroviral que permita lograr indetectable=intransmisible.<\/p>\n<p>ESTRATEGIA INTEGRAL FRENTE AL VIH Y LAS INFECCIONES DE TRANSMISI\u00d3N ORAL<\/p>\n<p>En Arag\u00f3n, desde la Direcci\u00f3n General de Salud P\u00fablica y el Instituto Aragon\u00e9s de Ciencias de la Salud (IACS) se ha iniciado la elaboraci\u00f3n de la <strong>Estrategia Integral frente al VIH y las infecciones de transmisi\u00f3n sexual,<\/strong> que establecer\u00e1 las l\u00edneas de trabajo para los pr\u00f3ximos a\u00f1os. Se trata de recoger las actuaciones que ya se est\u00e1n llevando a cabo y potenciar las que se consideran prioritarias, con el fin de fortalecer la coordinaci\u00f3n institucional, la prevenci\u00f3n, el diagn\u00f3stico precoz y el abordaje del tratamiento temprano y la cronicidad.<\/p>\n<p><strong>La prevenci\u00f3n combinada es clave en el abordaje del VIH.<\/strong> En este \u00e1mbito de la prevenci\u00f3n se integran herramientas como el fomento del uso del preservativo, la educaci\u00f3n sexual, el diagn\u00f3stico precoz, el tratamiento antirretroviral y la profilaxis preexposici\u00f3n (PrEP), disponible en Arag\u00f3n de acuerdo con las indicaciones consensuadas por la <strong>Divisi\u00f3n de Control de VIH, ITS, Hepatitis virales y Tuberculosis, del Ministerio de Sanidad.<\/strong><\/p>\n<p>Con el fin de mejorar el diagn\u00f3stico precoz, destaca en el \u00e1mbito sanitario el trabajo que se realiza desde los servicios de Urgencias Hospitalarias con el proyecto <strong>\u201cDeja tu Huella\u201d<\/strong>. Se trata de promover la solicitud de serolog\u00edas de VIH en la atenci\u00f3n de Urgencias cuando los pacientes presentan s\u00edntomas compatibles o factores de riesgo. En estos servicios, disponen de<strong> un sistema de alertas inform\u00e1ticas en la historia electr\u00f3nica que recomienda hacer una serolog\u00eda VIH cuando se dan esos s\u00edntomas<\/strong>. \u00abDeja tu huella\u00bb, iniciativa de la Sociedad Espa\u00f1ola de Medicina de Urgencias y Emergencias, facilita el diagn\u00f3stico precoz.<\/p>\n<p>Tambi\u00e9n se act\u00faa <strong>desde Atenci\u00f3n Primaria. <\/strong>La Direcci\u00f3n General de Salud P\u00fablica ha estado desarrollando en los \u00faltimos meses un amplio programa formativo dirigido, tambi\u00e9n en este nivel asistencial, a los profesionales sanitarios del Sistema Aragon\u00e9s de Salud. Estas acciones proporcionan conocimientos actualizados, habilidades cl\u00ednicas y herramientas de comunicaci\u00f3n para ofrecer una atenci\u00f3n m\u00e1s cercana, eficaz y libre de estigma.<\/p>\n<p>Del 27 de octubre al 7 de noviembre, tuvo lugar el curso<strong> \u201cInfecciones de Transmisi\u00f3n Sexual\u201d,<\/strong> dirigido y acreditado para profesionales de medicina y enfermer\u00eda. Este programa formativo ha tenido como objetivo principal capacitar a los y las profesionales en epidemiolog\u00eda y vigilancia de ITS y VIH, prevenci\u00f3n y educaci\u00f3n sanitaria, diagn\u00f3stico precoz y manejo cl\u00ednico de las ITS y el VIH, <strong>incorporando un enfoque integral, comunitario y centrado en la equidad.<\/strong><\/p>\n<p>Durante 2025, el Gobierno de Arag\u00f3n ha destinado <strong>140.000 euros<\/strong> en la convocatoria de subvenciones de Salud P\u00fablica para <strong>financiar proyectos de prevenci\u00f3n del VIH y el sida,<\/strong> fortaleciendo as\u00ed el trabajo de las entidades sociales. Asimismo, se han distribuido m\u00e1s de 4.000 pruebas r\u00e1pidas de VIH e ITS, as\u00ed como material preventivo, 68.560 preservativos y 29.300 lubricantes a entidades sociales, con el fin de facilitar la prevenci\u00f3n y el acceso al diagn\u00f3stico precoz en el \u00e1mbito comunitario.<\/p>\n<p>Para concienciar a la poblaci\u00f3n en el D\u00eda Mundial del Sida, este lunes 1 de diciembre el Gobierno de Arag\u00f3n junto con el Ayuntamiento de Zaragoza han organizado<strong> una jornada que comenzar\u00e1 a las 11:00 horas en el Parque Bruil, junto al memorial del VIH, con un acto institucional. <\/strong>A lo largo del d\u00eda, en el Centro Joaqu\u00edn Roncal, se proyectar\u00e1 el cortometraje de OMSIDA Piruletas y se entregar\u00e1n los premios a los ganadores del concurso de carteles del XIX Certamen \u00abEn el Sida Pintamos Todos\u00bb.<\/p>\n<p>Por la tarde, en la Plaza Espa\u00f1a, las entidades sin \u00e1nimo de lucro instalar\u00e1n mesas informativas, ofreciendo un espacio de colaboraci\u00f3n, informaci\u00f3n y sensibilizaci\u00f3n, que se complementar\u00e1 con una actuaci\u00f3n musical de Big Moon y la lectura del manifiesto, a cargo de MuchaVIHda.<\/p>\n<p>Enmarcada dentro de las actividades que se realizar\u00e1n por el D\u00eda Mundial del Sida, el martes 2 de diciembre tendr\u00e1 lugar la jornada VIH Hoy: <strong>avances y desaf\u00edos. <\/strong>El encuentro, organizado por el IACS en colaboraci\u00f3n con la Direcci\u00f3n General de Salud P\u00fablica y con el patrocinio de ViiV Healthcare SL y Gilead SL, se celebrar\u00e1 en el sal\u00f3n de actos del CIBA y tambi\u00e9n podr\u00e1 seguirse en streaming.\u00a0<\/p>\n<p><strong>Se trata de una jornada dirigida tanto a profesionales sanitarios como no sanitarios,<\/strong> que se plantea como un espacio para actualizar conocimientos, compartir experiencias y reforzar una respuesta al VIH m\u00e1s humana, inclusiva y libre de estigma. El programa incluye ponencias sobre la evoluci\u00f3n de la inversi\u00f3n en VIH, estrategias de prevenci\u00f3n combinada, detecci\u00f3n temprana, acceso al tratamiento, salud mental y los retos actuales de la atenci\u00f3n integral.<\/p>\n","protected":false},"excerpt":{"rendered":"Un a\u00f1o m\u00e1s, Arag\u00f3n pone de relieve su compromiso continuo con la prevenci\u00f3n del VIH, el diagn\u00f3stico precoz&hellip;\n","protected":false},"author":2,"featured_media":263683,"comment_status":"","ping_status":"","sticky":false,"template":"","format":"standard","meta":{"footnotes":""},"categories":[92],"tags":[4499,25,24,9548,165,338,597,166,1811,30402,23,6877],"class_list":{"0":"post-263682","1":"post","2":"type-post","3":"status-publish","4":"format-standard","5":"has-post-thumbnail","7":"category-salud","8":"tag-aragon","9":"tag-es","10":"tag-espana","11":"tag-gobierno-de-aragon","12":"tag-health","13":"tag-portada","14":"tag-prevencion","15":"tag-salud","16":"tag-sanidad","17":"tag-sida","18":"tag-spain","19":"tag-vih"},"share_on_mastodon":{"url":"https:\/\/pubeurope.com\/@es\/115638845360262177","error":""},"_links":{"self":[{"href":"https:\/\/www.europesays.com\/es\/wp-json\/wp\/v2\/posts\/263682","targetHints":{"allow":["GET"]}}],"collection":[{"href":"https:\/\/www.europesays.com\/es\/wp-json\/wp\/v2\/posts"}],"about":[{"href":"https:\/\/www.europesays.com\/es\/wp-json\/wp\/v2\/types\/post"}],"author":[{"embeddable":true,"href":"https:\/\/www.europesays.com\/es\/wp-json\/wp\/v2\/users\/2"}],"replies":[{"embeddable":true,"href":"https:\/\/www.europesays.com\/es\/wp-json\/wp\/v2\/comments?post=263682"}],"version-history":[{"count":0,"href":"https:\/\/www.europesays.com\/es\/wp-json\/wp\/v2\/posts\/263682\/revisions"}],"wp:featuredmedia":[{"embeddable":true,"href":"https:\/\/www.europesays.com\/es\/wp-json\/wp\/v2\/media\/263683"}],"wp:attachment":[{"href":"https:\/\/www.europesays.com\/es\/wp-json\/wp\/v2\/media?parent=263682"}],"wp:term":[{"taxonomy":"category","embeddable":true,"href":"https:\/\/www.europesays.com\/es\/wp-json\/wp\/v2\/categories?post=263682"},{"taxonomy":"post_tag","embeddable":true,"href":"https:\/\/www.europesays.com\/es\/wp-json\/wp\/v2\/tags?post=263682"}],"curies":[{"name":"wp","href":"https:\/\/api.w.org\/{rel}","templated":true}]}}