{"id":263684,"date":"2025-11-30T13:18:11","date_gmt":"2025-11-30T13:18:11","guid":{"rendered":"https:\/\/www.europesays.com\/es\/263684\/"},"modified":"2025-11-30T13:18:11","modified_gmt":"2025-11-30T13:18:11","slug":"tiaras-y-tik-tok-alta-costura-y-cigarrillos-slim-vals-y-las-spice-girls-las-24-horas-de-le-bal","status":"publish","type":"post","link":"https:\/\/www.europesays.com\/es\/263684\/","title":{"rendered":"Tiaras y Tik Tok, alta costura y cigarrillos slim, vals y las Spice Girls: las 24 horas de Le Bal"},"content":{"rendered":"<p>\u201cEsa sonrisa me recuerda a tu abuela\u201d, le dice el fot\u00f3grafo a <strong>Carolina Lansing<\/strong>, otra de las nietas ilustres de esta edici\u00f3n de Le Bal. La suya es la dise\u00f1adora y leyenda de la alta sociedad <a href=\"https:\/\/www.revistavanityfair.es\/articulos\/carolina-herrera-trabajo-pareja-pedro-de-noronha-circulo-amigas\" rel=\"nofollow noopener\" target=\"_blank\">Carolina Herrera<\/a>, que no ha podido acompa\u00f1arla a Par\u00eds. \u201cPero estoy arropada por el resto de mi familia\u201d, matiza la joven, que viste para la ocasi\u00f3n un vestido palabra de honor de lunares con un gran lazo en la falda de <a href=\"https:\/\/www.revistavanityfair.es\/articulos\/wes-gordon-carolina-herrera-reina-letizia-vestido-desfile\" rel=\"nofollow noopener\" target=\"_blank\">Wes Gordon, actual director creativo de la marca<\/a>. Para ella, los joyeros han elegido un choker con una flor de diamantes. \u201cMi abuelo Reinaldo sol\u00eda regalarle joyas as\u00ed a mi abuela, as\u00ed que para m\u00ed se trata de una forma muy bonita de tenerlo presente\u201d, dice la joven mientras <a href=\"https:\/\/www.revistavanityfair.es\/articulos\/albert-windsor-nieto-duques-de-kent-eulalia-de-orleans-borbon-baile-de-debutantes\" rel=\"nofollow noopener\" target=\"_blank\">Eulalia de Borb\u00f3n y Orl\u00e9ans<\/a> pasa cerca de ella con su vestido de <strong>Tony Ward<\/strong> -\u201cen cuanto lo vi, supe que era ese\u201d- y una tiara con la flor de Lis de los borbones. \u201cMi padre le ha enviado fotos al rey. Le ha dicho que estoy muy guapa, que el vestido es precioso\u201d, revela la ahijada del don <a href=\"https:\/\/www.revistavanityfair.es\/tags\/juan-carlos-de-borbon\" rel=\"nofollow noopener\" target=\"_blank\">Juan Carlos<\/a>, que estudia Finanzas en St. Andrews y domina cinco idiomas. \u201cEstoy aprendiendo ruso\u201d.<\/p>\n<p><img decoding=\"async\" alt=\"Eulalia de Orleans ahijada del rey Juan Carlos ha sido una de las debutantes de este a\u00f1o\" loading=\"lazy\" class=\"ResponsiveImageContainer-eNxvmU cfBbTk responsive-image__image\"   src=\"https:\/\/www.europesays.com\/es\/wp-content\/uploads\/2025\/11\/Le%20Bal%202025%C2%A9Jonathan%20Becker-29.jpg\"\/><\/p>\n<p>Eulalia de Orleans, ahijada del rey Juan Carlos, ha sido una de las debutantes de este a\u00f1o<\/p>\n<p>Jonathan Becker<\/p>\n<p>Le Bal es un acontecimiento social que, a pesar de sus or\u00edgenes decimon\u00f3nicos, sigue la t\u00f3nica de los tiempos con participantes de 12 nacionalidades que, el d\u00eda D, desfilan ante sus familiares acompa\u00f1adas de sus chevaliers servants. El historiador y presentador de televisi\u00f3n <a href=\"https:\/\/www.revistavanityfair.es\/articulos\/juan-carlos-i-entrevista-television-francesa-declaraciones\" rel=\"nofollow noopener\" target=\"_blank\">St\u00e9phane Bern, que acaba de entrevistar por cierto al rey Juan Carlos<\/a>, es el encargado de conducir el evento con una acertada mezcla de humor, ingenio y datos -\u201cestamos en el \u00fanico palacio decorado a la parisina -piensen en molduras doradas, mucho espejo y suelos de madera- que queda, el de <strong>Roland Bonaparte<\/strong>\u201d; \u201c\u00a1oh!, ah\u00ed viene la nieta de rey de Las Vegas, <strong>Kirk Kerkorian<\/strong>-\u201d, \u201cah\u00ed tenemos a la hija de los <strong>duques de Marlborough<\/strong> con su chevalier, \u2018qu\u00e9 alto!\u201d-. Mientras, los asistentes aplauden y jalean a las debutantes, que demuestran su destreza para lucir los trajes de alta costura y las joyas, pero tambi\u00e9n su naturalidad y que, efectivamente, si participan en esta fiesta ben\u00e9fica es para pas\u00e1rselo bien. El ambiente es, de hecho, bastante m\u00e1s distendido de lo que cabr\u00eda esperar. \u201cNo hay competitividad, todo es buen rollo\u201d, dice la madre de un chevalier mientras sirven un delicado flan de vainilla y pera. Su hijo y la debutante se conocieron la tarde anterior, lo que no les ha impedido improvisar unas piruetas ante una audiencia entregada.<\/p>\n","protected":false},"excerpt":{"rendered":"\u201cEsa sonrisa me recuerda a tu abuela\u201d, le dice el fot\u00f3grafo a Carolina Lansing, otra de las nietas&hellip;\n","protected":false},"author":2,"featured_media":263685,"comment_status":"","ping_status":"","sticky":false,"template":"","format":"standard","meta":{"footnotes":""},"categories":[91],"tags":[146,147,25,24,36566,4759,1027,492,23],"class_list":{"0":"post-263684","1":"post","2":"type-post","3":"status-publish","4":"format-standard","5":"has-post-thumbnail","7":"category-entretenimiento","8":"tag-entertainment","9":"tag-entretenimiento","10":"tag-es","11":"tag-espana","12":"tag-nobleza","13":"tag-paris","14":"tag-realeza","15":"tag-sociedad","16":"tag-spain"},"share_on_mastodon":{"url":"https:\/\/pubeurope.com\/@es\/115638849669972251","error":""},"_links":{"self":[{"href":"https:\/\/www.europesays.com\/es\/wp-json\/wp\/v2\/posts\/263684","targetHints":{"allow":["GET"]}}],"collection":[{"href":"https:\/\/www.europesays.com\/es\/wp-json\/wp\/v2\/posts"}],"about":[{"href":"https:\/\/www.europesays.com\/es\/wp-json\/wp\/v2\/types\/post"}],"author":[{"embeddable":true,"href":"https:\/\/www.europesays.com\/es\/wp-json\/wp\/v2\/users\/2"}],"replies":[{"embeddable":true,"href":"https:\/\/www.europesays.com\/es\/wp-json\/wp\/v2\/comments?post=263684"}],"version-history":[{"count":0,"href":"https:\/\/www.europesays.com\/es\/wp-json\/wp\/v2\/posts\/263684\/revisions"}],"wp:featuredmedia":[{"embeddable":true,"href":"https:\/\/www.europesays.com\/es\/wp-json\/wp\/v2\/media\/263685"}],"wp:attachment":[{"href":"https:\/\/www.europesays.com\/es\/wp-json\/wp\/v2\/media?parent=263684"}],"wp:term":[{"taxonomy":"category","embeddable":true,"href":"https:\/\/www.europesays.com\/es\/wp-json\/wp\/v2\/categories?post=263684"},{"taxonomy":"post_tag","embeddable":true,"href":"https:\/\/www.europesays.com\/es\/wp-json\/wp\/v2\/tags?post=263684"}],"curies":[{"name":"wp","href":"https:\/\/api.w.org\/{rel}","templated":true}]}}