{"id":263692,"date":"2025-11-30T13:22:09","date_gmt":"2025-11-30T13:22:09","guid":{"rendered":"https:\/\/www.europesays.com\/es\/263692\/"},"modified":"2025-11-30T13:22:09","modified_gmt":"2025-11-30T13:22:09","slug":"mi-adaptacion-esta-siendo-menos-traumatica-de-lo-que-esperaba","status":"publish","type":"post","link":"https:\/\/www.europesays.com\/es\/263692\/","title":{"rendered":"&#8216;Mi adaptaci\u00f3n est\u00e1 siendo menos traum\u00e1tica de lo que esperaba&#8217;"},"content":{"rendered":"<p><a href=\"https:\/\/www.huffingtonpost.es\/videos\/lo-abalos-anotop-premonicion-miguel-angel-rodriguez-huffeterabr.html\" rel=\"nofollow noopener\" target=\"_blank\">Jos\u00e9 Luis \u00c1balos<\/a> ha vivido un fin de semana diferente a lo que ha sido habitual en \u00e9l. El exministro y ex\u00a0secretario de Organizaci\u00f3n del PSOE lleva en prisi\u00f3n desde el pasado jueves por el caso Koldo y ha hablado desde su perfil en la red social X de c\u00f3mo est\u00e1 siendo su adaptaci\u00f3n.<\/p>\n<p>Con su nuevo nombre en la plataforma de Elon Musk, \u00ab<b>En el nombre de \u00c1balos<\/b>\u00ab, ha reiterado en varias ocasiones que es \u00abinocente\u00bb y que luchar\u00e1 \u00ab<b>por la verdad y la justicia<\/b>, aunque digan que soy culpable\u00bb.<\/p>\n<p>\u00abSe est\u00e1n desmantelando progresivamente las bases necesarias para una sociedad libre, justa e igualitaria. <b>Defender\u00e9 mi inocencia con lo poco que me queda<\/b>\u00ab, ha destacado en la red social.<\/p>\n<p>Jos\u00e9 Luis \u00c1balos ha cargado contra el Gobierno y la oposici\u00f3n, ya que \u00abno respeta un <b>derecho fundamental como la presunci\u00f3n de inocencia, reconocido y exigible para todas las personas<\/b>\u00ab.<\/p>\n<p>\u00abYa estoy en la c\u00e1rcel porque el sistema as\u00ed lo ha decidido, sin haber celebrado juicio y bajo un falso pretexto subjetivo de un riesgo de fuga \u201cextremo\u201d, teniendo a un menor a mi cargo, cuidando a mi madre de 96 a\u00f1os cada <b>dos fines de semana alternos y siendo un diputado que acude semanalmente al Congreso<\/b>\u00ab, ha razonado.<\/p>\n<p>Respecto a su etapa en prisi\u00f3n, \u00c1balos ha destacado su agradecimiento \u00ab<b>por el buen trato que estoy recibiendo en prisi\u00f3n por parte de todos los funcionarios<\/b> y por los dem\u00e1s internos\u00bb y tambi\u00e9n ha detallado c\u00f3mo han sido los primeros d\u00edas en prisi\u00f3n. Mejor de lo que \u00e9l pensaba.<\/p>\n<p>\u00ab<b>Mi adaptaci\u00f3n est\u00e1 siendo menos traum\u00e1tica de lo que esperaba. Eso s\u00ed, aqu\u00ed hace mucho fr\u00edo<\/b>. Sigo fuerte y firme, y meti\u00e9ndome en prisi\u00f3n no me van a doblegar ni a callar\u00bb, ha reconocido, en un mensaje que ha compartido este mismo domingo.<\/p>\n","protected":false},"excerpt":{"rendered":"Jos\u00e9 Luis \u00c1balos ha vivido un fin de semana diferente a lo que ha sido habitual en \u00e9l.&hellip;\n","protected":false},"author":2,"featured_media":263693,"comment_status":"","ping_status":"","sticky":false,"template":"","format":"standard","meta":{"footnotes":""},"categories":[8],"tags":[17,18,4280,25,24,13,14,11,5610,19,20,9,10,15,16,23,12,21,22],"class_list":{"0":"post-263692","1":"post","2":"type-post","3":"status-publish","4":"format-standard","5":"has-post-thumbnail","7":"category-espana","8":"tag-breaking-news","9":"tag-breakingnews","10":"tag-carcel","11":"tag-es","12":"tag-espana","13":"tag-featured-news","14":"tag-featurednews","15":"tag-headlines","16":"tag-jose-luis-abalos","17":"tag-latest-news","18":"tag-latestnews","19":"tag-news","20":"tag-noticias","21":"tag-noticias-destacadas","22":"tag-noticiasdestacadas","23":"tag-spain","24":"tag-titulares","25":"tag-ultimas-noticias","26":"tag-ultimasnoticias"},"share_on_mastodon":{"url":"https:\/\/pubeurope.com\/@es\/115638864883505208","error":""},"_links":{"self":[{"href":"https:\/\/www.europesays.com\/es\/wp-json\/wp\/v2\/posts\/263692","targetHints":{"allow":["GET"]}}],"collection":[{"href":"https:\/\/www.europesays.com\/es\/wp-json\/wp\/v2\/posts"}],"about":[{"href":"https:\/\/www.europesays.com\/es\/wp-json\/wp\/v2\/types\/post"}],"author":[{"embeddable":true,"href":"https:\/\/www.europesays.com\/es\/wp-json\/wp\/v2\/users\/2"}],"replies":[{"embeddable":true,"href":"https:\/\/www.europesays.com\/es\/wp-json\/wp\/v2\/comments?post=263692"}],"version-history":[{"count":0,"href":"https:\/\/www.europesays.com\/es\/wp-json\/wp\/v2\/posts\/263692\/revisions"}],"wp:featuredmedia":[{"embeddable":true,"href":"https:\/\/www.europesays.com\/es\/wp-json\/wp\/v2\/media\/263693"}],"wp:attachment":[{"href":"https:\/\/www.europesays.com\/es\/wp-json\/wp\/v2\/media?parent=263692"}],"wp:term":[{"taxonomy":"category","embeddable":true,"href":"https:\/\/www.europesays.com\/es\/wp-json\/wp\/v2\/categories?post=263692"},{"taxonomy":"post_tag","embeddable":true,"href":"https:\/\/www.europesays.com\/es\/wp-json\/wp\/v2\/tags?post=263692"}],"curies":[{"name":"wp","href":"https:\/\/api.w.org\/{rel}","templated":true}]}}