{"id":263694,"date":"2025-11-30T13:23:10","date_gmt":"2025-11-30T13:23:10","guid":{"rendered":"https:\/\/www.europesays.com\/es\/263694\/"},"modified":"2025-11-30T13:23:10","modified_gmt":"2025-11-30T13:23:10","slug":"valdepenas-brinda-con-mas-de-200-personas-por-el-dia-del-airen-ayuntamiento-de-valdepenas","status":"publish","type":"post","link":"https:\/\/www.europesays.com\/es\/263694\/","title":{"rendered":"Valdepe\u00f1as brinda con m\u00e1s de 200 personas por el D\u00eda del Air\u00e9n &#8211; Ayuntamiento de Valdepe\u00f1as"},"content":{"rendered":"<ol>\n<li><a href=\"https:\/\/news.google.com\/rss\/articles\/CBMinwFBVV95cUxNWjNnVEg0QzNPeVY1M3NlVFo3dHBFMGd3Qlk3YzljOVUzdTRzTmZCSDA3ME9TRXhfNDh3VFRlQ2MxVXBtamdsVGItZUZ4Y0RXWTIya2JiYkQxTVAzczlkQnRocHo5aGJDdC01SG1CRjBTZ0FxODBpVEY3bm9BQmpJRjdLYVBzSnF2TjBKeUpGVFd1Q1hveXg0cG8tcHlUclE?oc=5\" target=\"_blank\" rel=\"nofollow noopener\">Valdepe\u00f1as brinda con m\u00e1s de 200 personas por el D\u00eda del Air\u00e9n<\/a>&nbsp;&nbsp;Ayuntamiento de Valdepe\u00f1as<\/li>\n<li><a href=\"https:\/\/news.google.com\/rss\/articles\/CBMi2AFBVV95cUxPZFhZYjNoQzY1RmlVQmRJZ29xN2I2RTBmUVlkaTdxUWNnbUxqSVF0WmJncGZ0MWUtaWVCM2dVTzJnYkQwRTZSRG84cjlWLWRqU0lDdHduQ0hqbjZzQ05iNlVjY2V4RlZhdmJqbGJRUlNSTVFWYVd2Zi1fazl6UlJ2V2JWU196bVRkSS1SQ3oycmdtdDJkQWtnYkxrZUVwUy1meHI1RWVQNklvRjRCeF9NNWJwNUxxRjJGcGkxYXh3RkVqYU1QWkRIMmYzVnlYOVkxSlZJMGxsMnnSAd4BQVVfeXFMT042NWpEckFLQi1VOVFJMTVVZlpUUWpFTlAxUk5KY1BicmFpem9ITlVkTDVKSzVYdWJfb2NsSTVsNkxaT25EWW5haHR4OVJJZy0xTjVVSTlRTXlCX0ViV24tZmFLQno2c0s4UDZzcDY2dGNCYVFmMG9BQXlGV0FsdkRFam54cldBeUpxcGN0d2YtN2RrTlQtNzE5ZGlXU2dSWjJTekZZcGFEMk9jT2xaRmN2TXBLbEZyLS1zNUhTWExmNmlXazhUM2thMFk0dEZVWmlZZl9Mc05ZY3F4WnZn?oc=5\" target=\"_blank\" rel=\"nofollow noopener\">Estos son los siete vinos Air\u00e9n que recomienda el mejor sumiller de Castilla-La Mancha<\/a>&nbsp;&nbsp;El Debate<\/li>\n<li><a href=\"https:\/\/news.google.com\/rss\/articles\/CBMi3wFBVV95cUxQcFEtQzVFelRoYU9xb3plb2hrMGdHSkR6WXJwRkJIeGFCMWF4TDVSX0dGcVJCUnlxOWdFTUVKTVItSnNvSGl4elFYSzV0MWJqM2FXNHdvVzIzQzlTTkZWTWowZ1paLS13Y05uOWp0N0tmakIzSXNBdzRteGhqcF8tOV9SVmJEVVE0SUFrNDRQb0ptcTFxU1laQjM5RDZQdVV0ZEVPUlRMMzh3M1hFeEcyUDIybGwybnNvUFFHQUlCMDFWU29GcEdwOXduQTJlZGNGWVBxWFgwczZ6c0xMdHpj?oc=5\" target=\"_blank\" rel=\"nofollow noopener\">Air\u00e9n de La Mancha, la \u00abCenicienta\u00bb que reina en los blancos<\/a>&nbsp;&nbsp;La Tribuna de Ciudad Real<\/li>\n<li><a href=\"https:\/\/news.google.com\/rss\/articles\/CBMi4gFBVV95cUxOemhFTmtYX2FmVTl6X3g2dEtxdHBEUGJnMXh5RldUdXdRM19YSUNjZUFVbWNKc2ktdTg0VkFyRjhOTWlVNU9TN0ZjUEdZQ2k3OGgwcE5KWFlVY3pKM3Q3NXRiUVRIMjdRNnhwQ0wtcnl0di1laE5lSVZCVUptTl9oNENPRThxZE0xbjRXZ1VrcXBXazNRTDN5UFg0VWtKWWZ2QU5XcFF1VHNyNElSdmpWclJkVzV4dnB6ejF5VXRlb25RTzVOc21zU1BvOW9QSjdMUEtpZVgxREZnQmlVSlRDcFRB?oc=5\" target=\"_blank\" rel=\"nofollow noopener\">Castilla-La Mancha celebra la air\u00e9n, \u201cla uva que ha pagado los estudios de miles de manchegos a lo largo de d\u00e9cadas\u201d<\/a>&nbsp;&nbsp;elDiario.es<\/li>\n<li><a href=\"https:\/\/news.google.com\/rss\/articles\/CBMi-wFBVV95cUxQUWFZNW52YjJnWC02clNPLW1nYlBiUFhwSFBydE9FN0RsSC1Sd2FES3lGWjE1NkNtYWptSU9XaEhOVTU0QmdDaWFmOS1hWXI5M3RnbDA0d3N4X21rTXZicWNNTnk0V1hyQkI1a21yM09tYmx1OWNyOFhGMWFLSm9iOGEzeDkyMUNYQmFBT193aEhiV2RmUDRfbGJhcTRYSUphME40cGg1VTZnR3lZNGp2eEFKTEFSenZ0R2ZiQl8xODV5SzFYalppWm5McXl1U05xQ1VqZ0NEbDJScHFSWjFRS183ZTBRRjZFMm1JbzNnY1ZiSFBoTHVScmdUSdIBgAJBVV95cUxNeDR4RFB0c3Y4X2V5N1ZCTVh5dUpOd0VjbmhreEwxcm9BZnJrNDBGaFZpZHlxZXlYYnNtcERRX0t4LWFBM21FT1A2TnA5ckloSC12MUN5RE42bkpPcjMyMGRZWjRqNmxsWWd4bGZnSlE3ZzRJZXV6dF95ZUZxUXV0SjVlbFZ3LTJaTnRhNUlUTXMyZWwzV0w5OEZxVnhsVURHV0Ztd0ZtbW1UNUF2dE5mNksxaWg2Vi1sT1Q3OVJHNjQzbG9HLWdsWjZRNHBlOWpZakJzRU0zTVpLaERyRndQRkZ2UEJJSW53RkxqRVUtRF9KQ2pCQ2dnOXZzNHJCUmdp?oc=5\" target=\"_blank\" rel=\"nofollow noopener\">Carlos Bonilla, presidente de la D.O. La Mancha: \u00abEl primer vino que ofrece el camarero deber\u00eda ser de nuestra tierra\u00bb<\/a>&nbsp;&nbsp;El Espa\u00f1ol<\/li>\n<\/ol>\n","protected":false},"excerpt":{"rendered":"Valdepe\u00f1as brinda con m\u00e1s de 200 personas por el D\u00eda del Air\u00e9n&nbsp;&nbsp;Ayuntamiento de Valdepe\u00f1as Estos son los siete&hellip;\n","protected":false},"author":2,"featured_media":263695,"comment_status":"","ping_status":"","sticky":false,"template":"","format":"standard","meta":{"footnotes":""},"categories":[5],"tags":[64757,17,18,209,25,24,13,14,11,19,20,9,10,15,16,23,12,4664,21,22,6028],"class_list":{"0":"post-263694","1":"post","2":"type-post","3":"status-publish","4":"format-standard","5":"has-post-thumbnail","7":"category-titulares","8":"tag-enoturismo","9":"tag-breaking-news","10":"tag-breakingnews","11":"tag-cultura","12":"tag-es","13":"tag-espana","14":"tag-featured-news","15":"tag-featurednews","16":"tag-headlines","17":"tag-latest-news","18":"tag-latestnews","19":"tag-news","20":"tag-noticias","21":"tag-noticias-destacadas","22":"tag-noticiasdestacadas","23":"tag-spain","24":"tag-titulares","25":"tag-turismo","26":"tag-ultimas-noticias","27":"tag-ultimasnoticias","28":"tag-vino"},"share_on_mastodon":{"url":"https:\/\/pubeurope.com\/@es\/115638868545186974","error":""},"_links":{"self":[{"href":"https:\/\/www.europesays.com\/es\/wp-json\/wp\/v2\/posts\/263694","targetHints":{"allow":["GET"]}}],"collection":[{"href":"https:\/\/www.europesays.com\/es\/wp-json\/wp\/v2\/posts"}],"about":[{"href":"https:\/\/www.europesays.com\/es\/wp-json\/wp\/v2\/types\/post"}],"author":[{"embeddable":true,"href":"https:\/\/www.europesays.com\/es\/wp-json\/wp\/v2\/users\/2"}],"replies":[{"embeddable":true,"href":"https:\/\/www.europesays.com\/es\/wp-json\/wp\/v2\/comments?post=263694"}],"version-history":[{"count":0,"href":"https:\/\/www.europesays.com\/es\/wp-json\/wp\/v2\/posts\/263694\/revisions"}],"wp:featuredmedia":[{"embeddable":true,"href":"https:\/\/www.europesays.com\/es\/wp-json\/wp\/v2\/media\/263695"}],"wp:attachment":[{"href":"https:\/\/www.europesays.com\/es\/wp-json\/wp\/v2\/media?parent=263694"}],"wp:term":[{"taxonomy":"category","embeddable":true,"href":"https:\/\/www.europesays.com\/es\/wp-json\/wp\/v2\/categories?post=263694"},{"taxonomy":"post_tag","embeddable":true,"href":"https:\/\/www.europesays.com\/es\/wp-json\/wp\/v2\/tags?post=263694"}],"curies":[{"name":"wp","href":"https:\/\/api.w.org\/{rel}","templated":true}]}}