{"id":263696,"date":"2025-11-30T13:28:13","date_gmt":"2025-11-30T13:28:13","guid":{"rendered":"https:\/\/www.europesays.com\/es\/263696\/"},"modified":"2025-11-30T13:28:13","modified_gmt":"2025-11-30T13:28:13","slug":"francisco-comesana-fue-profeta-en-su-tierra","status":"publish","type":"post","link":"https:\/\/www.europesays.com\/es\/263696\/","title":{"rendered":"Francisco Comesa\u00f1a fue profeta en su tierra"},"content":{"rendered":"<p>Gustazo enorme para <strong>Francisco Comesa\u00f1a. Este s\u00e1bado, el marplatense gan\u00f3 en casa. Venci\u00f3 a Luciano Darderi por 6-3, 3-6 y 10-7<\/strong> en el match tiebreak.<\/p>\n<p>Relacionado<\/p>\n<p>2 Relacionado<\/p>\n<p>Ambos, se enfrentaron como parte de las celebraciones por los <strong>100 a\u00f1os del Club N\u00e1utico Mar del Plata<\/strong>, en el court central Guillermo Vilas, sobre arcilla, claro.<\/p>\n<p>En un <strong>clima distendido y lleno de di\u00e1logos de lado a lado<\/strong>, el local de 25 a\u00f1os, <strong>hoy en el puesto 67\u00b0 ATP pudo con el geselino de 23 a\u00f1os (26\u00b0) que representa a Italia<\/strong>.<\/p>\n<p>Vale destacar que, en un viernes de pura actividad, <strong>Comesa\u00f1a comparti\u00f3 un entrenamiento con Gabriel Ursini, jugador del club y n\u00famero uno de Argentina en la categor\u00eda Sub 16. Adem\u00e1s, fue nombrado embajador deportivo de Aldosivi<\/strong> y socio honor\u00edfico del \u00abTibur\u00f3n\u00bb.<\/p>\n","protected":false},"excerpt":{"rendered":"Gustazo enorme para Francisco Comesa\u00f1a. Este s\u00e1bado, el marplatense gan\u00f3 en casa. Venci\u00f3 a Luciano Darderi por 6-3,&hellip;\n","protected":false},"author":2,"featured_media":263697,"comment_status":"","ping_status":"","sticky":false,"template":"","format":"standard","meta":{"footnotes":""},"categories":[274],"tags":[168,25,24,23,167,327,326],"class_list":{"0":"post-263696","1":"post","2":"type-post","3":"status-publish","4":"format-standard","5":"has-post-thumbnail","7":"category-tenis","8":"tag-deportes","9":"tag-es","10":"tag-espana","11":"tag-spain","12":"tag-sports","13":"tag-tenis","14":"tag-tennis"},"share_on_mastodon":{"url":"https:\/\/pubeurope.com\/@es\/115638888206053374","error":""},"_links":{"self":[{"href":"https:\/\/www.europesays.com\/es\/wp-json\/wp\/v2\/posts\/263696","targetHints":{"allow":["GET"]}}],"collection":[{"href":"https:\/\/www.europesays.com\/es\/wp-json\/wp\/v2\/posts"}],"about":[{"href":"https:\/\/www.europesays.com\/es\/wp-json\/wp\/v2\/types\/post"}],"author":[{"embeddable":true,"href":"https:\/\/www.europesays.com\/es\/wp-json\/wp\/v2\/users\/2"}],"replies":[{"embeddable":true,"href":"https:\/\/www.europesays.com\/es\/wp-json\/wp\/v2\/comments?post=263696"}],"version-history":[{"count":0,"href":"https:\/\/www.europesays.com\/es\/wp-json\/wp\/v2\/posts\/263696\/revisions"}],"wp:featuredmedia":[{"embeddable":true,"href":"https:\/\/www.europesays.com\/es\/wp-json\/wp\/v2\/media\/263697"}],"wp:attachment":[{"href":"https:\/\/www.europesays.com\/es\/wp-json\/wp\/v2\/media?parent=263696"}],"wp:term":[{"taxonomy":"category","embeddable":true,"href":"https:\/\/www.europesays.com\/es\/wp-json\/wp\/v2\/categories?post=263696"},{"taxonomy":"post_tag","embeddable":true,"href":"https:\/\/www.europesays.com\/es\/wp-json\/wp\/v2\/tags?post=263696"}],"curies":[{"name":"wp","href":"https:\/\/api.w.org\/{rel}","templated":true}]}}