{"id":263700,"date":"2025-11-30T13:32:09","date_gmt":"2025-11-30T13:32:09","guid":{"rendered":"https:\/\/www.europesays.com\/es\/263700\/"},"modified":"2025-11-30T13:32:09","modified_gmt":"2025-11-30T13:32:09","slug":"el-atletico-ya-mira-al-barcelona-sin-llorente","status":"publish","type":"post","link":"https:\/\/www.europesays.com\/es\/263700\/","title":{"rendered":"El Atl\u00e9tico ya mira al Barcelona&#8230; sin Llorente"},"content":{"rendered":"<p data-mrf-recirculation=\"Links P\u00e1rrafos\" class=\"ue-c-article__paragraph paragraph ue-c-article--first-letter-highlighted\">Sin tiempo para digerir el s\u00e9ptimo triunfo consecutivo frente al Oviedo de la noche del s\u00e1bado, el <strong>Atl\u00e9tico volvi\u00f3 a los entrenamientos en la ma\u00f1ana de este domingo con la vista ya puesta en el Barcelona<\/strong>. Una sesi\u00f3n que seguir\u00eda contando con la <strong>ausencia de Llorente<\/strong>, que se mantiene en la enfermer\u00eda. En el lado contrario, <strong>Le Normand sigui\u00f3 ganando ritmo<\/strong> para regresar al equipo lo antes posible.<\/p>\n<p data-mrf-recirculation=\"Links P\u00e1rrafos\" class=\"ue-c-article__paragraph paragraph\">Con los diez jugadores de campo que salieron de inicio en la victoria contra el colista (<strong>Oblak <\/strong>s\u00ed hizo trabajo de porter\u00eda) as\u00ed como los cuatro pesos pesados (<strong>Juli\u00e1n Alvarez, Giuliano, Barrios y Gim\u00e9nez<\/strong>) que s\u00f3lo tuvieron unos minutos en la segunda parte siguiendo un plan regenerativo en el gimnasio, la sesi\u00f3n sobre el c\u00e9sped s\u00ed estuvo dirigida a buscar la tensi\u00f3n que demanda una cita como la del martes.<\/p>\n<p data-mrf-recirculation=\"Links P\u00e1rrafos\" class=\"ue-c-article__paragraph paragraph\">As\u00ed, <strong>Simeone <\/strong>exigi\u00f3 intensidad a los siete futbolistas del primer equipo que empezaron a presentar sus credenciales para entrar en el once. En este sentido, m\u00e1s all\u00e1 de seguir las evoluciones de Le Normand, El Cholo estar\u00eda muy pendiente de <strong>Cardoso<\/strong>, que ya fue la gran novedad en el equipo que present\u00f3 frente al Inter de Mil\u00e1n. <strong>Ruggeri, Almada o Raspadori<\/strong>, el \u00fanico presente de los que tuvieron minutos ante el Oviedo, tambi\u00e9n estuvieron bajo el foco del t\u00e9cnico.<\/p>\n","protected":false},"excerpt":{"rendered":"Sin tiempo para digerir el s\u00e9ptimo triunfo consecutivo frente al Oviedo de la noche del s\u00e1bado, el Atl\u00e9tico&hellip;\n","protected":false},"author":2,"featured_media":263701,"comment_status":"","ping_status":"","sticky":false,"template":"","format":"standard","meta":{"footnotes":""},"categories":[268],"tags":[168,25,24,280,282,281,23,167],"class_list":{"0":"post-263700","1":"post","2":"type-post","3":"status-publish","4":"format-standard","5":"has-post-thumbnail","7":"category-futbol","8":"tag-deportes","9":"tag-es","10":"tag-espana","11":"tag-football","12":"tag-futbol","13":"tag-soccer","14":"tag-spain","15":"tag-sports"},"share_on_mastodon":{"url":"https:\/\/pubeurope.com\/@es\/115638904153821556","error":""},"_links":{"self":[{"href":"https:\/\/www.europesays.com\/es\/wp-json\/wp\/v2\/posts\/263700","targetHints":{"allow":["GET"]}}],"collection":[{"href":"https:\/\/www.europesays.com\/es\/wp-json\/wp\/v2\/posts"}],"about":[{"href":"https:\/\/www.europesays.com\/es\/wp-json\/wp\/v2\/types\/post"}],"author":[{"embeddable":true,"href":"https:\/\/www.europesays.com\/es\/wp-json\/wp\/v2\/users\/2"}],"replies":[{"embeddable":true,"href":"https:\/\/www.europesays.com\/es\/wp-json\/wp\/v2\/comments?post=263700"}],"version-history":[{"count":0,"href":"https:\/\/www.europesays.com\/es\/wp-json\/wp\/v2\/posts\/263700\/revisions"}],"wp:featuredmedia":[{"embeddable":true,"href":"https:\/\/www.europesays.com\/es\/wp-json\/wp\/v2\/media\/263701"}],"wp:attachment":[{"href":"https:\/\/www.europesays.com\/es\/wp-json\/wp\/v2\/media?parent=263700"}],"wp:term":[{"taxonomy":"category","embeddable":true,"href":"https:\/\/www.europesays.com\/es\/wp-json\/wp\/v2\/categories?post=263700"},{"taxonomy":"post_tag","embeddable":true,"href":"https:\/\/www.europesays.com\/es\/wp-json\/wp\/v2\/tags?post=263700"}],"curies":[{"name":"wp","href":"https:\/\/api.w.org\/{rel}","templated":true}]}}