{"id":263704,"date":"2025-11-30T13:34:17","date_gmt":"2025-11-30T13:34:17","guid":{"rendered":"https:\/\/www.europesays.com\/es\/263704\/"},"modified":"2025-11-30T13:34:17","modified_gmt":"2025-11-30T13:34:17","slug":"era-hermoso-incluso-cuando-estaba-vacio","status":"publish","type":"post","link":"https:\/\/www.europesays.com\/es\/263704\/","title":{"rendered":"&#8216;Era hermoso incluso cuando estaba vac\u00edo"},"content":{"rendered":"<p>Mieke Treur es una mujer de 57 quien se dedica a fotografiar y decorar inmuebles. En entrevista con el medio neerland\u00e9s, <a href=\"https:\/\/archive.ph\/HZwfD#selection-699.160-699.253\" title=\"Mieke (57) vive en el \u00e1tico de una antigua iglesia. \u00abSiempre he so\u00f1ado con una casa especial\u00bb.\" target=\"_blank\" rel=\"nofollow noopener\">Noordhollands Dalg<\/a>, <b>ha contado c\u00f3mo el antiguo \u00e1tico de una iglesia le ha llamado tanto la atenci\u00f3n a tal punto de decidir reacondicionarlo y habitarlo<\/b> en\u00a0Elbakerk, <a href=\"https:\/\/www.huffingtonpost.es\/global\/crisis-gobierno-neerlandes-cuatro-ministros-secretarios-dimiten-bloqueo-interno-medidas-israel.html\" title=\"Crisis en el gobierno neerland\u00e9s: cuatro ministros y secretarios de Estado dimiten por el bloqueo interno de medidas contra Israel\" rel=\"nofollow noopener\" target=\"_blank\">Pa\u00edses Bajos<\/a><b>.<\/b>\u00a0<\/p>\n<p>Mieke ha comentado que aunque por su trabajo ella visita constantemente todo tipo de propiedades, esta en particular la cautivo, especialmente por su arquitectura. \u00abCuando vi los aut\u00e9nticos arcos y la mamposter\u00eda, bueno&#8230; era precioso incluso vac\u00edo\u00bb.\u00a0<\/p>\n<p><b\/>Treur se refiri\u00f3 al <b>reto que signific\u00f3 el dise\u00f1o de interiores en un espacio tan peculiar, ya que no cuenta con paredes rectas, todas son curvas.<\/b> \u00bfD\u00f3nde se coloca un armario? \u00bfY c\u00f3mo se asegura de que todo no parezca estar colocado al azar en medio de la habitaci\u00f3n? fueron preguntas que se hizo ella a la hora de organizar el recinto.\u00a0<\/p>\n<p>Para personalizar el lugar y hacerlo acogedor la estilista ha dicho que opt\u00f3<b> \u00abconscientemente por combinar los materiales existentes y crudos con tonos tierra y elementos elegantes\u00bb.<\/b>\u00a0De hecho ella misma dise\u00f1o el ba\u00f1o y lo considera su \u00abcentro de bienestar personal\u00bb.<\/p>\n<p>La mujer valora la privacidad que le ofrece el lugar al no tener vecinos.<b> Ella dice sentirse protegida e incluso \u00abbendecida\u00bb.<\/b>\u00a0La misma considera que las dimensiones del espacio son adecuadas y destaca el amplio espacio que le ofrece la altura del techo, perimi\u00e9ndole ubicar grandes objetos c\u00f3mo floreros y repisas.\u00a0En ese mismo sentido Treur ha dicho que las caracterizas de la casa la incentivan a ser creativa con el almacenamiento.\u00a0<\/p>\n<p>La \u00fanica pega\u00a0\u00a0    <\/p>\n<p>\u00ab<b>Por primera vez en mi vida, vivo en un lugar sin jard\u00edn,\u00a0<\/b>pero tengo una peque\u00f1a galer\u00eda donde puedo disfrutar de un caf\u00e9 en las ma\u00f1anas bonitas, y desde donde puedo ver la ciudad, la playa y las dunas\u00bb<b\/>, confes\u00f3 Mieke.\u00a0<\/p>\n","protected":false},"excerpt":{"rendered":"Mieke Treur es una mujer de 57 quien se dedica a fotografiar y decorar inmuebles. En entrevista con&hellip;\n","protected":false},"author":2,"featured_media":263705,"comment_status":"","ping_status":"","sticky":false,"template":"","format":"standard","meta":{"footnotes":""},"categories":[173],"tags":[229,233,231,230,232,234,146,147,25,24,244,9542,23,3633],"class_list":{"0":"post-263704","1":"post","2":"type-post","3":"status-publish","4":"format-standard","5":"has-post-thumbnail","7":"category-arte-y-diseno","8":"tag-arte","9":"tag-arte-y-diseno","10":"tag-arts","11":"tag-arts-and-design","12":"tag-design","13":"tag-diseno","14":"tag-entertainment","15":"tag-entretenimiento","16":"tag-es","17":"tag-espana","18":"tag-fotografia","19":"tag-paises-bajos","20":"tag-spain","21":"tag-vivienda"},"share_on_mastodon":{"url":"https:\/\/pubeurope.com\/@es\/115638911835055283","error":""},"_links":{"self":[{"href":"https:\/\/www.europesays.com\/es\/wp-json\/wp\/v2\/posts\/263704","targetHints":{"allow":["GET"]}}],"collection":[{"href":"https:\/\/www.europesays.com\/es\/wp-json\/wp\/v2\/posts"}],"about":[{"href":"https:\/\/www.europesays.com\/es\/wp-json\/wp\/v2\/types\/post"}],"author":[{"embeddable":true,"href":"https:\/\/www.europesays.com\/es\/wp-json\/wp\/v2\/users\/2"}],"replies":[{"embeddable":true,"href":"https:\/\/www.europesays.com\/es\/wp-json\/wp\/v2\/comments?post=263704"}],"version-history":[{"count":0,"href":"https:\/\/www.europesays.com\/es\/wp-json\/wp\/v2\/posts\/263704\/revisions"}],"wp:featuredmedia":[{"embeddable":true,"href":"https:\/\/www.europesays.com\/es\/wp-json\/wp\/v2\/media\/263705"}],"wp:attachment":[{"href":"https:\/\/www.europesays.com\/es\/wp-json\/wp\/v2\/media?parent=263704"}],"wp:term":[{"taxonomy":"category","embeddable":true,"href":"https:\/\/www.europesays.com\/es\/wp-json\/wp\/v2\/categories?post=263704"},{"taxonomy":"post_tag","embeddable":true,"href":"https:\/\/www.europesays.com\/es\/wp-json\/wp\/v2\/tags?post=263704"}],"curies":[{"name":"wp","href":"https:\/\/api.w.org\/{rel}","templated":true}]}}