{"id":263708,"date":"2025-11-30T13:37:14","date_gmt":"2025-11-30T13:37:14","guid":{"rendered":"https:\/\/www.europesays.com\/es\/263708\/"},"modified":"2025-11-30T13:37:14","modified_gmt":"2025-11-30T13:37:14","slug":"no-le-pongo-caducidad-a-la-radio","status":"publish","type":"post","link":"https:\/\/www.europesays.com\/es\/263708\/","title":{"rendered":"\u201cNo le pongo caducidad a la radio\u201d"},"content":{"rendered":"<p class=\"ft-text ft-helper-closenews\">Neus Bonet i Bagant (Barcelona, 1959), periodista, radiofonista, profesora universitaria, ex decana del colegio de Periodistas de Catalunya y que en 2024 fue nombrada Presidenta de R\u00e0dio Associaci\u00f3 de Catalunya.<\/p>\n<p class=\"ft-text\">Con un m\u00e1s que solvente pasado en el que ha pasado por R\u00e0dio Salou, R\u00e0dio Reus, COPE Reus, Cadena 13, Ona Catalana i principalmente en Catalunya R\u00e0dio, Neus Bonet tuvo un papel fundamental en el arranque de Catalunya Informaci\u00f3 (1992); adem\u00e1s durante 11 a\u00f1os fue editora y presentadora del Catalunya mat\u00ed, en Catalunya R\u00e0dio, adem\u00e1s de presentar en la casa otras propuestas informativas y program\u00e1ticas\u00a0\u00a0<\/p>\n<p class=\"ft-text\">Habla desde una dicci\u00f3n perfecta y una contundencia de admirar y, sorbe todo, no duda: \u201c<strong>Es que no le pongo caducidad a la radio. Siempre est\u00e1n los gurus que se tienen que cargar un invento para que aparezca otro\u201d.\u00a0<\/strong><\/p>\n<p class=\"ft-text\">Los periodistas de radio llevamos a\u00f1os con el rumor, absolutamente infundado, que indica que la radio se apaga:\u00a0<strong>\u201cNi la tele se ha comido a la radio, ni el video se ha comido a la tele. Eso s\u00ed: durante el famoso apag\u00f3n qued\u00f3 demostrado que con un transistor de toda la vida con dos pilar pod\u00eda dar mucha m\u00e1s informaci\u00f3n que el resto de inventos tecnol\u00f3gicos que no funcionaron\u201d.<\/strong><\/p>\n<p class=\"ft-text\">Su punto de vista sobre esta marea diaria denominada \u201cinteligencia artificial\u201d es claro: \u201cHay quienes hablan de la inteligencia artificial como si tuviera vida propia. Y se trata de algo tan sencillo que han creado y que planifican los humanos, que muchos de ellos pertenecen a grandes corporaciones que controlan el algoritmo en el que nos movemos\u201d.\u00a0\u00a0<\/p>\n<p><img decoding=\"async\" src=\"https:\/\/www.europesays.com\/es\/wp-content\/uploads\/2025\/11\/919b60fd-5b7c-43dd-89ac-cd302857399e_alta-libre-aspect-ratio_default_0.jpg\" width=\"1200\" height=\"800\" alt=\"Neus Bonet, presidenta de Radio Associaci\u00f3 de Catalunya, junto a Sergi Mas\" class=\"ft-helper-img-rd\" loading=\"lazy\"\/><\/p>\n<p class=\"ft-helper-fontColor-quaternary ft-helper-fontSize-body-S ft-helper-spacer-t-xxs\">Neus Bonet, presidenta de Radio Associaci\u00f3 de Catalunya, junto a Sergi Mas  \/ Patricio Ortiz<\/p>\n<p class=\"ft-text\">Y sobre la presencia de la mujer en la radio entiende que ha mejorado much\u00edsimo:\u00a0<strong>\u201cRecuerdo haber escuchado a grandes profesionales tener una vez femenina en el programa para dar tan solo la hora<\/strong>\u201d.\u00a0\u00a0En fin. Suerte que los tiempos han cambiado.\u00a0<\/p>\n<p>D\u00f3nde ver y escuchar Mas Barcelona<\/p>\n<p class=\"ft-text\">El\u00a0<strong>videop\u00f3dcast &#8216;Mas Barcelona&#8217;<\/strong>\u00a0se puede ver y escuchar en las principales plataformas: <a class=\"ft-link ft-link--decoration\" href=\"https:\/\/open.spotify.com\/show\/3076L7gBN9kFcIJ62dvc7r\" target=\"_blank\" rel=\"nofollow noopener\">Spotify<\/a>, <a class=\"ft-link ft-link--decoration\" href=\"https:\/\/www.youtube.com\/playlist?list=PLs66PTSPhqMLvvOXeXLSAThG0io6dmwyY\" target=\"_blank\" rel=\"nofollow noopener\">Youtube,<\/a> <a class=\"ft-link ft-link--decoration\" href=\"https:\/\/www.ivoox.com\/podcast-mas-barcelona_sq_f12477787_1.html\" target=\"_blank\" rel=\"nofollow noopener\">ivoox<\/a>, <a class=\"ft-link ft-link--decoration\" href=\"https:\/\/podcasts.apple.com\/us\/podcast\/mas-barcelona\/id1772278402\" target=\"_blank\" rel=\"nofollow noopener\">Apple Podcast<\/a>, <a class=\"ft-link ft-link--decoration\" href=\"https:\/\/music.amazon.es\/podcasts\/07737d75-7bbb-40d8-9b2d-556b0a087dab\/mas-barcelona\" target=\"_blank\" rel=\"nofollow noopener\">Amazon Podcast<\/a> y <a class=\"ft-link ft-link--decoration\" href=\"https:\/\/podimo.com\/es\/shows\/mas-barcelona?pmo_aff=true\" target=\"_blank\" rel=\"nofollow noopener\">Podimo<\/a>.<\/p>\n<p data-close=\"closedContent\" class=\"subscribeHideForDisplay\">Suscr\u00edbete para seguir leyendo<\/p>\n","protected":false},"excerpt":{"rendered":"Neus Bonet i Bagant (Barcelona, 1959), periodista, radiofonista, profesora universitaria, ex decana del colegio de Periodistas de Catalunya&hellip;\n","protected":false},"author":2,"featured_media":263709,"comment_status":"","ping_status":"","sticky":false,"template":"","format":"standard","meta":{"footnotes":""},"categories":[170],"tags":[210,21544,146,147,25,24,65539,184,185,65538,2667,1448,23],"class_list":{"0":"post-263708","1":"post","2":"type-post","3":"status-publish","4":"format-standard","5":"has-post-thumbnail","7":"category-musica","8":"tag-barcelona","9":"tag-bonet","10":"tag-entertainment","11":"tag-entretenimiento","12":"tag-es","13":"tag-espana","14":"tag-mas-barcelona","15":"tag-music","16":"tag-musica","17":"tag-neus","18":"tag-podcast","19":"tag-radio","20":"tag-spain"},"share_on_mastodon":{"url":"https:\/\/pubeurope.com\/@es\/115638923835036478","error":""},"_links":{"self":[{"href":"https:\/\/www.europesays.com\/es\/wp-json\/wp\/v2\/posts\/263708","targetHints":{"allow":["GET"]}}],"collection":[{"href":"https:\/\/www.europesays.com\/es\/wp-json\/wp\/v2\/posts"}],"about":[{"href":"https:\/\/www.europesays.com\/es\/wp-json\/wp\/v2\/types\/post"}],"author":[{"embeddable":true,"href":"https:\/\/www.europesays.com\/es\/wp-json\/wp\/v2\/users\/2"}],"replies":[{"embeddable":true,"href":"https:\/\/www.europesays.com\/es\/wp-json\/wp\/v2\/comments?post=263708"}],"version-history":[{"count":0,"href":"https:\/\/www.europesays.com\/es\/wp-json\/wp\/v2\/posts\/263708\/revisions"}],"wp:featuredmedia":[{"embeddable":true,"href":"https:\/\/www.europesays.com\/es\/wp-json\/wp\/v2\/media\/263709"}],"wp:attachment":[{"href":"https:\/\/www.europesays.com\/es\/wp-json\/wp\/v2\/media?parent=263708"}],"wp:term":[{"taxonomy":"category","embeddable":true,"href":"https:\/\/www.europesays.com\/es\/wp-json\/wp\/v2\/categories?post=263708"},{"taxonomy":"post_tag","embeddable":true,"href":"https:\/\/www.europesays.com\/es\/wp-json\/wp\/v2\/tags?post=263708"}],"curies":[{"name":"wp","href":"https:\/\/api.w.org\/{rel}","templated":true}]}}