{"id":263712,"date":"2025-11-30T13:39:13","date_gmt":"2025-11-30T13:39:13","guid":{"rendered":"https:\/\/www.europesays.com\/es\/263712\/"},"modified":"2025-11-30T13:39:13","modified_gmt":"2025-11-30T13:39:13","slug":"la-posible-alineacion-del-real-madrid-para-enfrentarse-al-girona","status":"publish","type":"post","link":"https:\/\/www.europesays.com\/es\/263712\/","title":{"rendered":"La posible alineaci\u00f3n del Real Madrid para enfrentarse al Girona"},"content":{"rendered":"<p id=\"inline-text-0\" class=\"mt-[18px] md:mt-0 mb-[18px] [&amp;_a]:text-primary my-f-1.5\" q:key=\"0\" q:id=\"64\">El <a href=\"https:\/\/www.si.com\/es-us\/futbol\/equipo\/real-madrid\" rel=\"nofollow noopener\" target=\"_blank\"><strong>Real Madrid<\/strong><\/a> tiene todo listo para volver a la actividad por <a href=\"https:\/\/www.si.com\/es-us\/futbol\/la-liga\" rel=\"nofollow noopener\" target=\"_blank\"><strong>LaLiga <\/strong><\/a>tras lo que fue la dif\u00edcil excursi\u00f3n a Atenas, donde le ganaron 4-3 al Olympiacos en un partido espectacular. Ahora, los espera el Girona en Montilivi.<\/p>\n<p>La posible alineaci\u00f3n del Real Madrid<\/p>\n<p id=\"inline-text-2\" class=\"my-[18px] [&amp;_a]:text-primary my-f-1.5\" q:key=\"0\" q:id=\"6a\"><strong>POR: Andriy Lunin <\/strong>&#8211; Tuvo un partido complejo en Atenas frente al Olympiacos pero Xabi volver\u00eda a confiar en \u00e9l para pararse bajo los tres postes del Real Madrid.<\/p>\n<p id=\"inline-text-3\" class=\"my-[18px] [&amp;_a]:text-primary my-f-1.5\" q:key=\"0\" q:id=\"6d\"><strong>LD: Trent Alexander Arnold<\/strong>\u00a0-Es un creador de juego desde el lateral derecho, con influencia similar a la de un mediocampista ofensivo: m\u00e1s cerebro y t\u00e9cnica que marcaje y f\u00edsico.<\/p>\n<p id=\"inline-text-4\" class=\"my-[18px] [&amp;_a]:text-primary my-f-1.5\" q:key=\"0\" q:id=\"6g\"><strong>DFC: Ra\u00fal Asencio<\/strong>\u00a0&#8211; El joven canterano se ha ganado un lugar en el once. Su sobriedad, buen posicionamiento y salida de bal\u00f3n lo convierten en una pieza fiable en la zaga. Es el \u00fanico central que tiene disponible Xabi Alonso para este partido frente al Girona.<\/p>\n<p id=\"inline-text-5\" class=\"my-[18px] [&amp;_a]:text-primary my-f-1.5\" q:key=\"0\" q:id=\"6j\"><strong>DFC: Ferland Mendy &#8211; <\/strong>Reconvertido como central, el franc\u00e9s est\u00e1 teniendo minutos inesperados tras la mala racha de lesiones en defensa del Real Madrid.<\/p>\n<p id=\"inline-text-6\" class=\"my-[18px] [&amp;_a]:text-primary my-f-1.5\" q:key=\"0\" q:id=\"6m\"><strong>LI: \u00c1lvaro Carreras<\/strong>\u00a0&#8211; El lateral izquierdo ofrece profundidad y velocidad por su banda. Su vocaci\u00f3n ofensiva le permite sumarse al ataque y generar peligro con sus centros.<\/p>\n<p id=\"inline-text-7\" class=\"my-[18px] [&amp;_a]:text-primary my-f-1.5\" q:key=\"0\" q:id=\"6p\"><strong>MC: Jude Bellingham<\/strong>\u00a0&#8211; Jugando en la posici\u00f3n que sea, el ingl\u00e9s sigue siendo decisivo. Su llegada desde segunda l\u00ednea, inteligencia t\u00e1ctica y olfato goleador son un recurso invaluable. <\/p>\n<p><img loading=\"lazy\" decoding=\"async\" src=\"https:\/\/www.europesays.com\/es\/wp-content\/uploads\/2025\/11\/01kb5g17je5g8s13xv9s.jpg\" alt=\"Jude Bellingham\" title=\"Jude Bellingham\" width=\"1024\" height=\"576\" class=\"undefined w-full w-full blur-[5px]\" q:id=\"6y\"\/><\/p>\n<p>Jude Bellingham (Real Madrid FC) seen during the LaLiga EA&#8230; | SOPA Images\/GettyImages<\/p>\n<p id=\"inline-text-9\" class=\"my-[18px] [&amp;_a]:text-primary my-f-1.5\" q:key=\"0\" q:id=\"72\"><strong>MC: Aur\u00e9lien Tchouam\u00e9ni\u00a0<\/strong>&#8211; El franc\u00e9s se acaba de recuperar de una lesi\u00f3n y jugar\u00e1 su segundo partido consecutivo como titular tras su arranque frente al Olympiacos.<\/p>\n<p id=\"inline-text-10\" class=\"my-[18px] [&amp;_a]:text-primary my-f-1.5\" q:key=\"0\" q:id=\"75\"><strong>MC: Arda G\u00fcler<\/strong>\u00a0&#8211; El joven talento turco asume el rol creativo en la medular. Su visi\u00f3n de juego, regate y precisi\u00f3n en el pase son la llave para abrir defensas cerradas.<\/p>\n<p id=\"inline-text-11\" class=\"my-[18px] [&amp;_a]:text-primary my-f-1.5\" q:key=\"0\" q:id=\"78\"><strong>MC: Federico Valverde:\u00a0<\/strong>El uruguayo ser\u00e1 el capit\u00e1n nuevamente y ocupar\u00e1 la banda derecha.<\/p>\n<p id=\"inline-text-12\" class=\"my-[18px] [&amp;_a]:text-primary my-f-1.5\" q:key=\"0\" q:id=\"7b\"><strong>DC: Vin\u00edcius Junior<\/strong>\u00a0&#8211; La estrella brasile\u00f1a es una de las principales armas del ataque Merengue. Su velocidad explosiva y regate endiablado por la izquierda lo convierten en una pesadilla para cualquier defensa.<\/p>\n<p id=\"inline-text-13\" class=\"my-[18px] [&amp;_a]:text-primary my-f-1.5\" q:key=\"0\" q:id=\"7e\"><strong>DC: Kylian Mbapp\u00e9<\/strong>\u00a0&#8211; El delantero franc\u00e9s es la referencia en punta. Su potencia, velocidad y letalidad frente al arco lo hacen el jugador m\u00e1s peligroso del planeta. Viene de hacerle cuatro goles al Olympiacos.<\/p>\n<p><img loading=\"lazy\" decoding=\"async\" src=\"https:\/\/www.europesays.com\/es\/wp-content\/uploads\/2025\/11\/01kb5g00snw9fjs1gb97.jpg\" alt=\"TOPSHOT-FBL-EUR-C1-OLYMPIAKOS-REAL MADRID\" title=\"TOPSHOT-FBL-EUR-C1-OLYMPIAKOS-REAL MADRID\" width=\"1024\" height=\"576\" class=\"undefined w-full w-full blur-[5px]\" q:id=\"7n\"\/><\/p>\n<p>TOPSHOT-FBL-EUR-C1-OLYMPIAKOS-REAL MADRID | ANGELOS TZORTZINIS\/GettyImages<\/p>\n<p>As\u00ed se ver\u00eda la alineaci\u00f3n del Real Madrid (4-4-2)<\/p>\n<p id=\"inline-text-16\" class=\"my-[18px] [&amp;_a]:text-primary my-f-1.5\" q:key=\"0\" q:id=\"7u\"><strong>Portero<\/strong>: Andriy Lunin<\/p>\n<p id=\"inline-text-17\" class=\"my-[18px] [&amp;_a]:text-primary my-f-1.5\" q:key=\"0\" q:id=\"7x\"><strong>Defensas<\/strong>: Trent Alexander Arnold, Ra\u00fal Asensio, Ferland Mendy, \u00c1lvaro Carreras<\/p>\n<p id=\"inline-text-18\" class=\"my-[18px] [&amp;_a]:text-primary my-f-1.5\" q:key=\"0\" q:id=\"80\"><strong>Centrocampistas<\/strong>: Federico Valverde, Arda G\u00fcler, Aurelien Tchouameni, Jude Bellingham<\/p>\n<p id=\"inline-text-19\" class=\"my-[18px] [&amp;_a]:text-primary my-f-1.5\" q:key=\"0\" q:id=\"83\"><strong>Delanteros<\/strong>: Kylian Mbapp\u00e9 y Vin\u00edcius J\u00fanior<\/p>\n<p>As\u00ed se ver\u00eda la alineaci\u00f3n del Girona (4-4-2)<\/p>\n<p id=\"inline-text-21\" class=\"my-[18px] [&amp;_a]:text-primary my-f-1.5\" q:key=\"0\" q:id=\"89\"><strong>Portero<\/strong>: Paulo Gazzaniga<\/p>\n<p id=\"inline-text-22\" class=\"my-[18px] [&amp;_a]:text-primary my-f-1.5\" q:key=\"0\" q:id=\"8c\"><strong>Defensas<\/strong>: Hugo Rincon, Arnau Mart\u00ednez, V\u00edtor Reis, \u00c0lex Moreno<\/p>\n<p id=\"inline-text-23\" class=\"my-[18px] [&amp;_a]:text-primary my-f-1.5\" q:key=\"0\" q:id=\"8f\"><strong>Centrocampistas<\/strong>: Iv\u00e1n Martin, Axel Witsel, Azzedine Ounahi, Bryan Gil<\/p>\n<p id=\"inline-text-24\" class=\"my-[18px] [&amp;_a]:text-primary my-f-1.5\" q:key=\"0\" q:id=\"8i\"><strong>Delanteros<\/strong>: Viktor Tsygankov y Vladyslav Vanat.<\/p>\n<p>M\u00c1S INFORMACI\u00d3N SOBRE EL REAL MADRID:<\/p>\n","protected":false},"excerpt":{"rendered":"El Real Madrid tiene todo listo para volver a la actividad por LaLiga tras lo que fue la&hellip;\n","protected":false},"author":2,"featured_media":263713,"comment_status":"","ping_status":"","sticky":false,"template":"","format":"standard","meta":{"footnotes":""},"categories":[93],"tags":[168,25,24,23,167],"class_list":{"0":"post-263712","1":"post","2":"type-post","3":"status-publish","4":"format-standard","5":"has-post-thumbnail","7":"category-deportes","8":"tag-deportes","9":"tag-es","10":"tag-espana","11":"tag-spain","12":"tag-sports"},"share_on_mastodon":{"url":"https:\/\/pubeurope.com\/@es\/115638931760939781","error":""},"_links":{"self":[{"href":"https:\/\/www.europesays.com\/es\/wp-json\/wp\/v2\/posts\/263712","targetHints":{"allow":["GET"]}}],"collection":[{"href":"https:\/\/www.europesays.com\/es\/wp-json\/wp\/v2\/posts"}],"about":[{"href":"https:\/\/www.europesays.com\/es\/wp-json\/wp\/v2\/types\/post"}],"author":[{"embeddable":true,"href":"https:\/\/www.europesays.com\/es\/wp-json\/wp\/v2\/users\/2"}],"replies":[{"embeddable":true,"href":"https:\/\/www.europesays.com\/es\/wp-json\/wp\/v2\/comments?post=263712"}],"version-history":[{"count":0,"href":"https:\/\/www.europesays.com\/es\/wp-json\/wp\/v2\/posts\/263712\/revisions"}],"wp:featuredmedia":[{"embeddable":true,"href":"https:\/\/www.europesays.com\/es\/wp-json\/wp\/v2\/media\/263713"}],"wp:attachment":[{"href":"https:\/\/www.europesays.com\/es\/wp-json\/wp\/v2\/media?parent=263712"}],"wp:term":[{"taxonomy":"category","embeddable":true,"href":"https:\/\/www.europesays.com\/es\/wp-json\/wp\/v2\/categories?post=263712"},{"taxonomy":"post_tag","embeddable":true,"href":"https:\/\/www.europesays.com\/es\/wp-json\/wp\/v2\/tags?post=263712"}],"curies":[{"name":"wp","href":"https:\/\/api.w.org\/{rel}","templated":true}]}}