{"id":263716,"date":"2025-11-30T13:41:18","date_gmt":"2025-11-30T13:41:18","guid":{"rendered":"https:\/\/www.europesays.com\/es\/263716\/"},"modified":"2025-11-30T13:41:18","modified_gmt":"2025-11-30T13:41:18","slug":"lady-araminta-la-nieta-de-carolina-herrera-y-los-vestidos-mas-espectaculares-de-la-noche","status":"publish","type":"post","link":"https:\/\/www.europesays.com\/es\/263716\/","title":{"rendered":"Lady Araminta, la nieta de Carolina Herrera y los vestidos m\u00e1s espectaculares de la noche"},"content":{"rendered":"<p id=\"ehTQjvaoffe\" data-wc=\"100\">No hay cita m\u00e1s esperada, exclusiva y aristocr\u00e1tica en el calendario social que <a class=\"hm-link ho-link\" href=\"https:\/\/www.hola.com\/actualidad\/20241129733016\/baile-de-debutantes-paris-que-es-historia\/\" rel=\"noopener nofollow\" target=\"_blank\" data-mrf-recirculation=\"article-body-link\">Le Bal des D\u00e9butantes<\/a>, el legendario baile que desde hace d\u00e9cadas introduce en sociedad a algunas de <a class=\"hm-link ho-link\" href=\"https:\/\/www.hola.com\/actualidad\/20251117868013\/baile-debutantes-participantes-te-las-presentamos\/\" rel=\"noopener nofollow\" target=\"_blank\" data-mrf-recirculation=\"article-body-link\">las j\u00f3venes m\u00e1s influyentes del mundo<\/a>. Celebrado este a\u00f1o el <strong data-end=\"746\" data-start=\"695\">29 de noviembre en el Shangri-La Hotel de Par\u00eds<\/strong>, con vistas a la Torre Eiffel, el evento ha vuelto a reunir a herederas, arist\u00f3cratas, descendientes de grandes empresarios, royals\u00a0y futuras figuras del arte, la moda y las finanzas. Una noche que <strong>revive tradiciones del siglo XVIII<\/strong> pero con una est\u00e9tica que respira haute couture, modernidad y glamour\u00a0de pel\u00edcula.<\/p>\n<p> <img src=\"https:\/\/www.europesays.com\/es\/wp-content\/uploads\/2025\/11\/7ff29224d4d9-00734016000001.jpg\"   width=\"1024\" height=\"682\" loading=\"lazy\" decoding=\"async\" alt=\"Las 19 j\u00f3venes debutantes de Le Bal 2025\" fetchpriority=\"auto\" class=\"image ho-image\"\/>\u00a9 Le Bal \/ Pascal Chevallier \/ Bestimage<\/p>\n<p id=\"eaJ2-AvTMhQ\" data-wc=\"81\">Fundado en 1957 e impulsado desde 1997 por Oph\u00e9lie Renouard, Le Bal es mucho m\u00e1s que un desfile de etiqueta: es una pasarela hist\u00f3rica donde <strong data-end=\"1250\" data-start=\"1206\">debutantes de 16 a 22 a\u00f1os<\/strong> \u2014cada una acompa\u00f1ada de un cavalier\u00a0cuidadosamente seleccionado\u2014 se presentan vestidas por grandes casas de moda en un ambiente casi cinematogr\u00e1fico. Por este escenario han pasado nombres como <strong data-end=\"1513\" data-start=\"1446\">Lady Kitty Spencer, Amelia Windsor, Lily Collins o Apple Martin<\/strong>, consolidando su estatus como uno de los eventos m\u00e1s deseados del mundo.<\/p>\n<p> <img src=\"https:\/\/www.europesays.com\/es\/wp-content\/uploads\/2025\/11\/622f6eca16df-00734099000001.jpg\"   width=\"1024\" height=\"682\" loading=\"lazy\" decoding=\"async\" alt=\" Las debutantes Carolina B. Lansing, Carolina Herrera; Alice Wang, de Vera Wang; Lady Araminta Spencer-Churchill,  de Giorgio Armani Priv\u00e9; Eulalia de Orlean-Borb\u00f3n, de Tony Ward; Isabelle de Orleans, de Antonio Grimaldi, y Bronwyn Vance, de St\u00e9phane Rollan Haute Couture. Todas luces joyas de V Muse\" fetchpriority=\"auto\" class=\"image ho-image\"\/>\u00a9 Le Bal \/ Borde \/ Moreau \/ Bestimage<\/p>\n<p id=\"eHYWJfJIpc1\" data-wc=\"96\">Este 2025, la selecci\u00f3n vuelve a brillar con fuerza: <strong data-end=\"1673\" data-start=\"1643\">19 debutantes de 12 pa\u00edses<\/strong>, entre ellas descendientes de dise\u00f1adores legendarios, herederas de grandes magnates, estudiantes brillantes, futuras l\u00edderes culturales y hasta una princesa espa\u00f1ola. La moda, la genealog\u00eda y el talento personal se han unido en una noche irrepetible donde cada joven ha lucido una pieza de Alta Costura creada especialmente para ella. A continuaci\u00f3n, <strong data-end=\"2071\" data-start=\"2021\">los looks de las protagonistas de Le Bal 2025<\/strong>, una a una, con sus historias, su linaje y el dise\u00f1ador que las ha acompa\u00f1ado en su primera gran noche de sociedad.<\/p>\n<p>119<\/p>\n<p>  <img src=\"https:\/\/www.europesays.com\/es\/wp-content\/uploads\/2025\/11\/a944f145ed2e-00734101000367.jpg\"   width=\"682\" height=\"1024\" loading=\"lazy\" decoding=\"async\" alt=\"Baile Debutantes 2025\" fetchpriority=\"auto\" class=\"image ho-image\"\/>\u00a9 Le Bal \/ Borde \/ Moreau \/ Bestimage<\/p>\n<p> Lady Araminta Spencer-Churchill<\/p>\n<p id=\"ecfYtbBlii\">Heredera directa de una de <strong>las estirpes m\u00e1s c\u00e9lebres del Reino Unido<\/strong>, Lady Araminta Spencer-Churchill \u2014hija del 12\u00ba Duque de Marlborough y bisnieta pol\u00edtica de la reina Isabel II gracias a su t\u00eda-abuela Lady Rosemary, dama de honor en la coronaci\u00f3n\u2014 vive entre caballos y los terrenos hist\u00f3ricos de Blenheim Palace, aunque ocasionalmente se la ve desfilando por fiestas de la alta sociedad londinense. Con solo 18 a\u00f1os ya compite en British Eventing y sue\u00f1a con llegar a los Juegos Ol\u00edmpicos mientras completa sus estudios en Oxford Brookes. Para su debut en Par\u00eds lleg\u00f3 de la mano del <strong>Bar\u00f3n Nicholas von Perfall y vestida en Armani Priv\u00e9.<\/strong><\/p>\n<p>219<\/p>\n<p>  <img src=\"https:\/\/www.europesays.com\/es\/wp-content\/uploads\/2025\/11\/9f520b9ac15a-00734106000223.jpg\"   width=\"682\" height=\"1024\" loading=\"lazy\" decoding=\"async\" alt=\"Baile Debutantes 2025\" fetchpriority=\"auto\" class=\"image ho-image\"\/>\u00a9 Le Bal \/ Borde \/ Moreau \/ Bestimage<\/p>\n<p> Gabrielle Janssens de Balkany<\/p>\n<p id=\"evLXzd8bQ5\">Ciudadana del mundo desde la cuna, Gabrielle Janssens de Balkany naci\u00f3 en Tailandia y creci\u00f3 entre Suiza, Inglaterra y Espa\u00f1a, donde vive actualmente. Hija de Olivier Janssens y Elisabeth de Balkany, <strong>desciende de la realeza italiana<\/strong> por v\u00eda directa, contando entre sus abuelos a la princesa Maria Gabriella de Saboya y al \u00faltimo rey de Italia, Umberto II. Estudia organizaci\u00f3n de eventos, as\u00ed que no sorprendi\u00f3 que llegara a Le Bal con pleno dominio del protocolo, donde luci\u00f3 un dise\u00f1o italiano de <strong>Luisa Beccaria<\/strong> y fue acompa\u00f1ada por su hermano Thomas.\u00a0<\/p>\n<p>319<\/p>\n<p>  <img src=\"https:\/\/www.europesays.com\/es\/wp-content\/uploads\/2025\/11\/026f38903945-00734105000020.jpg\"   width=\"682\" height=\"1024\" loading=\"lazy\" decoding=\"async\" alt=\"Baile Debutantes 2025\" fetchpriority=\"auto\" class=\"image ho-image\"\/>\u00a9 Le Bal \/ Borde \/ Moreau \/ Bestimage<\/p>\n<p> Eulalia de Orleans-Borb\u00f3n<\/p>\n<p id=\"ecZKs_2S4g\">Influencer, pol\u00edglota y descendiente directa de la rama espa\u00f1ola de los Borbones, es <strong>hija de \u00c1lvaro de Orleans-Borb\u00f3n y ahijada del Rey Juan Carlos<\/strong>. Con 19 a\u00f1os y seis idiomas, estudia Econom\u00eda y Finanzas en St Andrews. Para Le Bal luci\u00f3 haute couture del dise\u00f1ador liban\u00e9s <strong>Tony Ward<\/strong>.<\/p>\n<p>419<\/p>\n<p>  <img src=\"https:\/\/www.europesays.com\/es\/wp-content\/uploads\/2025\/11\/07087215ab7f-00734101000024.jpg\"   width=\"682\" height=\"1024\" loading=\"lazy\" decoding=\"async\" alt=\"Baile Debutantes 2025\" fetchpriority=\"auto\" class=\"image ho-image\"\/>\u00a9 Le Bal \/ Borde \/ Moreau \/ Bestimage<\/p>\n<p> Carolina Lansing<\/p>\n<p id=\"ePnHSQ9SGZn\">Niet\u00edsima de <strong>Carolina Herrera<\/strong> y con la moda en el ADN, Carolina Lansing \u2014hija de Patricia Cristina Lansing\u2014 encarna la realeza fashion\u00a0estadounidense. Debut\u00f3 acompa\u00f1ada por su hermano Magnus y lo hizo rindiendo homenaje a su abuela con un vestido en blanco y negro con lunares firmado por <strong>Wes Gordon<\/strong> para la casa Herrera, inspirado en la primera colecci\u00f3n de la dise\u00f1adora. El bajo del vestido esconde un lazo amarillo bordado, gui\u00f1o a Good Girl, el primer perfume de la firma. \u201cHa sido un proceso emotivo y especial trabajar en esto con mi familia\u201d, confes\u00f3 a \u00a1HOLA!<\/p>\n<p>519<\/p>\n<p>  <img src=\"https:\/\/www.europesays.com\/es\/wp-content\/uploads\/2025\/11\/02131e16444c-00734101000321-1.jpg\"   width=\"682\" height=\"1024\" loading=\"lazy\" decoding=\"async\" alt=\"Baile Debutantes 2025\" fetchpriority=\"auto\" class=\"image ho-image\"\/>\u00a9 Le Bal \/ Borde \/ Moreau \/ Bestimage<\/p>\n<p> Isabelle d\u2019Orleans<\/p>\n<p id=\"ed9TJiqldVy\">Sangre Borb\u00f3n en la \u00faltima generaci\u00f3n, Isabelle d\u2019Orleans es bisnieta de Henri d&#8217;Orleans y la menor de los hijos del Duque y la Duquesa de Chartres. Estudia Administraci\u00f3n de Empresas en ESCP Londres, aunque ha regresado a su ciudad natal para su debut, igual que hizo en su d\u00eda su hermana mayor H\u00e9l\u00e8ne \u2014cuya reciente boda con Francisco Sottomayor Quinta fue celebrada con entusiasmo por toda la familia. Para la gran noche ha lucido un dise\u00f1o italiano de <strong data-gid=\"en2u8pOLn5\">Antonio Grimaldi\u00a0<\/strong>y ha sido acompa\u00f1ada por <strong data-gid=\"eVayIkJpAd\">Constantin d\u2019Orleans<\/strong>, familiar y cavalier\u00a0experimentado tras haber llevado a Peyton Spaht el a\u00f1o pasado.<\/p>\n<p>619<\/p>\n<p>  <img src=\"https:\/\/www.europesays.com\/es\/wp-content\/uploads\/2025\/11\/ad7da0ef38e8-00734101000093.jpg\"   width=\"682\" height=\"1024\" loading=\"lazy\" decoding=\"async\" alt=\"Baile Debutantes 2025\" fetchpriority=\"auto\" class=\"image ho-image\"\/>\u00a9 Le Bal \/ Borde \/ Moreau \/ Bestimage<\/p>\n<p> Bronwyn Vance<\/p>\n<p id=\"ePaOgMEYEl\">Hollywood ha tenido representante en Par\u00eds gracias a Bronwyn Vance, <strong>hija de los actores Courtney B. Vance y Angela Bassett<\/strong>. Acostumbrada a la alfombra roja de los Oscar, combina su vida glam\u00a0con estudios de cine en Harvard. Pianista, jugadora de lacrosse, rapera y activista, recaud\u00f3 m\u00e1s de 60.000 d\u00f3lares para la Leukemia &amp; Lymphoma Society en 2022. Para Le Bal\u00a0ha vestido\u00a0un dise\u00f1o de <strong>Stephane Rolland<\/strong> y ha llegado acompa\u00f1ada por su hermano mellizo, Slater.<\/p>\n<p>719<\/p>\n<p>  <img src=\"https:\/\/www.europesays.com\/es\/wp-content\/uploads\/2025\/11\/b512698f0a7b-00734108000075.jpg\"   width=\"682\" height=\"1024\" loading=\"lazy\" decoding=\"async\" alt=\"Baile Debutantes 2025\" fetchpriority=\"auto\" class=\"image ho-image\"\/>\u00a9 Le Bal \/ Borde \/ Moreau \/ Bestimage<\/p>\n<p> Almudena Dailly de Orleans<\/p>\n<p id=\"eZ97NGip05b\">Vinculada a la Casa de Borb\u00f3n, Almudena Dailly de Orleans \u2014nieta de Beatriz de Orleans, hija de Pierre-Louis Dailly y la princesa Ad\u00e9laide\u2014 representa la continuidad de una saga muy unida a la realeza espa\u00f1ola. Estudi\u00f3 marketing, vive en Madrid y ha asistido a Le Bal con su hermano Diego. Su vestido es un homenaje familiar: <strong>Christian Dior<\/strong>, misma casa que visti\u00f3 a su madre el d\u00eda de su boda en Sevilla, una ceremonia presenciada por los reyes Juan Carlos, Sof\u00eda y el entonces pr\u00edncipe Felipe.<\/p>\n<p>819<\/p>\n<p>  <img src=\"https:\/\/www.europesays.com\/es\/wp-content\/uploads\/2025\/11\/cb3899e04b62-00734101000054.jpg\"   width=\"682\" height=\"1024\" loading=\"lazy\" decoding=\"async\" alt=\"Baile Debutantes 2025\" fetchpriority=\"auto\" class=\"image ho-image\"\/>\u00a9 Le Bal \/ Borde \/ Moreau \/ Bestimage<\/p>\n<p> Eug\u00e9nie de Hohenzollern<\/p>\n<p id=\"erVGuEmJI-1\">De cuna imperial y con criterio de dise\u00f1adora, Eug\u00e9nie de Hohenzollern \u2014hija del pr\u00edncipe Albert y la princesa Natalia de la dinast\u00eda que dio reyes y emperadores a Alemania\u2014 estudia moda en el Instituto Marangoni de Par\u00eds. Apasionada del dise\u00f1o y criada entre salones nobiliarios, ha debutado en un vestido del belga <strong>\u00c9douard Vermeulen<\/strong>, <strong>acompa\u00f1ada por el conde Ascanio di Carpegna Brivio<\/strong>, joven arist\u00f3crata italiano con experiencia previa en Le Bal.<\/p>\n<p>919<\/p>\n<p>  <img src=\"https:\/\/www.europesays.com\/es\/wp-content\/uploads\/2025\/11\/de15a648ee9c-00734101000192.jpg\"   width=\"682\" height=\"1024\" loading=\"lazy\" decoding=\"async\" alt=\"Baile Debutantes 2025\" fetchpriority=\"auto\" class=\"image ho-image\"\/>\u00a9 Le Bal \/ Borde \/ Moreau \/ Bestimage<\/p>\n<p> Josephine Haas<\/p>\n<p id=\"ectUKbeTBaP\">Josephine Haas parece destinada a la \u00e9lite intelectual y social. Estudia en IE University en Madrid y es hija del abogado Sebasti\u00e1n Haas \u2014especialista en derecho cinematogr\u00e1fico\u2014 y de Claire-Sophie, directora de comunicaci\u00f3n de Rexel. Para Le Bal ha elegido a <strong>Guo Pei<\/strong>, la dise\u00f1adora responsable del ic\u00f3nico vestido amarillo de Rihanna en la Met Gala 2015. Su acompa\u00f1ante ha sido el <strong>conde Brando Leonardo Borletti Dell\u2019Acqua.<\/strong><\/p>\n<p>1019<\/p>\n<p>  <img src=\"https:\/\/www.europesays.com\/es\/wp-content\/uploads\/2025\/11\/8edf3ba0077b-00734101000009.jpg\"   width=\"682\" height=\"1024\" loading=\"lazy\" decoding=\"async\" alt=\"Baile Debutantes 2025\" fetchpriority=\"auto\" class=\"image ho-image\"\/>\u00a9 Le Bal \/ Borde \/ Moreau \/ Bestimage<\/p>\n<p> Ruby Kemper<\/p>\n<p id=\"eCKOrcUtU7q\">Con experiencia familiar previa en Le Bal (su hermana Tess debut\u00f3 en 2016 y es \u00edntima de Sofia Richie), Ruby Kemper \u2014estudiante de gesti\u00f3n hotelera en Cornell\u2014 llega con herencia hollywoodense: es nieta de Kirk Kerkorian, antiguo due\u00f1o de MGM Studios. Ha asistido con el esquiador brit\u00e1nico Gabriel Gledhill y ha lucido un dise\u00f1o de <strong>Chrome Hearts<\/strong>, marca estadounidense.<\/p>\n<p>1119<\/p>\n<p>  <img src=\"https:\/\/www.europesays.com\/es\/wp-content\/uploads\/2025\/11\/a19ea0fb5606-00734101000268.jpg\"   width=\"682\" height=\"1024\" loading=\"lazy\" decoding=\"async\" alt=\"Baile Debutantes 2025\" fetchpriority=\"auto\" class=\"image ho-image\"\/>\u00a9 Le Bal \/ Borde \/ Moreau \/ Bestimage<\/p>\n<p> Eliza Lindroth<\/p>\n<p id=\"eL8Ggwouy_3\">Intelectual por tradici\u00f3n familiar \u2014descendiente del inventor sueco Martin Wiberg\u2014 Eliza Lindroth estudia Historia del Arte y Antropolog\u00eda en la American University de Par\u00eds. Criada en Bahamas, ayer dej\u00f3 los libros por el gran sal\u00f3n del Shangri-La con un dise\u00f1o de <strong>Rick Owens<\/strong>, uno de los nombres m\u00e1s vanguardistas del panorama actual. Su acompa\u00f1ante ha sido <strong>Antonius Meijer, heredero del Ch\u00e2teau Giscours<\/strong>, quien ya ten\u00eda experiencia como cavalier\u00a0tras acompa\u00f1ar a su hermana el a\u00f1o pasado.<\/p>\n<p>1219<\/p>\n<p>  <img src=\"https:\/\/www.europesays.com\/es\/wp-content\/uploads\/2025\/11\/6eab755d0524-00734101000067.jpg\"   width=\"682\" height=\"1024\" loading=\"lazy\" decoding=\"async\" alt=\"Baile Debutantes 2025\" fetchpriority=\"auto\" class=\"image ho-image\"\/>\u00a9 Le Bal \/ Borde \/ Moreau \/ Bestimage<\/p>\n<p> Sarah Bae<\/p>\n<p id=\"eO_Iv4hkuKY\">Hija del financiero Joseph Bae y de la escritora Janice Lee, Sarah Bae representa un cruce perfecto entre mundo creativo y corporativo. Estudia en Phillips Academy Andover, practica atletismo, preside el Korean Society, participa en UNICEF y se prepara para estudiar Historia y Filosof\u00eda. Ha hecho historia como la <strong>primera debutante coreano-estadounidense<\/strong> en Le Bal, con un dise\u00f1o de <strong>Oscar de la Renta<\/strong> y acompa\u00f1ada por su hermano gemelo, Jams.<\/p>\n<p>1319<\/p>\n<p>  <img src=\"https:\/\/www.europesays.com\/es\/wp-content\/uploads\/2025\/11\/1b770d9277a4-00734101000263.jpg\"   width=\"682\" height=\"1024\" loading=\"lazy\" decoding=\"async\" alt=\"Baile Debutantes 2025\" fetchpriority=\"auto\" class=\"image ho-image\"\/>\u00a9 Le Bal \/ Borde \/ Moreau \/ Bestimage<\/p>\n<p> Alexandra Moxey<\/p>\n<p id=\"e-MRm4BIFBk\">Con ra\u00edces filipinas, estadounidenses y una vida entre tres continentes, estudia Historia Latinoamericana y Derecho en la Universidad de Chicago. Hija de Patrick Moxey, fundador de Ultra Records y de los festivales y sellos que han marcado la escena electr\u00f3nica internacional, Alexandra ha hecho suyo ese impulso creativo: escribe para la revista musical del campus, Firebird Magazine, y presenta programas en la emisora estudiantil.\u00a0<\/p>\n<p>1419<\/p>\n<p>  <img src=\"https:\/\/www.europesays.com\/es\/wp-content\/uploads\/2025\/11\/2d5b28887cbc-00734101000211.jpg\"   width=\"682\" height=\"1024\" loading=\"lazy\" decoding=\"async\" alt=\"Baile Debutantes 2025\" fetchpriority=\"auto\" class=\"image ho-image\"\/>\u00a9 Le Bal \/ Borde \/ Moreau \/ Bestimage<\/p>\n<p> Isabelle von Perfall<\/p>\n<p id=\"e_IR5hDwFuN\">La noche ha sido una celebraci\u00f3n completamente familiar para los von Perfall: mientras su hermano Nicholas ha acompa\u00f1ado a Araminta Spencer-Churchill, Isabelle ha llegado junto a su otro hermano, Felix, convirtiendo su presencia en uno de los clanes m\u00e1s representados en esta edici\u00f3n de Le Bal. Pianista y cantante, Isabelle \u2014hija del Bar\u00f3n Alexander von Perfall y de Ashley, procedente de una familia de diplom\u00e1ticos\u2014 estudia Antropolog\u00eda Social e Historia del Arte en St Andrews, donde comparte entorno acad\u00e9mico con Eulalia de Orleans-Borb\u00f3n. Para su debut ha elegido un dise\u00f1o de <strong>Monique Lhuillier.<\/strong><\/p>\n<p>1519<\/p>\n<p>  <img src=\"https:\/\/www.europesays.com\/es\/wp-content\/uploads\/2025\/11\/ecfb96103acc-00734101000290.jpg\"   width=\"1024\" height=\"682\" loading=\"lazy\" decoding=\"async\" alt=\"Baile Debutantes 2025\" fetchpriority=\"auto\" class=\"image ho-image\"\/>\u00a9 Le Bal \/ Borde \/ Moreau \/ Bestimage<\/p>\n<p> Jillian Chan<\/p>\n<p id=\"eK30SCuPaWE\">Heredera de una poderosa dinast\u00eda cinematogr\u00e1fica asi\u00e1tica, Jillian Chan es hija del director Peter Chan y de la actriz y productora Sandra Ng, adem\u00e1s de nieta de dos figuras fundamentales de la industria del entretenimiento en Hong Kong. Actualmente estudia interpretaci\u00f3n en la University of Southern California, mientras documenta viajes, proyectos y vida cultural entre Los \u00c1ngeles y Hong Kong. Ha brillado en Le Bal con un vestido de <strong>Georges Hobeika<\/strong>, <strong>acompa\u00f1ada por el arist\u00f3crata griego Nikolas Manos<\/strong>.<\/p>\n<p>1619<\/p>\n<p>  <img src=\"https:\/\/www.europesays.com\/es\/wp-content\/uploads\/2025\/11\/2ccb82dad47c-00734101000245.jpg\"   width=\"682\" height=\"1024\" loading=\"lazy\" decoding=\"async\" alt=\"Baile Debutantes 2025\" fetchpriority=\"auto\" class=\"image ho-image\"\/>\u00a9 Le Bal \/ Borde \/ Moreau \/ Bestimage<\/p>\n<p> Eirini Zarifi<\/p>\n<p id=\"eXlHlR3M6Jn\">La heredera griega Eirini, estudiante de Psicolog\u00eda en Royal Holloway, ha llegado respaldada por dos apellidos hist\u00f3ricos. Su padre, George Leon Zarifi, procede de una prestigiosa familia bancaria de Constantinopla; su madre, Anna-Krystyna, pertenece a una de las sagas navieras m\u00e1s antiguas de Grecia. Para Le Bal ha elegido a la dise\u00f1adora brit\u00e1nica <strong>Deborah Milner<\/strong> \u2014\u00bfun gui\u00f1o a su vida acad\u00e9mica en Londres?\u2014 y ha sido acompa\u00f1ada por <strong>Gabriel de Kergorlay<\/strong>, quien ya estuvo en esta misma pista de baile el a\u00f1o pasado junto a Apollonie Halard.<\/p>\n<p>1719<\/p>\n<p>  <img src=\"https:\/\/www.europesays.com\/es\/wp-content\/uploads\/2025\/11\/c3fb315728fe-00734101000135.jpg\"   width=\"682\" height=\"1024\" loading=\"lazy\" decoding=\"async\" alt=\"Baile Debutantes 2025\" fetchpriority=\"auto\" class=\"image ho-image\"\/>\u00a9 Le Bal \/ Borde \/ Moreau \/ Bestimage<\/p>\n<p> Alice Wang<\/p>\n<p id=\"eXGXXKCe27v\">Brillante, multidisciplinar y con un apellido imposible de ignorar, Alice Wang estudia Artes Visuales dentro de su carrera de Psicolog\u00eda en Columbia University, al mismo tiempo que participa en proyectos ambientales y en el grupo de hip-hop del campus. Hija de Chuanfu Wang \u2014fundador de BYD, gigante tecnol\u00f3gico y automotriz\u2014 y de Stella Li, CEO de BYD Americas, se ha presentado como una debutante con visi\u00f3n del futuro. Ha vestido un dise\u00f1o de <strong>Vera Wang<\/strong> y ha sido escoltada por el <strong>b<\/strong><strong>ar\u00f3n Heinrich von Frankenstein.<\/strong><\/p>\n<p>1819<\/p>\n<p>  <img src=\"https:\/\/www.europesays.com\/es\/wp-content\/uploads\/2025\/11\/d78890465220-00734101000232.jpg\"   width=\"682\" height=\"1024\" loading=\"lazy\" decoding=\"async\" alt=\"Baile Debutantes 2025\" fetchpriority=\"auto\" class=\"image ho-image\"\/>\u00a9 Le Bal \/ Borde \/ Moreau \/ Bestimage<\/p>\n<p> Reagan Sacks<\/p>\n<p id=\"e-GL1QOWBxd\">Hija de David Sacks \u2014figura clave en Silicon Valley, ex COO de PayPal y uno de los primeros inversores de Facebook, Uber, SpaceX y Airbnb\u2014 y de Jacqueline, creadora de la firma wellness\u00a0Saint Haven y miembro de la junta del California Pacific Medical Center, Reagan Sacks crece rodeada de nombres influyentes y tecnolog\u00eda punta. Ha protagonizado su debut vestida de <strong>Schiaparelli Alta Costura<\/strong>, acompa\u00f1ada por el heredero farmac\u00e9utico <strong>Jason Schwarz<\/strong>.<\/p>\n<p>1919<\/p>\n<p>  <img src=\"https:\/\/www.europesays.com\/es\/wp-content\/uploads\/2025\/11\/1ac301144635-00734101000309.jpg\"   width=\"682\" height=\"1024\" loading=\"lazy\" decoding=\"async\" alt=\"Baile Debutantes 2025\" fetchpriority=\"auto\" class=\"image ho-image\"\/>\u00a9 Le Bal \/ Borde \/ Moreau \/ Bestimage<\/p>\n<p> Ella Wadia<\/p>\n<p id=\"evIF0zuPRPa\">Descendiente directa de Muhammad Ali Jinnah \u2014fundador de Pakist\u00e1n\u2014 Ella Wadia encarna la fusi\u00f3n entre linaje hist\u00f3rico y modernidad internacional. Su padre, Jehangir Wadia, es ejecutivo en el conglomerado Wadia Group, cuya actividad abarca desde el textil al sector a\u00e9reo; su madre, Celina, dirige la firma de moda C Femme, detalle que explica el estilo innato de la debutante. Ha vestido un dise\u00f1o de <strong>Elie Saab<\/strong>, una elecci\u00f3n que subraya elegancia y dramatismo visual y que consolida su entrada en el c\u00edrculo global de nuevas socialit\u00e9s.<\/p>\n","protected":false},"excerpt":{"rendered":"No hay cita m\u00e1s esperada, exclusiva y aristocr\u00e1tica en el calendario social que Le Bal des D\u00e9butantes, el&hellip;\n","protected":false},"author":2,"featured_media":263717,"comment_status":"","ping_status":"","sticky":false,"template":"","format":"standard","meta":{"footnotes":""},"categories":[91],"tags":[1024,146,147,25,24,54123,22403,1023,23,65541],"class_list":{"0":"post-263716","1":"post","2":"type-post","3":"status-publish","4":"format-standard","5":"has-post-thumbnail","7":"category-entretenimiento","8":"tag-actualidad-moda","9":"tag-entertainment","10":"tag-entretenimiento","11":"tag-es","12":"tag-espana","13":"tag-looks","14":"tag-mejores-looks","15":"tag-moda","16":"tag-spain","17":"tag-vestidos-de-gala"},"share_on_mastodon":{"url":"https:\/\/pubeurope.com\/@es\/115638940556311904","error":""},"_links":{"self":[{"href":"https:\/\/www.europesays.com\/es\/wp-json\/wp\/v2\/posts\/263716","targetHints":{"allow":["GET"]}}],"collection":[{"href":"https:\/\/www.europesays.com\/es\/wp-json\/wp\/v2\/posts"}],"about":[{"href":"https:\/\/www.europesays.com\/es\/wp-json\/wp\/v2\/types\/post"}],"author":[{"embeddable":true,"href":"https:\/\/www.europesays.com\/es\/wp-json\/wp\/v2\/users\/2"}],"replies":[{"embeddable":true,"href":"https:\/\/www.europesays.com\/es\/wp-json\/wp\/v2\/comments?post=263716"}],"version-history":[{"count":0,"href":"https:\/\/www.europesays.com\/es\/wp-json\/wp\/v2\/posts\/263716\/revisions"}],"wp:featuredmedia":[{"embeddable":true,"href":"https:\/\/www.europesays.com\/es\/wp-json\/wp\/v2\/media\/263717"}],"wp:attachment":[{"href":"https:\/\/www.europesays.com\/es\/wp-json\/wp\/v2\/media?parent=263716"}],"wp:term":[{"taxonomy":"category","embeddable":true,"href":"https:\/\/www.europesays.com\/es\/wp-json\/wp\/v2\/categories?post=263716"},{"taxonomy":"post_tag","embeddable":true,"href":"https:\/\/www.europesays.com\/es\/wp-json\/wp\/v2\/tags?post=263716"}],"curies":[{"name":"wp","href":"https:\/\/api.w.org\/{rel}","templated":true}]}}