{"id":263723,"date":"2025-11-30T13:45:10","date_gmt":"2025-11-30T13:45:10","guid":{"rendered":"https:\/\/www.europesays.com\/es\/263723\/"},"modified":"2025-11-30T13:45:10","modified_gmt":"2025-11-30T13:45:10","slug":"abalos-acusa-a-lideres-autoritarios-de-su-encarcelamiento-en-un-mensaje-desde-prision","status":"publish","type":"post","link":"https:\/\/www.europesays.com\/es\/263723\/","title":{"rendered":"\u00c1balos acusa a \u00abl\u00edderes autoritarios\u00bb de su encarcelamiento en un mensaje desde prisi\u00f3n"},"content":{"rendered":"<p><a href=\"https:\/\/theobjective.com\/etiqueta\/jose-luis-abalos\/\" rel=\"nofollow noopener\" target=\"_blank\">Jos\u00e9 Luis \u00c1balos<\/a> se ha pronunciado por primera vez p\u00fablicamente desde su entrada el pasado jueves en la <a href=\"https:\/\/theobjective.com\/etiqueta\/prisiones\/\" rel=\"nofollow noopener\" target=\"_blank\">prisi\u00f3n<\/a> de Soto del Real (Madrid). En concreto, lo ha hecho en la ma\u00f1ana de este domingo, a trav\u00e9s de un mensaje publicado en el perfil del exministro en la red social X (antes Twitter), rebautizada como \u00abEn el nombre de \u00c1balos\u00bb, y dirigida por alguna persona de su entorno, ya que dentro de la c\u00e1rcel no dispone de dispositivo m\u00f3vil a pesar de estar redactado en primera persona.<\/p>\n<p>El exalto dirigente del <a href=\"https:\/\/theobjective.com\/etiqueta\/psoe\/\" rel=\"nofollow noopener\" target=\"_blank\">PSOE<\/a> denuncia lo que considera un ataque a los derechos humanos y defiende su inocencia: \u00abSe est\u00e1n desmantelando progresivamente las bases necesarias para una sociedad libre, justa e igualitaria. Defender\u00e9 mi inocencia con lo poco que me queda\u00bb. <strong>\u00abQu\u00e9 puede representar alguien que desde un gobierno o su oposici\u00f3n no respeta un derecho fundamental como la presunci\u00f3n de inocencia, reconocido y exigible para todas las personas\u00bb<\/strong>, critica.<\/p>\n<p>Asimismo, hace referencia a su situaci\u00f3n personal como defensa frente a lo dictado por el juez: \u00abYa estoy en la c\u00e1rcel porque el sistema as\u00ed lo ha decidido, sin haber celebrado juicio y bajo un falso pretexto subjetivo de un riesgo de fuga \u201cextremo\u201d, teniendo a un menor a mi cargo, cuidando a mi madre de 96 a\u00f1os cada dos fines de semana alternos y siendo un diputado que acude semanalmente al Congreso\u00bb. Para finalizar, arremete contra el sistema pol\u00edtico y medi\u00e1tico: <strong>\u00abL\u00edderes autoritarios, medios comprados, estado de derecho degradado\u2026 todos resueltos a aniquilar los derechos humanos y quieren hacernos creer que son los \u00fanicos que buscan la justicia y la verdad\u00bb<\/strong>.<\/p>\n<blockquote class=\"twitter-tweet\" data-width=\"550\" data-dnt=\"true\">\n<p lang=\"es\" dir=\"ltr\">Se est\u00e1n desmantelando progresivamente las bases necesarias para una sociedad libre, justa e igualitaria. Defender\u00e9 mi inocencia con lo poco que me queda.<\/p>\n<p>Qu\u00e9 puede representar alguien que desde un gobierno o su oposici\u00f3n no respeta un derecho fundamental como la presunci\u00f3n de\u2026<\/p>\n<p>\u2014 EN EL NOMBRE DE \u00c1BALOS (@abalosmeco) <a href=\"https:\/\/twitter.com\/abalosmeco\/status\/1995040242634465786?ref_src=twsrc%5Etfw\" rel=\"nofollow noopener\" target=\"_blank\">November 30, 2025<\/a><\/p><\/blockquote>\n<p>Posteriormente, ha compartido otro mensaje en el que agradece el trato al personal del centro penitenciario. \u00abMi agradecimiento por el buen trato que estoy recibiendo en prisi\u00f3n por parte de todos los funcionarios y por los dem\u00e1s internos. Mi adaptaci\u00f3n est\u00e1 siendo menos traum\u00e1tica de lo que esperaba. Eso s\u00ed, aqu\u00ed hace mucho fr\u00edo\u00bb. <strong>\u00abSigo fuerte y firme, y meti\u00e9ndome en prisi\u00f3n no me van a doblegar ni a callar\u2026\u00bb<\/strong>, ha zanjado.<\/p>\n<p>Este s\u00e1bado, fue la primera vez que la cuenta de \u00c1balos en esta red social tuvo actividad desde que se encuentra en la c\u00e1rcel. En concreto, se comparti\u00f3 un poema del argentino Guillermo Mayer, titulado \u2018No te rindas\u2019. \u00abNo te rindas, a\u00fan est\u00e1s a tiempo de alcanzar y comenzar de nuevo, aceptar tus sombras, enterrar tus miedos, liberar el lastre, retomar el vuelo\u00bb, inicia. <\/p>\n<p>                                                    <script async src=\"https:\/\/platform.twitter.com\/widgets.js\" charset=\"utf-8\"><\/script><\/p>\n","protected":false},"excerpt":{"rendered":"Jos\u00e9 Luis \u00c1balos se ha pronunciado por primera vez p\u00fablicamente desde su entrada el pasado jueves en la&hellip;\n","protected":false},"author":2,"featured_media":263724,"comment_status":"","ping_status":"","sticky":false,"template":"","format":"standard","meta":{"footnotes":""},"categories":[8],"tags":[17,18,52405,17525,25,24,13,14,5965,11,29322,19,20,9,10,15,16,593,1699,23,12,21,22,624],"class_list":{"0":"post-263723","1":"post","2":"type-post","3":"status-publish","4":"format-standard","5":"has-post-thumbnail","7":"category-espana","8":"tag-breaking-news","9":"tag-breakingnews","10":"tag-corrupciu00f3n","11":"tag-cu00e1rcel","12":"tag-es","13":"tag-espana","14":"tag-featured-news","15":"tag-featurednews","16":"tag-gobierno-de-espau00f1a","17":"tag-headlines","18":"tag-josu00e9-luis-u00c1balos","19":"tag-latest-news","20":"tag-latestnews","21":"tag-news","22":"tag-noticias","23":"tag-noticias-destacadas","24":"tag-noticiasdestacadas","25":"tag-prisiones","26":"tag-psoe","27":"tag-spain","28":"tag-titulares","29":"tag-ultimas-noticias","30":"tag-ultimasnoticias","31":"tag-vox"},"share_on_mastodon":{"url":"https:\/\/pubeurope.com\/@es\/115638955164487440","error":""},"_links":{"self":[{"href":"https:\/\/www.europesays.com\/es\/wp-json\/wp\/v2\/posts\/263723","targetHints":{"allow":["GET"]}}],"collection":[{"href":"https:\/\/www.europesays.com\/es\/wp-json\/wp\/v2\/posts"}],"about":[{"href":"https:\/\/www.europesays.com\/es\/wp-json\/wp\/v2\/types\/post"}],"author":[{"embeddable":true,"href":"https:\/\/www.europesays.com\/es\/wp-json\/wp\/v2\/users\/2"}],"replies":[{"embeddable":true,"href":"https:\/\/www.europesays.com\/es\/wp-json\/wp\/v2\/comments?post=263723"}],"version-history":[{"count":0,"href":"https:\/\/www.europesays.com\/es\/wp-json\/wp\/v2\/posts\/263723\/revisions"}],"wp:featuredmedia":[{"embeddable":true,"href":"https:\/\/www.europesays.com\/es\/wp-json\/wp\/v2\/media\/263724"}],"wp:attachment":[{"href":"https:\/\/www.europesays.com\/es\/wp-json\/wp\/v2\/media?parent=263723"}],"wp:term":[{"taxonomy":"category","embeddable":true,"href":"https:\/\/www.europesays.com\/es\/wp-json\/wp\/v2\/categories?post=263723"},{"taxonomy":"post_tag","embeddable":true,"href":"https:\/\/www.europesays.com\/es\/wp-json\/wp\/v2\/tags?post=263723"}],"curies":[{"name":"wp","href":"https:\/\/api.w.org\/{rel}","templated":true}]}}