{"id":263730,"date":"2025-11-30T13:55:09","date_gmt":"2025-11-30T13:55:09","guid":{"rendered":"https:\/\/www.europesays.com\/es\/263730\/"},"modified":"2025-11-30T13:55:09","modified_gmt":"2025-11-30T13:55:09","slug":"la-lista-del-real-madrid-ante-el-girona-con-novedades-importantes","status":"publish","type":"post","link":"https:\/\/www.europesays.com\/es\/263730\/","title":{"rendered":"La lista del Real Madrid ante el Girona, con novedades importantes"},"content":{"rendered":"<p data-gtm-element-container=\"modulo-texto-link\" class=\"paragraph\">El regreso de<strong> \u00c9der Militao <\/strong>y <strong>Antonio R\u00fcdiger<\/strong>, recuperados con urgencia para jugar en Montilivi ante el <strong>Girona <\/strong>este domingo (21:00 horas), salvan los problemas de<strong> Xabi Alonso<\/strong> en el centro de la zaga del<strong> Real Madrid<\/strong>, donde sigue sin poder contar con Dean Huijsen y David Alaba, y se suma la baja de Ra\u00fal Asencio en una convocatoria en la que regresan Thibaut Courtois y Franco Mastantuono.<\/p>\n<p data-gtm-element-container=\"modulo-texto-link\" class=\"paragraph\">Los problemas que sufre el Real Madrid en el centro de la defensa en noviembre no cesan. Cerrar\u00e1 el mes sin Ra\u00fal Asencio, baja por gastroenteritis en Girona. Xabi Alonso sigue sin poder contar con Huijsen, por una sobrecarga en el muslo izquierdo, ni con David Alaba, con un problema en el s\u00f3leo derecho. Dani Carvajal completa la lista de bajas madridistas para la decimocuarta jornada de LaLiga EA Sports.<\/p>\n<p data-gtm-element-container=\"modulo-texto-link\" class=\"paragraph\">En el cap\u00edtulo de novedades, Xabi Alonso recupera a Thibaut Courtois, que no pudo jugar ante Olympiacos en la Liga de Campeones por un proceso v\u00edrico, y cambia en el tercer portero con la entrada de Sergio Mestre por Fran Gonz\u00e1lez y Javi Navarro.<\/p>\n<p>Lista de convocados<\/p>\n<p class=\"module-text\"><strong>Porteros<\/strong>: Courtois, Lunin, Sergio Mestre.<br \/><strong>Defensas<\/strong>: Trent Alexander-Arnold, Militao, R\u00fcdiger, \u00c1lvaro Carreras, Fran Garc\u00eda y Ferlan Mendy.<br \/><strong>Centrocampistas<\/strong>: Tchouam\u00e9ni, Camavinga, Fede Valverde, Dani Ceballos, Arda G\u00fcler y Bellingham.<br \/><strong>Delanteros<\/strong>: Vin\u00edcius, Mastantuono, Endrick, Mbapp\u00e9, Rodrygo, Gonzalo y Brahim<\/p>\n<p data-gtm-element-container=\"modulo-texto-link\" class=\"paragraph\">Junto al retorno de Militao, tras un problema muscular en el aductor sufrido con Brasil, y el alem\u00e1n R\u00fcdiger, que deja atr\u00e1s una lesi\u00f3n en el recto anterior de la pierna izquierda, tambi\u00e9n da el paso para ser citado el argentino Franco Mastantuono, mejorado de la pubalgia que le oblig\u00f3 a parar.<\/p>\n","protected":false},"excerpt":{"rendered":"El regreso de \u00c9der Militao y Antonio R\u00fcdiger, recuperados con urgencia para jugar en Montilivi ante el Girona&hellip;\n","protected":false},"author":2,"featured_media":263731,"comment_status":"","ping_status":"","sticky":false,"template":"","format":"standard","meta":{"footnotes":""},"categories":[268],"tags":[168,25,24,280,282,281,23,167],"class_list":{"0":"post-263730","1":"post","2":"type-post","3":"status-publish","4":"format-standard","5":"has-post-thumbnail","7":"category-futbol","8":"tag-deportes","9":"tag-es","10":"tag-espana","11":"tag-football","12":"tag-futbol","13":"tag-soccer","14":"tag-spain","15":"tag-sports"},"share_on_mastodon":{"url":"https:\/\/pubeurope.com\/@es\/115638994560415103","error":""},"_links":{"self":[{"href":"https:\/\/www.europesays.com\/es\/wp-json\/wp\/v2\/posts\/263730","targetHints":{"allow":["GET"]}}],"collection":[{"href":"https:\/\/www.europesays.com\/es\/wp-json\/wp\/v2\/posts"}],"about":[{"href":"https:\/\/www.europesays.com\/es\/wp-json\/wp\/v2\/types\/post"}],"author":[{"embeddable":true,"href":"https:\/\/www.europesays.com\/es\/wp-json\/wp\/v2\/users\/2"}],"replies":[{"embeddable":true,"href":"https:\/\/www.europesays.com\/es\/wp-json\/wp\/v2\/comments?post=263730"}],"version-history":[{"count":0,"href":"https:\/\/www.europesays.com\/es\/wp-json\/wp\/v2\/posts\/263730\/revisions"}],"wp:featuredmedia":[{"embeddable":true,"href":"https:\/\/www.europesays.com\/es\/wp-json\/wp\/v2\/media\/263731"}],"wp:attachment":[{"href":"https:\/\/www.europesays.com\/es\/wp-json\/wp\/v2\/media?parent=263730"}],"wp:term":[{"taxonomy":"category","embeddable":true,"href":"https:\/\/www.europesays.com\/es\/wp-json\/wp\/v2\/categories?post=263730"},{"taxonomy":"post_tag","embeddable":true,"href":"https:\/\/www.europesays.com\/es\/wp-json\/wp\/v2\/tags?post=263730"}],"curies":[{"name":"wp","href":"https:\/\/api.w.org\/{rel}","templated":true}]}}