{"id":263734,"date":"2025-11-30T13:57:16","date_gmt":"2025-11-30T13:57:16","guid":{"rendered":"https:\/\/www.europesays.com\/es\/263734\/"},"modified":"2025-11-30T13:57:16","modified_gmt":"2025-11-30T13:57:16","slug":"accesibilidad-y-emociones-la-llave-para-conectar-con-la-dignidad","status":"publish","type":"post","link":"https:\/\/www.europesays.com\/es\/263734\/","title":{"rendered":"Accesibilidad y emociones: la llave para conectar con la dignidad"},"content":{"rendered":"<p class=\"c-paragraph\">Hace unas semanas tuve la oportunidad de participar en la<b>s VI Jornadas de Accesibilidad Universal del Ayuntamiento de Madrid<\/b>. All\u00ed confirm\u00e9 algo que llevo tiempo defendiendo, que la <a href=\"https:\/\/www.20minutos.es\/tags\/temas\/accesibilidad.html\" title=\"Accesibilidad\" target=\"_blank\" rel=\"nofollow noopener\">accesibilidad<\/a> no es solo t\u00e9cnica, es emocional. No se trata \u00fanicamente de cumplir normativas, sino de garantizar que nadie se queda fuera de las emociones universales.<\/p>\n<p class=\"c-paragraph\">Porque las emociones deber\u00edan pertenecer a un territorio que todas las personas puedan sentir, sin limitaciones. Todos tenemos derecho a emocionarnos con una fotograf\u00eda, una ecograf\u00eda o una obra de arte. Sin embargo, cuando la accesibilidad falla, no solo se roba informaci\u00f3n, se roba experiencia. <b>Se roba la posibilidad de sentir<\/b>.<\/p>\n<p class=\"c-paragraph\">En mi trabajo, rodeada de personas diversas, he aprendido que la accesibilidad es una vivencia cotidiana. Es escuchar, observar y anticipar necesidades. Es humanizar cada mensaje y cada proyecto. Es cambiar la mirada <b>para que todos podamos participar en igualdad<\/b>. Y, en todo ello, la tecnolog\u00eda debe ser un puente, nunca una barrera.<\/p>\n<p class=\"c-paragraph\">Herramientas como las descripciones alternativas, los <a href=\"https:\/\/www.20minutos.es\/noticia\/5671001\/0\/javier-pita-fundador-navilens-nuestro-objetivo-que-mundo-sea-mas-inclusivo-accesible\/\" title=\"Javier Pita, fundador de NaviLens: &quot;Nuestro objetivo es que el mundo sea cada vez m\u00e1s inclusivo y accesible&quot;\" target=\"_blank\" rel=\"nofollow noopener\">c\u00f3digos Navilens<\/a> o la impresi\u00f3n elevada transforman experiencias. Un ejemplo claro fue el que, para m\u00ed, contin\u00faa siendo uno de los proyectos m\u00e1s queridos para la agencia: la <b>exposici\u00f3n World Unseen<\/b>. Colaboramos con Canon Espa\u00f1a para su organizaci\u00f3n. En ella,<b> las fotograf\u00edas pod\u00edan tocarse<\/b> gracias a una tecnolog\u00eda pionera.<\/p>\n<p class=\"c-paragraph\">All\u00ed conoc\u00ed la historia de Karen, una mujer ciega que, durante su embarazo,<b> pudo \u201cver\u201d por primera vez la ecograf\u00eda de su hija gracias a una imagen en relieve<\/b>.\u00a0Al escuchar su testimonio, ella comentaba que \u201csinti\u00f3 que tambi\u00e9n estaba viendo\u201d a su beb\u00e9. Esa frase me atraves\u00f3. Nunca hab\u00eda pensado antes que las madres ciegas, todav\u00eda hoy, no pueden ver a sus hijos hasta que nacen. Y ese pensamiento me hizo comprender que la accesibilidad no es un a\u00f1adido, es la llave que abre la puerta a emociones que deber\u00edan ser para todos.<\/p>\n<blockquote class=\"c-phrase__blockquote\"><p>La accesibilidad no es un a\u00f1adido, es la llave que abre la puerta a emociones que deber\u00edan ser para todos<\/p><\/blockquote>\n<p class=\"c-paragraph\">Por eso insisto, no se trata solo de adaptar contenidos, sino de<b> <\/b>garantizar que nadie quede fuera de la experiencia completa. Porque cuando <b>dise\u00f1amos sin pensar en la diversidad<\/b>, no solo excluimos, tambi\u00e9n negamos emociones. <b>Garantizar accesibilidad es un compromiso \u00e9tico <\/b>y social. Es entender que la comunicaci\u00f3n inclusiva construye sociedades m\u00e1s humanas. Pero tambi\u00e9n es creatividad, innovaci\u00f3n y responsabilidad compartida. No basta con cumplir la ley, hay que ir m\u00e1s all\u00e1, imaginar y dise\u00f1ar nuevas formas de hacer las cosas.<\/p>\n<p class=\"c-paragraph\">Hoy, m\u00e1s que nunca, necesitamos que empresas, instituciones y creadores se pregunten: \u00bfc\u00f3mo puedo hacer que mi mensaje llegue a todos? \u00bfC\u00f3mo puedo emocionar sin excluir? La respuesta est\u00e1 en la accesibilidad. Porque cuando una madre ciega toca la ecograf\u00eda de su beb\u00e9 y siente que tambi\u00e9n lo est\u00e1 viendo o cuando una persona con discapacidad visual severa puede llegar a tocar un monumento o un cuadro en una foto por primera vez, entendemos que<b> no hablamos solo de tecnolog\u00eda<\/b>, hablamos de algo m\u00e1s. Y esa es la verdadera revoluci\u00f3n.<\/p>\n","protected":false},"excerpt":{"rendered":"Hace unas semanas tuve la oportunidad de participar en las VI Jornadas de Accesibilidad Universal del Ayuntamiento de&hellip;\n","protected":false},"author":2,"featured_media":263735,"comment_status":"","ping_status":"","sticky":false,"template":"","format":"standard","meta":{"footnotes":""},"categories":[173],"tags":[24471,229,233,231,230,8103,232,234,13436,146,147,25,24,27022,2078,23],"class_list":{"0":"post-263734","1":"post","2":"type-post","3":"status-publish","4":"format-standard","5":"has-post-thumbnail","7":"category-arte-y-diseno","8":"tag-accesibilidad","9":"tag-arte","10":"tag-arte-y-diseno","11":"tag-arts","12":"tag-arts-and-design","13":"tag-conectar","14":"tag-design","15":"tag-diseno","16":"tag-emociones","17":"tag-entertainment","18":"tag-entretenimiento","19":"tag-es","20":"tag-espana","21":"tag-llave","22":"tag-para","23":"tag-spain"},"share_on_mastodon":{"url":"https:\/\/pubeurope.com\/@es\/115639002293572041","error":""},"_links":{"self":[{"href":"https:\/\/www.europesays.com\/es\/wp-json\/wp\/v2\/posts\/263734","targetHints":{"allow":["GET"]}}],"collection":[{"href":"https:\/\/www.europesays.com\/es\/wp-json\/wp\/v2\/posts"}],"about":[{"href":"https:\/\/www.europesays.com\/es\/wp-json\/wp\/v2\/types\/post"}],"author":[{"embeddable":true,"href":"https:\/\/www.europesays.com\/es\/wp-json\/wp\/v2\/users\/2"}],"replies":[{"embeddable":true,"href":"https:\/\/www.europesays.com\/es\/wp-json\/wp\/v2\/comments?post=263734"}],"version-history":[{"count":0,"href":"https:\/\/www.europesays.com\/es\/wp-json\/wp\/v2\/posts\/263734\/revisions"}],"wp:featuredmedia":[{"embeddable":true,"href":"https:\/\/www.europesays.com\/es\/wp-json\/wp\/v2\/media\/263735"}],"wp:attachment":[{"href":"https:\/\/www.europesays.com\/es\/wp-json\/wp\/v2\/media?parent=263734"}],"wp:term":[{"taxonomy":"category","embeddable":true,"href":"https:\/\/www.europesays.com\/es\/wp-json\/wp\/v2\/categories?post=263734"},{"taxonomy":"post_tag","embeddable":true,"href":"https:\/\/www.europesays.com\/es\/wp-json\/wp\/v2\/tags?post=263734"}],"curies":[{"name":"wp","href":"https:\/\/api.w.org\/{rel}","templated":true}]}}