{"id":263736,"date":"2025-11-30T13:59:11","date_gmt":"2025-11-30T13:59:11","guid":{"rendered":"https:\/\/www.europesays.com\/es\/263736\/"},"modified":"2025-11-30T13:59:11","modified_gmt":"2025-11-30T13:59:11","slug":"valle-salvaje-avance-semanal-del-1-al-5-de-diciembre-matilde-reta-a-victoria","status":"publish","type":"post","link":"https:\/\/www.europesays.com\/es\/263736\/","title":{"rendered":"Valle Salvaje, avance semanal del 1 al 5 de diciembre: Matilde reta a Victoria"},"content":{"rendered":"<p>No habr\u00e1 <strong>Valle Salvaje<\/strong> el viernes 5 de diciembre, confirma <strong>RTVE<\/strong>. La 1 suspende la emisi\u00f3n de sus <a href=\"https:\/\/www.elindependiente.com\/series-y-television\/2024\/03\/18\/filigranas-de-guion-malabares-presupuestarios-y-tramas-sin-redundancias-la-locura-de-hacer-una-serie-diaria\/\" rel=\"nofollow noopener\" target=\"_blank\">seriales de \u00e9poca<\/a>, Valle Salvaje (17.45) y <a href=\"https:\/\/www.elindependiente.com\/series-y-television\/2025\/11\/30\/avance-semana-la-promesa-uno-cinco-diciembre\/\" rel=\"nofollow noopener\" target=\"_blank\">La Promesa<\/a> (18.30), para emitir el sorteo de la <a href=\"https:\/\/www.elindependiente.com\/series-y-television\/comunicacion\/2025\/11\/25\/rtve-revela-la-factura-de-las-competiciones-deportivas-155-millones-de-euros-por-futbol-y-jjoo\/\" rel=\"nofollow noopener\" target=\"_blank\">Copa Mundial de F\u00fatbol de 2026<\/a>. S\u00ed habr\u00e1 <strong>Valle Salvaje<\/strong> el resto de la semana, del <strong>lunes 1 al jueves 4 de diciembre<\/strong>. Puede que las navidades est\u00e9n al volver la esquina, pero en la \u00e9poca (siglo 18) y las tierras (el norte de Espa\u00f1a) de <strong>Valle Salvaje<\/strong>, nunca hay paz.<\/p>\n<p>Mientras Adriana (<a href=\"https:\/\/www.elindependiente.com\/series-y-television\/2025\/03\/27\/rocio-suarez-puga-adriana-valle-salvaje\/\" rel=\"nofollow noopener\" target=\"_blank\">Roc\u00edo Su\u00e1rez de Puga<\/a>) y Alejo (Mateo Jal\u00f3n) mueven tierra con Santiago para sacar a Luisa (Loren Mairena) de la c\u00e1rcel; Matilde (Mar\u00eda Redondo) estar\u00e1 a punto de echar por tierra su enlace con Atanasio (<a href=\"https:\/\/www.instagram.com\/alejandrobordanove\/\" rel=\"nofollow noopener\" target=\"_blank\">Alejandro Bordanove<\/a>) tras la \u00faltima afrenta de Victoria (Sabela Ar\u00e1n). La duquesa de <strong>Valle Salvaje<\/strong> no gana para disgustos, y su esposo, Jos\u00e9 Luis, tomar\u00e1 finalmente una decisi\u00f3n respecto a D\u00e1maso (Alejandro Sig\u00fcenza), inesperado aliado de Mercedes (Miren Arrieta).<\/p>\n<p>Cap\u00edtulo 307 (lunes 1)<\/p>\n<p>D\u00e1maso teme que los jornaleros abandonen el trabajo por la lejan\u00eda de las tierras y Mercedes da con la soluci\u00f3n. Alejo, muy preocupado por Luisa, se presenta en la c\u00e1rcel con la intenci\u00f3n de verla, pero una vez all\u00ed, se desata la tragedia.<\/p>\n<p>            <a class=\"articulo-relacionado__media\" href=\"https:\/\/www.elindependiente.com\/series-y-television\/2025\/11\/28\/valle-salvaje-avance-capitulo-307-lunes-1-diciembre\/\" title=\"Valle Salvaje, avance del cap\u00edtulo 307 este lunes 1 de diciembre: Irene quiere casarse con Leonardo\" rel=\"nofollow noopener\" target=\"_blank\"><\/p>\n<p>                <img loading=\"lazy\" decoding=\"async\" src=\"data:image\/svg+xml,%3Csvg%20xmlns=\" http:=\"\" width=\"390\" height=\"220\" alt=\"Valle Salvaje, avance del cap\u00edtulo 307 este lunes 1 de diciembre: Irene quiere casarse con Leonardo\" data-lazy-src=\"https:\/\/www.europesays.com\/es\/wp-content\/uploads\/2025\/11\/valle-salvaje-avance-1-diciembre-390x220.jpg\"\/><\/p>\n<p>\t\t\t            <\/a><\/p>\n<p>Cap\u00edtulo 308 de Valle Salvaje (martes 2)<\/p>\n<p>Tras volver a sentirse humillada por Leonardo, Irene busca el consuelo de B\u00e1rbara, pero \u00bfpodr\u00e1 la Salcedo estar para su amiga cuando ella misma tiene el coraz\u00f3n roto? En cuanto a Alejo, su \u00faltima e impactante visita a Luisa le empuja a tomar una decisi\u00f3n respecto al trato que le ofreci\u00f3 su padre.<\/p>\n<p>Cap\u00edtulo 309 (mi\u00e9rcoles 3)<\/p>\n<p>Atanasio y Matilde est\u00e1n muy cerca de cumplir su sue\u00f1o, lo que aumenta el miedo de Matilde ante las posibles consecuencias frente a Victoria. Esta, removida por las acusaciones de D\u00e1maso, le exige al duque que se sincere sobre lo que piensa hacer si D\u00e1maso hace p\u00fablico el esc\u00e1ndalo.<\/p>\n<p>Cap\u00edtulo 310 de Valle Salvaje (jueves 4)<\/p>\n<p>Irene le pide a Leonardo que, al casarse, se marchen lejos de Valle Salvaje. En cuanto al duque, finalmente da respuesta a Victoria sobre qu\u00e9 elegir\u00eda: si el ascenso social de su familia o ella. Y en la c\u00e1rcel, Luisa le cuenta a Adriana que el juez fue a verla. \u00bfQu\u00e9 le habr\u00e1 dicho?<\/p>\n<p>            <a class=\"articulo-relacionado__media\" href=\"https:\/\/www.elindependiente.com\/series-y-television\/2025\/11\/19\/valle-salvaje-netflix-latinoamerica-entrevista-guionista-david-casany\/\" title=\"David Casany, coordinador de guion de &#039;Valle Salvaje&#039;: &quot;En Latinoam\u00e9rica, una de las quejas m\u00e1s repetidas es que solo ven un cap\u00edtulo al d\u00eda porque es fuerte&quot;\" rel=\"nofollow noopener\" target=\"_blank\"><\/p>\n<p>                <img loading=\"lazy\" decoding=\"async\" src=\"data:image\/svg+xml,%3Csvg%20xmlns=\" http:=\"\" width=\"390\" height=\"220\" alt=\"David Casany, coordinador de guion de 'Valle Salvaje': &quot;En Latinoam\u00e9rica, una de las quejas m\u00e1s repetidas es que solo ven un cap\u00edtulo al d\u00eda porque es fuerte&quot;\" data-lazy-src=\"https:\/\/www.europesays.com\/es\/wp-content\/uploads\/2025\/11\/valle-salvaje-entrevista2-390x220.jpg\"\/><\/p>\n<p>\t\t\t            <\/a><\/p>\n<p>PUBLICIDAD<\/p>\n<p><script async src=\"\/\/www.instagram.com\/embed.js\"><\/script><\/p>\n","protected":false},"excerpt":{"rendered":"No habr\u00e1 Valle Salvaje el viernes 5 de diciembre, confirma RTVE. La 1 suspende la emisi\u00f3n de sus&hellip;\n","protected":false},"author":2,"featured_media":263737,"comment_status":"","ping_status":"","sticky":false,"template":"","format":"standard","meta":{"footnotes":""},"categories":[171],"tags":[146,147,25,24,23,214,27808],"class_list":{"0":"post-263736","1":"post","2":"type-post","3":"status-publish","4":"format-standard","5":"has-post-thumbnail","7":"category-tv","8":"tag-entertainment","9":"tag-entretenimiento","10":"tag-es","11":"tag-espana","12":"tag-spain","13":"tag-tv","14":"tag-valle-salvaje"},"share_on_mastodon":{"url":"https:\/\/pubeurope.com\/@es\/115639010273286912","error":""},"_links":{"self":[{"href":"https:\/\/www.europesays.com\/es\/wp-json\/wp\/v2\/posts\/263736","targetHints":{"allow":["GET"]}}],"collection":[{"href":"https:\/\/www.europesays.com\/es\/wp-json\/wp\/v2\/posts"}],"about":[{"href":"https:\/\/www.europesays.com\/es\/wp-json\/wp\/v2\/types\/post"}],"author":[{"embeddable":true,"href":"https:\/\/www.europesays.com\/es\/wp-json\/wp\/v2\/users\/2"}],"replies":[{"embeddable":true,"href":"https:\/\/www.europesays.com\/es\/wp-json\/wp\/v2\/comments?post=263736"}],"version-history":[{"count":0,"href":"https:\/\/www.europesays.com\/es\/wp-json\/wp\/v2\/posts\/263736\/revisions"}],"wp:featuredmedia":[{"embeddable":true,"href":"https:\/\/www.europesays.com\/es\/wp-json\/wp\/v2\/media\/263737"}],"wp:attachment":[{"href":"https:\/\/www.europesays.com\/es\/wp-json\/wp\/v2\/media?parent=263736"}],"wp:term":[{"taxonomy":"category","embeddable":true,"href":"https:\/\/www.europesays.com\/es\/wp-json\/wp\/v2\/categories?post=263736"},{"taxonomy":"post_tag","embeddable":true,"href":"https:\/\/www.europesays.com\/es\/wp-json\/wp\/v2\/tags?post=263736"}],"curies":[{"name":"wp","href":"https:\/\/api.w.org\/{rel}","templated":true}]}}