{"id":263738,"date":"2025-11-30T14:00:14","date_gmt":"2025-11-30T14:00:14","guid":{"rendered":"https:\/\/www.europesays.com\/es\/263738\/"},"modified":"2025-11-30T14:00:14","modified_gmt":"2025-11-30T14:00:14","slug":"fan-le-arranca-las-rastas-a-lenny-kravitz-en-pleno-concierto","status":"publish","type":"post","link":"https:\/\/www.europesays.com\/es\/263738\/","title":{"rendered":"Fan le arranca las rastas a Lenny Kravitz en pleno concierto"},"content":{"rendered":"\n<p> <b>Australia. <\/b> <\/p>\n<p class=\"p-n1\" data-position=\"1\">Lo que deb\u00eda ser una velada de m\u00fasica y celebraci\u00f3n termin\u00f3 en un incidente inesperado para el cantante estadounidense <b>Lenny Kravitz. <\/b><\/p>\n<p class=\"p-n2\" data-position=\"2\"><b>Y es que mientras <\/b>interpretaba el <b>tema \u00abLet Love Rule\u00bb<\/b> en <b>Brisbane, Australia<\/b>, caminando entre el p\u00fablico, una fan se abalanz\u00f3 sobre el artista y le arranc\u00f3 parte de sus ic\u00f3nicas rastas, generando sorpresa y tensi\u00f3n entre los asistentes.<\/p>\n<p class=\"p-n3\" data-position=\"3\"><b>Lenny Kravitz<\/b>, de 61 a\u00f1os, relat\u00f3 el momento y, aunque se mostr\u00f3 sorprendido e irritado, dej\u00f3 claro que el incidente no afectar\u00e1 su cercan\u00eda con los fans durante los conciertos.<\/p>\n<p class=\"p-n4\" data-position=\"4\">\u00abNo voy a dejar de salir durante <b>&#8216;Let Love Rule&#8217;<\/b>, porque ese es nuestro momento juntos\u00bb, agreg\u00f3.<\/p>\n<p class=\"p-n5\" data-position=\"5\">A pesar del percance, <b>Kravitz<\/b> continuar\u00e1 con su gira<b> Lenny Kravitz<\/b> <b>Live 2026<\/b>, que lo llevar\u00e1 a M\u00e9xico en marzo: el 8 en Guadalajara, el 11 en Monterrey y al Vive Latino de la Ciudad de M\u00e9xico los d\u00edas 14 y 15.<\/p>\n<p> Bolet\u00edn\n                   <\/p>\n<p>   <img decoding=\"async\" alt=\"newsletter logo\" width=\"84px\" height=\"84px\" loading=\"lazy\" src=\"https:\/\/www.laprensa.hn\/base-portlet\/webrsrc\/theme\/0ddcc751f1152757f0d2378d989ef7db.svg\" style=\"width:84px;height:84px;\"\/>   <\/p>\n<p>Recibir\u00e1s diariamente las noticias nacionales e internacionales m\u00e1s destacadas del d\u00eda.<\/p>\n<p class=\"p-n6\" data-position=\"6\">El artista promete un show cargado de energ\u00eda con sus grandes \u00e9xitos, incluidos \u00abIt Ain&#8217;t Over &#8216;til It&#8217;s Over\u00bb, \u00abAre You Gonna Go My Way\u00bb y \u00abFly Away\u00bb, entre otros, garantizando que los fan\u00e1ticos disfrutar\u00e1n de un encuentro cercano e inolvidable.<\/p>\n<p class=\"p-n7\" data-position=\"7\"><b>Mira el video:<\/b><\/p>\n","protected":false},"excerpt":{"rendered":"Australia. Lo que deb\u00eda ser una velada de m\u00fasica y celebraci\u00f3n termin\u00f3 en un incidente inesperado para el&hellip;\n","protected":false},"author":2,"featured_media":263739,"comment_status":"","ping_status":"","sticky":false,"template":"","format":"standard","meta":{"footnotes":""},"categories":[170],"tags":[146,147,25,24,15769,184,185,23],"class_list":{"0":"post-263738","1":"post","2":"type-post","3":"status-publish","4":"format-standard","5":"has-post-thumbnail","7":"category-musica","8":"tag-entertainment","9":"tag-entretenimiento","10":"tag-es","11":"tag-espana","12":"tag-farandula","13":"tag-music","14":"tag-musica","15":"tag-spain"},"share_on_mastodon":{"url":"https:\/\/pubeurope.com\/@es\/115639014440690736","error":""},"_links":{"self":[{"href":"https:\/\/www.europesays.com\/es\/wp-json\/wp\/v2\/posts\/263738","targetHints":{"allow":["GET"]}}],"collection":[{"href":"https:\/\/www.europesays.com\/es\/wp-json\/wp\/v2\/posts"}],"about":[{"href":"https:\/\/www.europesays.com\/es\/wp-json\/wp\/v2\/types\/post"}],"author":[{"embeddable":true,"href":"https:\/\/www.europesays.com\/es\/wp-json\/wp\/v2\/users\/2"}],"replies":[{"embeddable":true,"href":"https:\/\/www.europesays.com\/es\/wp-json\/wp\/v2\/comments?post=263738"}],"version-history":[{"count":0,"href":"https:\/\/www.europesays.com\/es\/wp-json\/wp\/v2\/posts\/263738\/revisions"}],"wp:featuredmedia":[{"embeddable":true,"href":"https:\/\/www.europesays.com\/es\/wp-json\/wp\/v2\/media\/263739"}],"wp:attachment":[{"href":"https:\/\/www.europesays.com\/es\/wp-json\/wp\/v2\/media?parent=263738"}],"wp:term":[{"taxonomy":"category","embeddable":true,"href":"https:\/\/www.europesays.com\/es\/wp-json\/wp\/v2\/categories?post=263738"},{"taxonomy":"post_tag","embeddable":true,"href":"https:\/\/www.europesays.com\/es\/wp-json\/wp\/v2\/tags?post=263738"}],"curies":[{"name":"wp","href":"https:\/\/api.w.org\/{rel}","templated":true}]}}