{"id":263742,"date":"2025-11-30T14:02:08","date_gmt":"2025-11-30T14:02:08","guid":{"rendered":"https:\/\/www.europesays.com\/es\/263742\/"},"modified":"2025-11-30T14:02:08","modified_gmt":"2025-11-30T14:02:08","slug":"pardos-mvp-minicopa-endesa-acb-com","status":"publish","type":"post","link":"https:\/\/www.europesays.com\/es\/263742\/","title":{"rendered":"Pardos, MVP Minicopa Endesa | ACB.COM"},"content":{"rendered":"<p><strong>Daniel Pardos<\/strong> ha sido designado MVP de la Minicopa Endesa Valencia 2025 tras una actuaci\u00f3n brillante de principio a fin. El jugador del Casademont Zaragoza arranc\u00f3 con una actuaci\u00f3n complet\u00edsima en la victoria inicial contra R\u00edo Breog\u00e1n: 33 puntos, \u00a110! recuperaciones, 6 rebotes, 3 asistencias, 6 faltas recibidas y 41 de valoraci\u00f3n.<\/p>\n<p>En el segundo encuentro, otro triunfo para el cuadro zaragozano contra Baskonia, el base mantuvo el nivel aportando 26 puntos, 6 asistencias, 5 recuperaciones, 3 rebotes y 19 de valoraci\u00f3n, con +41 en el +\/-.<\/p>\n<p>Finalmente, <strong>Pardos<\/strong> volvi\u00f3 a dar un paso al frente en el decisivo choque contra el Joventut, sellando el billete ma\u00f1o a la final de Minicopa Endesa con otros 23 puntos, 6 asistencias, 3 rebotes y 3 recuperaciones, con 10 faltas recibidas para un total de 30 cr\u00e9ditos de valoraci\u00f3n.<\/p>\n<p>      <img decoding=\"async\" alt=\"\" title=\"\"  src=\"https:\/\/www.europesays.com\/es\/wp-content\/uploads\/2025\/11\/0000860675-16-9-01.jpg\"\/><\/p>\n<p>\u00a9 <\/p>\n<p>En el global de esta primera fase, el jugador del Casademont Zaragoza ha promediado 27,3 puntos, con porcentajes m\u00e1s que notables: 81% en tiros libres (17\/21), 65,1% en lanzamientos de dos (28\/43) y 30% en triples (3\/10).<\/p>\n<p>Por si fuera poco, <strong>Daniel Pardos<\/strong> aport\u00f3 6 recuperaciones, 4 rebotes y 4 asistencias por choque, con una media que alcanza los 30 de valoraci\u00f3n en estos tres encuentros, en los que tuvo un +99 global (+33 de promedio) en la estad\u00edstica M\u00e1s\/Menos, cifras excelsas dignas de todo un MVP de Minicopa Endesa.<\/p>\n","protected":false},"excerpt":{"rendered":"Daniel Pardos ha sido designado MVP de la Minicopa Endesa Valencia 2025 tras una actuaci\u00f3n brillante de principio&hellip;\n","protected":false},"author":2,"featured_media":263743,"comment_status":"","ping_status":"","sticky":false,"template":"","format":"standard","meta":{"footnotes":""},"categories":[93],"tags":[168,25,24,23,167],"class_list":{"0":"post-263742","1":"post","2":"type-post","3":"status-publish","4":"format-standard","5":"has-post-thumbnail","7":"category-deportes","8":"tag-deportes","9":"tag-es","10":"tag-espana","11":"tag-spain","12":"tag-sports"},"share_on_mastodon":{"url":"https:\/\/pubeurope.com\/@es\/115639022205348470","error":""},"_links":{"self":[{"href":"https:\/\/www.europesays.com\/es\/wp-json\/wp\/v2\/posts\/263742","targetHints":{"allow":["GET"]}}],"collection":[{"href":"https:\/\/www.europesays.com\/es\/wp-json\/wp\/v2\/posts"}],"about":[{"href":"https:\/\/www.europesays.com\/es\/wp-json\/wp\/v2\/types\/post"}],"author":[{"embeddable":true,"href":"https:\/\/www.europesays.com\/es\/wp-json\/wp\/v2\/users\/2"}],"replies":[{"embeddable":true,"href":"https:\/\/www.europesays.com\/es\/wp-json\/wp\/v2\/comments?post=263742"}],"version-history":[{"count":0,"href":"https:\/\/www.europesays.com\/es\/wp-json\/wp\/v2\/posts\/263742\/revisions"}],"wp:featuredmedia":[{"embeddable":true,"href":"https:\/\/www.europesays.com\/es\/wp-json\/wp\/v2\/media\/263743"}],"wp:attachment":[{"href":"https:\/\/www.europesays.com\/es\/wp-json\/wp\/v2\/media?parent=263742"}],"wp:term":[{"taxonomy":"category","embeddable":true,"href":"https:\/\/www.europesays.com\/es\/wp-json\/wp\/v2\/categories?post=263742"},{"taxonomy":"post_tag","embeddable":true,"href":"https:\/\/www.europesays.com\/es\/wp-json\/wp\/v2\/tags?post=263742"}],"curies":[{"name":"wp","href":"https:\/\/api.w.org\/{rel}","templated":true}]}}