{"id":263744,"date":"2025-11-30T14:03:09","date_gmt":"2025-11-30T14:03:09","guid":{"rendered":"https:\/\/www.europesays.com\/es\/263744\/"},"modified":"2025-11-30T14:03:09","modified_gmt":"2025-11-30T14:03:09","slug":"el-hospital-valdecilla-acoge-el-miercoles-una-jornada-para-concienciar-a-profesionales-sanitarios-y-ciudadania-sobre-las-infecciones-de-transmision-sexual-y-el-sida","status":"publish","type":"post","link":"https:\/\/www.europesays.com\/es\/263744\/","title":{"rendered":"El Hospital Valdecilla acoge el mi\u00e9rcoles una jornada para concienciar a profesionales sanitarios y ciudadan\u00eda sobre las infecciones de transmisi\u00f3n sexual y el Sida"},"content":{"rendered":"\n<p>El Hospital Universitario Marqu\u00e9s de Valdecilla (HUMV) acoger\u00e1 el pr\u00f3ximo mi\u00e9rcoles, 3 de diciembre, la Jornada \u2018Integrando Comunidad, Educaci\u00f3n y Salud para la Prevenci\u00f3n de las ITS y del VIH\u2019, que pretende ser un punto de encuentro para profesionales sanitarios y ciudadan\u00eda que tenga inter\u00e9s en actualizar las evidencias cient\u00edficas existentes en torno a estas Infecciones de Transmisi\u00f3n Sexual (ITS) y el Sida.<\/p>\n<p>La jornada tiene lugar con motivo del D\u00eda Mundial del Sida, que se celebra cada 1 de diciembre, para concienciar sobre la importancia de su prevenci\u00f3n, as\u00ed como para actualizar los avances y la situaci\u00f3n en la que se encuentra Cantabria en este campo.<\/p>\n<p>En concreto, el Virus de la Inmunodeficiencia Humana (VIH), que puede causar el Sida, ingresa en el organismo y debilita progresivamente el sistema inmunol\u00f3gico. No obstante, una persona puede vivir a\u00f1os con el virus sin presentar s\u00edntomas, especialmente si recibe tratamiento antirretroviral, el cual permite mantener la carga viral en niveles indetectables y llevar una vida plena.<\/p>\n<p>En cambio, el Sida es la fase m\u00e1s avanzada de la infecci\u00f3n por VIH y se diagnostica cuando las defensas descienden de forma cr\u00edtica o cuando aparecen enfermedades oportunistas que el cuerpo ya no puede combatir. Gracias a los avances m\u00e9dicos, muchas personas con VIH que acceden a tratamiento nunca llegan a desarrollar esta etapa.<\/p>\n<p>Esta jornada, para la que se ha solicitado acreditaci\u00f3n para los profesionales sanitarios, es de entrada libre bajo inscripci\u00f3n en el siguiente enlace: II Jornada sobre ITS: Integrando comunidad. Educaci\u00f3n y salud para la prevenci\u00f3n de las ITS y el VIH.<\/p>\n<p>En concreto, la sesi\u00f3n se iniciar\u00e1 a las 15:30 horas con un caf\u00e9 de bienvenida y dar\u00e1 paso al acto inaugural, a las 16 horas, que contar\u00e1 con la participaci\u00f3n de la directora general de Salud P\u00fablica del Gobierno de Cantabria, Mar\u00eda Isabel de Frutos Iglesias, el gerente de la Fundaci\u00f3n Marqu\u00e9s de Valdecilla, Jos\u00e9 Francisco D\u00edaz Ruiz y el del Hospital Valdecilla, F\u00e9lix Rubial Bern\u00e1rdez.<\/p>\n<p>A continuaci\u00f3n, a las 16:15 horas, el coordinador Cient\u00edfico-T\u00e9cnico de los Programas de Optimizaci\u00f3n del Uso de Antimicrobianos (PROA) en Cantabria, Francisco Arnaiz de Las Revillas, ofrecer\u00e1 la conferencia magistral \u2018De la crisis a la cronicidad: 30 a\u00f1os de VIH (Virus de la Inmunodeficiencia Humana) en Cantabria\u2019, un recorrido por la evoluci\u00f3n de la infecci\u00f3n en la regi\u00f3n.<\/p>\n<p>El programa continuar\u00e1 con dos mesas redondas centradas en \u00e1mbitos clave de la prevenci\u00f3n. La primera, titulada \u2018Educaci\u00f3n para la salud y prevenci\u00f3n de ITS en el entorno educativo\u2019, y que tendr\u00e1 lugar a las 17 horas, estar\u00e1 moderada por la directora del Observatorio de Salud P\u00fablica de Cantabria, Mar\u00eda Dolores Ac\u00f3n Royo. En ella, intervendr\u00e1 la jefa de la Unidad T\u00e9cnica de Equidad Educativa y Convivencia, Paloma Canduela Mart\u00ednez; la enfermera del Centro de Salud Besaya\u2013Buelna, Asunci\u00f3n Pell\u00f3n Revuelta, y Lorena Alonso Payno, de la Subdirecci\u00f3n de Cuidados, Formaci\u00f3n y Continuidad Asistencial del Servicio C\u00e1ntabro de Salud (SCS)<\/p>\n<p>A continuaci\u00f3n, a las 17:45 horas, tendr\u00e1 lugar la segunda mesa redonda, titulada \u2018Abordaje de las ITS en los colectivos vulnerables\u2019, moderada por la subdirectora de Cuidados, Formaci\u00f3n y Continuidad Asistencial del SCS, Patricia Corro Madrazo. En ella, participar\u00e1 la presidenta del Colegio Oficial de Farmac\u00e9uticos, Mar\u00eda Garc\u00eda del Hierro, la vicesecretaria de la Junta Directiva del Colegio de Enfermeras y Enfermeros de Cantabria, Marian Villa Folch; la trabajadora social de los centros de salud de Camargo, Judith Le\u00f3n \u00c1lvarez, y el Facultativo Especialista del \u00c1rea de Enfermedades Infecciosas del HUMV, Carlos Armi\u00f1anzas Castillo.<\/p>\n<p>La jornada concluir\u00e1, a las 18:45 horas, con el resumen y cierre a cargo del jefe de Servicio de Salud P\u00fablica del Gobierno de Cantabria, Luis Javier Viloria Raymundo.<\/p>\n","protected":false},"excerpt":{"rendered":"El Hospital Universitario Marqu\u00e9s de Valdecilla (HUMV) acoger\u00e1 el pr\u00f3ximo mi\u00e9rcoles, 3 de diciembre, la Jornada \u2018Integrando Comunidad,&hellip;\n","protected":false},"author":2,"featured_media":263745,"comment_status":"","ping_status":"","sticky":false,"template":"","format":"standard","meta":{"footnotes":""},"categories":[92],"tags":[25,24,165,166,23],"class_list":{"0":"post-263744","1":"post","2":"type-post","3":"status-publish","4":"format-standard","5":"has-post-thumbnail","7":"category-salud","8":"tag-es","9":"tag-espana","10":"tag-health","11":"tag-salud","12":"tag-spain"},"share_on_mastodon":{"url":"https:\/\/pubeurope.com\/@es\/115639026045459799","error":""},"_links":{"self":[{"href":"https:\/\/www.europesays.com\/es\/wp-json\/wp\/v2\/posts\/263744","targetHints":{"allow":["GET"]}}],"collection":[{"href":"https:\/\/www.europesays.com\/es\/wp-json\/wp\/v2\/posts"}],"about":[{"href":"https:\/\/www.europesays.com\/es\/wp-json\/wp\/v2\/types\/post"}],"author":[{"embeddable":true,"href":"https:\/\/www.europesays.com\/es\/wp-json\/wp\/v2\/users\/2"}],"replies":[{"embeddable":true,"href":"https:\/\/www.europesays.com\/es\/wp-json\/wp\/v2\/comments?post=263744"}],"version-history":[{"count":0,"href":"https:\/\/www.europesays.com\/es\/wp-json\/wp\/v2\/posts\/263744\/revisions"}],"wp:featuredmedia":[{"embeddable":true,"href":"https:\/\/www.europesays.com\/es\/wp-json\/wp\/v2\/media\/263745"}],"wp:attachment":[{"href":"https:\/\/www.europesays.com\/es\/wp-json\/wp\/v2\/media?parent=263744"}],"wp:term":[{"taxonomy":"category","embeddable":true,"href":"https:\/\/www.europesays.com\/es\/wp-json\/wp\/v2\/categories?post=263744"},{"taxonomy":"post_tag","embeddable":true,"href":"https:\/\/www.europesays.com\/es\/wp-json\/wp\/v2\/tags?post=263744"}],"curies":[{"name":"wp","href":"https:\/\/api.w.org\/{rel}","templated":true}]}}