{"id":263756,"date":"2025-11-30T14:09:13","date_gmt":"2025-11-30T14:09:13","guid":{"rendered":"https:\/\/www.europesays.com\/es\/263756\/"},"modified":"2025-11-30T14:09:13","modified_gmt":"2025-11-30T14:09:13","slug":"benidorm-enciende-la-magia-de-la-navidad","status":"publish","type":"post","link":"https:\/\/www.europesays.com\/es\/263756\/","title":{"rendered":"Benidorm enciende la magia de la Navidad"},"content":{"rendered":"<p>A las 18.00 horas, el alcalde de Benidorm, Toni P\u00e9rez, y la concejal de Fiestas, Maril\u00f3 Cebreros y otros miembros de la corporaci\u00f3n visitaron la Casa de Pap\u00e1 Noel, acompa\u00f1ados por las reinas de las Festes Majors Patronals, Paula Pascual y Aitana P\u00e9rez, sus damas de honor, el presidente de la Comissi\u00f3, Ram\u00f3n Cano y el diputado auton\u00f3mico, Jos\u00e9 Ram\u00f3n Gonz\u00e1lez de Z\u00e1rate. All\u00ed fueron recibidos por el m\u00edtico personaje, que atendi\u00f3 a los numerosos ni\u00f1os y ni\u00f1as que acudieron a saludarle, fotografiarse con \u00e9l y recordarle que este a\u00f1o se han portado muy bien.<\/p>\n<p>La visita fue breve, ya que autoridades y representantes festeros deb\u00edan encabezar la tradicional cuenta atr\u00e1s para el encendido navide\u00f1o en la Plaza de Sus Majestades los Reyes de Espa\u00f1a. Miles de personas, en su mayor\u00eda familias con ni\u00f1os, aguardaban el momento m\u00e1s esperado de la tarde. Cuando el alcalde, la concejal y las reinas han pulsado el bot\u00f3n, la plaza se ha llenado de luz, color y m\u00fasica entre fuegos artificiales y una lluvia de confeti, marcando el inicio oficial del BeniNadal 2025-2026.<\/p>\n<p>Tras el espect\u00e1culo pirot\u00e9cnico, Gisela, con su \u2018Show Kids\u2019, rememor\u00f3 algunas de las escenas m\u00e1s recordadas de la cinematograf\u00eda Disney junto a su cuadro de actores y bailarines. Los temas musicales de las pel\u00edculas de dibujos animados, a los que la misma Gisela puso voz en su estreno, volvieron a sonar en Benidorm y, con ellos, la alegr\u00eda e ilusi\u00f3n brill\u00f3, de nuevo, entre los m\u00e1s peque\u00f1os que, junto a sus progenitores, las entonaron y bailaron.<\/p>\n<p>Desde ese instante, uno de los espacios m\u00e1s concurridos de la ciudad luce completamente transformado gracias a la gran pista de hielo, las atracciones infantiles, los puestos de gastronom\u00eda y regalos, as\u00ed como una programaci\u00f3n especial pensada para los m\u00e1s peque\u00f1os y sus familias que se desarrollar\u00e1 durante todo el periodo navide\u00f1o.<\/p>\n<p>La programaci\u00f3n completa de BeniNadal puede consultarse en el portal ciudadano <a href=\"https:\/\/benidorm.org\/es\/agenda\/beninadal-2025-2026\" rel=\"nofollow noopener\" target=\"_blank\">aqu\u00ed<\/a>.<br \/>\u00a0<\/p>\n","protected":false},"excerpt":{"rendered":"A las 18.00 horas, el alcalde de Benidorm, Toni P\u00e9rez, y la concejal de Fiestas, Maril\u00f3 Cebreros y&hellip;\n","protected":false},"author":2,"featured_media":263757,"comment_status":"","ping_status":"","sticky":false,"template":"","format":"standard","meta":{"footnotes":""},"categories":[5],"tags":[65545,17,18,25,24,13,14,43,11,19,20,41214,2951,9,10,15,16,65546,23,12,21,22],"class_list":{"0":"post-263756","1":"post","2":"type-post","3":"status-publish","4":"format-standard","5":"has-post-thumbnail","7":"category-titulares","8":"tag-beninadal","9":"tag-breaking-news","10":"tag-breakingnews","11":"tag-es","12":"tag-espana","13":"tag-featured-news","14":"tag-featurednews","15":"tag-fiestas","16":"tag-headlines","17":"tag-latest-news","18":"tag-latestnews","19":"tag-marilo-cebreros","20":"tag-navidad","21":"tag-news","22":"tag-noticias","23":"tag-noticias-destacadas","24":"tag-noticiasdestacadas","25":"tag-papa-noel","26":"tag-spain","27":"tag-titulares","28":"tag-ultimas-noticias","29":"tag-ultimasnoticias"},"share_on_mastodon":{"url":"https:\/\/pubeurope.com\/@es\/115639049457428123","error":""},"_links":{"self":[{"href":"https:\/\/www.europesays.com\/es\/wp-json\/wp\/v2\/posts\/263756","targetHints":{"allow":["GET"]}}],"collection":[{"href":"https:\/\/www.europesays.com\/es\/wp-json\/wp\/v2\/posts"}],"about":[{"href":"https:\/\/www.europesays.com\/es\/wp-json\/wp\/v2\/types\/post"}],"author":[{"embeddable":true,"href":"https:\/\/www.europesays.com\/es\/wp-json\/wp\/v2\/users\/2"}],"replies":[{"embeddable":true,"href":"https:\/\/www.europesays.com\/es\/wp-json\/wp\/v2\/comments?post=263756"}],"version-history":[{"count":0,"href":"https:\/\/www.europesays.com\/es\/wp-json\/wp\/v2\/posts\/263756\/revisions"}],"wp:featuredmedia":[{"embeddable":true,"href":"https:\/\/www.europesays.com\/es\/wp-json\/wp\/v2\/media\/263757"}],"wp:attachment":[{"href":"https:\/\/www.europesays.com\/es\/wp-json\/wp\/v2\/media?parent=263756"}],"wp:term":[{"taxonomy":"category","embeddable":true,"href":"https:\/\/www.europesays.com\/es\/wp-json\/wp\/v2\/categories?post=263756"},{"taxonomy":"post_tag","embeddable":true,"href":"https:\/\/www.europesays.com\/es\/wp-json\/wp\/v2\/tags?post=263756"}],"curies":[{"name":"wp","href":"https:\/\/api.w.org\/{rel}","templated":true}]}}