{"id":263760,"date":"2025-11-30T14:15:12","date_gmt":"2025-11-30T14:15:12","guid":{"rendered":"https:\/\/www.europesays.com\/es\/263760\/"},"modified":"2025-11-30T14:15:12","modified_gmt":"2025-11-30T14:15:12","slug":"frank-lenz-el-ciclista-aventurero-que-desaparecio-misteriosamente-mientras-daba-la-vuelta-al-mundo","status":"publish","type":"post","link":"https:\/\/www.europesays.com\/es\/263760\/","title":{"rendered":"Frank Lenz, el ciclista aventurero que desapareci\u00f3 misteriosamente mientras daba la vuelta al mundo"},"content":{"rendered":"<p><img alt=\"Frank Lenz emprendi\u00f3 en 1892\" class=\"global-image\" decoding=\"async\" fetchpriority=\"high\" height=\"2169\" loading=\"eager\" src=\"https:\/\/www.europesays.com\/es\/wp-content\/uploads\/2025\/11\/3QAPDZWVOVEPJBBFJQVJX2VDOU.jpg\" width=\"2560\"\/>Frank Lenz emprendi\u00f3 en 1892 la vuelta al mundo en bicicleta, documentando cada etapa con fotograf\u00edas y diarios de viaje (Wikimedia)<\/p>\n<p class=\"paragraph\">En la primavera de 1892,<b> Frank Lenz <\/b>cruz\u00f3 por \u00faltima vez la puerta de su casa en<b> Pittsburgh<\/b>, salud\u00f3 a sus amigos y pedale\u00f3 decidido hacia el horizonte. Ten\u00eda un objetivo claro: <a rel=\"noopener noreferrer nofollow\" href=\"https:\/\/www.infobae.com\/sociedad\/2023\/12\/14\/recorrio-106-paises-en-bicicleta-durante-16-anos-y-sostiene-que-su-mejor-carta-de-presentacion-era-decir-soy-argentino\/\" target=\"_blank\" title=\"https:\/\/www.infobae.com\/sociedad\/2023\/12\/14\/recorrio-106-paises-en-bicicleta-durante-16-anos-y-sostiene-que-su-mejor-carta-de-presentacion-era-decir-soy-argentino\/\"><b>dar la vuelta al mundo en bicicleta<\/b><\/a>,<b> desafiar l\u00edmites y narrar cada etapa.<\/b> <\/p>\n<p class=\"paragraph\">Parti\u00f3 desde <a rel=\"noopener noreferrer nofollow\" href=\"https:\/\/www.infobae.com\/tag\/nueva-york\/\" target=\"_blank\" title=\"https:\/\/www.infobae.com\/tag\/nueva-york\/\">Nueva York<\/a>, avanz\u00f3 hacia el oeste de Estados Unidos, atraves\u00f3 Asia y proyect\u00f3 llegar a Europa. <b>Su meta consist\u00eda en completar el viaje en dos a\u00f1os <\/b>y relatar la experiencia. Sin embargo, en el este de Turqu\u00eda, el destino de Lenz se oscureci\u00f3 y el mundo perdi\u00f3 su rastro para siempre.<\/p>\n<p class=\"paragraph\"><b>Lenz compr\u00f3 su primera bicicleta en 1886<\/b>, cuando invirti\u00f3 USD 100, el equivalente a un mes de salario. A partir de ese d\u00eda, se uni\u00f3 a un club ciclista local y estableci\u00f3 r\u00e9cords de distancia, incluyendo 162 millas recorridas en 24 horas. <b>A su afici\u00f3n uni\u00f3 la fotograf\u00eda y registr\u00f3 cada aventura en im\u00e1genes. <\/b>Su trayecto inspir\u00f3 a otros deportistas, ya que segu\u00eda los pasos de Thomas Stevens, pionero de los viajes ciclistas de largo alcance.<\/p>\n<p><img alt=\"El ciclista estadounidense cruz\u00f3 Estados\" class=\"global-image\" decoding=\"async\" fetchpriority=\"low\" height=\"214\" loading=\"lazy\" src=\"https:\/\/www.europesays.com\/es\/wp-content\/uploads\/2025\/11\/JUJVUTP4E5DENHGJYRQMLXH3JI.jpg\" width=\"236\"\/>El ciclista estadounidense cruz\u00f3 Estados Unidos, Asia y planeaba llegar a Europa antes de desaparecer misteriosamente en Turqu\u00eda (Wikimedia)<\/p>\n<p class=\"paragraph\"><b>El avance tecnol\u00f3gico influy\u00f3 en su traves\u00eda.<\/b> Aunque domin\u00f3 la tradicional rueda alta, Lenz adopt\u00f3 la bicicleta de seguridad con dos ruedas de igual tama\u00f1o, ya que requer\u00eda patrocinadores y ofrec\u00eda un formato m\u00e1s moderno. As\u00ed, consigui\u00f3 el apoyo de un medio y consolid\u00f3 la idea de cruzar continentes, llevando su relato y fotograf\u00edas a lectores de todo el mundo.<\/p>\n<p class=\"paragraph\">Lenz cruz\u00f3 Estados Unidos utilizando el ferrocarril del norte como referencia y prefiri\u00f3 rutas desafiantes. Visit\u00f3 Yellowstone y descart\u00f3 opciones c\u00f3modas como la diligencia. Sigui\u00f3 los caminos, impulsado por su bicicleta Victor y convencido de las ventajas de los neum\u00e1ticos, seg\u00fan sus propias cr\u00f3nicas publicadas en Outing.<\/p>\n<p class=\"paragraph\"><b>Desde San Francisco cruz\u00f3 el Pac\u00edfico y lleg\u00f3 a Jap\u00f3n. <\/b>Continu\u00f3 su trayecto en China, Myanmar e India, registrando cada etapa en diarios y fotograf\u00edas. <b>La ruta planeada inclu\u00eda Persia, donde eligi\u00f3 rutas comerciales hacia Teher\u00e1n<\/b> y proyectaba llegar hasta Constantinopla. All\u00ed pretend\u00eda finalizar el viaje y embarcar hacia Estados Unidos.<\/p>\n<p class=\"paragraph\">La \u00faltima noticia ubica a Lenz en el pueblo de Chilgani, en las llanuras de Alasgird, cerca del paso Delibaba, en el este de Turqu\u00eda. <b>Un mes despu\u00e9s, medios locales difundieron rumores sobre su posible asesinato en las cercan\u00edas de Koord Ali<\/b>. <\/p>\n<p><img alt=\"Lenz adopt\u00f3 la bicicleta de\" class=\"global-image\" decoding=\"async\" fetchpriority=\"low\" height=\"1024\" loading=\"lazy\" src=\"https:\/\/www.europesays.com\/es\/wp-content\/uploads\/2025\/11\/W3NHLQXH5VCL5BUWJG7SCIPDEM.png\" width=\"1536\"\/>Lenz adopt\u00f3 la bicicleta de seguridad y consigui\u00f3 patrocinadores, lo que permiti\u00f3 difundir su traves\u00eda a nivel internacional (Wikimedia)<\/p>\n<p class=\"paragraph\">De acuerdo con investigaciones posteriores, <b>la desaparici\u00f3n gener\u00f3 especulaci\u00f3n y cobertura internacional<\/b>, aunque la falta de comunicaci\u00f3n inmediata ralentiz\u00f3 los esfuerzos de b\u00fasqueda.<\/p>\n<p class=\"paragraph\">El caso de Lenz impuls\u00f3 una campa\u00f1a medi\u00e1tica. La revista Outing financi\u00f3 una investigaci\u00f3n encabezada por el ciclista <b>William Sachtleben<\/b>. <\/p>\n<p class=\"paragraph\">Con apoyo parcial de funcionarios diplom\u00e1ticos y la comunidad ciclista internacional, <b>Sachtleben entrevist\u00f3 testigos y recorri\u00f3 la regi\u00f3n<\/b>. Concluy\u00f3 que<b> Lenz muri\u00f3 asesinado, posiblemente por disputas locales<\/b>, aunque <b>nunca se recuper\u00f3 el cuerpo<\/b>. La versi\u00f3n oficial qued\u00f3 abierta debido a la escasez de pruebas f\u00edsicas.<\/p>\n<p class=\"paragraph\">Frank Lenz <b>figura entre los deportistas m\u00e1s influyentes del final del siglo XIX<\/b>. Alcanz\u00f3 reconocimiento por sus haza\u00f1as ciclistas, su esp\u00edritu pionero y su capacidad para combinar deporte y narrativa visual. Las cr\u00f3nicas de su viaje pusieron a prueba las rutas comerciales y demostraron la posibilidad de viajes intercontinentales en bicicleta.<\/p>\n<p><img alt=\"La desaparici\u00f3n de Lenz gener\u00f3\" class=\"global-image\" decoding=\"async\" fetchpriority=\"low\" height=\"612\" loading=\"lazy\" src=\"https:\/\/www.europesays.com\/es\/wp-content\/uploads\/2025\/11\/YYVHQDS7VZG4TCA2G3PS6FXYOE.jpg\" width=\"500\"\/>La desaparici\u00f3n de Lenz gener\u00f3 una campa\u00f1a medi\u00e1tica y una investigaci\u00f3n internacional liderada por el ciclista William Sachtleben  (Wikimedia)<\/p>\n<p class=\"paragraph\">Su desaparici\u00f3n marc\u00f3 un hito. De acuerdo con el periodista <b>David V. Herlihy<\/b>, la historia de Lenz refleja tanto la audacia individual del protagonista como las dificultades log\u00edsticas y sociales de la \u00e9poca. <\/p>\n<p class=\"paragraph\">Comunicaciones precarias, barreras idiom\u00e1ticas y tensiones pol\u00edticas aumentaron la complejidad de la investigaci\u00f3n. El periodista Duncan R. Jamieson sostiene que <b>la falta de apoyo inmediato retras\u00f3 la reacci\u00f3n ante la noticia de su ausencia.<\/b><\/p>\n<p class=\"paragraph\">El homenaje lleg\u00f3 en palabras de su publicista, que lo describi\u00f3 como \u201c<b>un ciclista fantasma cuyo esp\u00edritu permanece intacto<\/b>, con un rostro sin rastro de miedo o odio, solo determinaci\u00f3n y amabilidad\u201d. <\/p>\n<p class=\"paragraph\">Frank Lenz se mantiene como<b> <\/b>icono del ciclismo y la aventura. Su vida y desaparici\u00f3n siguen generando debate, inter\u00e9s acad\u00e9mico y narrativas period\u00edsticas. <\/p>\n<p class=\"paragraph\">El misterio no se resolvi\u00f3, pero la huella de Lenz conserva vigencia para los amantes del deporte, la historia y los desaf\u00edos audaces.<\/p>\n","protected":false},"excerpt":{"rendered":"Frank Lenz emprendi\u00f3 en 1892 la vuelta al mundo en bicicleta, documentando cada etapa con fotograf\u00edas y diarios&hellip;\n","protected":false},"author":2,"featured_media":263761,"comment_status":"","ping_status":"","sticky":false,"template":"","format":"standard","meta":{"footnotes":""},"categories":[273],"tags":[313,312,168,25,24,65547,23,167],"class_list":{"0":"post-263760","1":"post","2":"type-post","3":"status-publish","4":"format-standard","5":"has-post-thumbnail","7":"category-ciclismo","8":"tag-ciclismo","9":"tag-cycling","10":"tag-deportes","11":"tag-es","12":"tag-espana","13":"tag-frank-lenz","14":"tag-spain","15":"tag-sports"},"share_on_mastodon":{"url":"https:\/\/pubeurope.com\/@es\/115639074028883292","error":""},"_links":{"self":[{"href":"https:\/\/www.europesays.com\/es\/wp-json\/wp\/v2\/posts\/263760","targetHints":{"allow":["GET"]}}],"collection":[{"href":"https:\/\/www.europesays.com\/es\/wp-json\/wp\/v2\/posts"}],"about":[{"href":"https:\/\/www.europesays.com\/es\/wp-json\/wp\/v2\/types\/post"}],"author":[{"embeddable":true,"href":"https:\/\/www.europesays.com\/es\/wp-json\/wp\/v2\/users\/2"}],"replies":[{"embeddable":true,"href":"https:\/\/www.europesays.com\/es\/wp-json\/wp\/v2\/comments?post=263760"}],"version-history":[{"count":0,"href":"https:\/\/www.europesays.com\/es\/wp-json\/wp\/v2\/posts\/263760\/revisions"}],"wp:featuredmedia":[{"embeddable":true,"href":"https:\/\/www.europesays.com\/es\/wp-json\/wp\/v2\/media\/263761"}],"wp:attachment":[{"href":"https:\/\/www.europesays.com\/es\/wp-json\/wp\/v2\/media?parent=263760"}],"wp:term":[{"taxonomy":"category","embeddable":true,"href":"https:\/\/www.europesays.com\/es\/wp-json\/wp\/v2\/categories?post=263760"},{"taxonomy":"post_tag","embeddable":true,"href":"https:\/\/www.europesays.com\/es\/wp-json\/wp\/v2\/tags?post=263760"}],"curies":[{"name":"wp","href":"https:\/\/api.w.org\/{rel}","templated":true}]}}