{"id":263764,"date":"2025-11-30T14:18:17","date_gmt":"2025-11-30T14:18:17","guid":{"rendered":"https:\/\/www.europesays.com\/es\/263764\/"},"modified":"2025-11-30T14:18:17","modified_gmt":"2025-11-30T14:18:17","slug":"es-menos-traumatico-de-lo-que-esperaba-pero-hace-mucho-frio-sigo-fuerte-no-me-van-a-doblegar","status":"publish","type":"post","link":"https:\/\/www.europesays.com\/es\/263764\/","title":{"rendered":"Es menos traum\u00e1tico de lo que esperaba, pero hace mucho fr\u00edo. Sigo fuerte, no me van a doblegar"},"content":{"rendered":"<p>            Las claves<\/p>\n<p>\n                nuevo<br \/>\n                Generado con IA\n            <\/p>\n<p>        <a class=\"key__news__heading--closed-content\" href=\"http:\/\/www.elespanol.com\/suscripciones\/#utm_source=internal&amp;utm_medium=claves\" rel=\"nofollow noopener\" target=\"_blank\"><\/p>\n<p class=\"item--text\">\n                            El exministro Jos\u00e9 Luis \u00c1balos asegura desde prisi\u00f3n que su entrada ha sido \u00abmenos traum\u00e1tica de lo esperado\u00bb, aunque se queja del fr\u00edo en la celda que comparte con Koldo Garc\u00eda.\n                        <\/p>\n<p class=\"item--text\">\n                            \u00c1balos proclama su inocencia a trav\u00e9s de mensajes en la red X, donde afirma que seguir\u00e1 firme y que no ser\u00e1 doblegado ni silenciado por su ingreso en prisi\u00f3n.\n                        <\/p>\n<p class=\"item--text\">\n                            El exministro agradece el trato recibido por funcionarios y otros internos, pero critica la falta de apoyo de sus antiguos compa\u00f1eros del Gobierno y denuncia que no se respeta su presunci\u00f3n de inocencia.\n                        <\/p>\n<p class=\"item--text\">\n                            Desde su celda en Soto del Real, \u00c1balos denuncia una conspiraci\u00f3n en su contra y asegura que defender\u00e1 su inocencia pese a las dificultades personales y familiares que enfrenta.\n                        <\/p>\n<p class=\"paragraph\" id=\"paragraph_1\">El exministro <a href=\"https:\/\/www.elespanol.com\/espana\/politica\/20251128\/abalos-asegura-sanchez-filtro-investigacion-secreta-fiscalia-koldo-reunion-moncloa\/1003744033423_0.html?utm_cmp_rs=linksinline\" rel=\"nofollow noopener\" target=\"_blank\">Jos\u00e9 Luis \u00c1balos<\/a> afirma que su entrada en prisi\u00f3n ha sido \u00abmenos traum\u00e1tica de lo que esperaba\u00bb, pero se queja desde la celda que comparte con Koldo Garc\u00eda: \u00abEso s\u00ed, <strong>aqu\u00ed hace mucho fr\u00edo<\/strong>\u00ab.<\/p>\n<p class=\"paragraph\" id=\"paragraph_2\">\u00c1balos ha lanzado estos mensajes hoy domingo a trav\u00e9s de su cuenta de la red X, que ahora maneja una persona de su m\u00e1xima confianza.<\/p>\n<p class=\"paragraph\" id=\"paragraph_3\">En las publicaciones que ha difundido, contin\u00faa proclamando su inocencia y asegura: \u00ab<strong>Sigo fuerte y firme, meti\u00e9ndome en prisi\u00f3n no me van a doblegar ni callar&#8230;<\/strong>\u00ab<\/p>\n<p><img loading=\"lazy\" decoding=\"async\" alt=\"El mensaje publicado e4ste domingo por \u00c1balos en la red social X.\" height=\"823\" src=\"https:\/\/www.europesays.com\/es\/wp-content\/uploads\/2025\/11\/1003744036049_260231343_1706x823.jpg\" width=\"1706\" data-lazy-status=\"processed\" data-lazy-info=\"remove loading item 1\"\/><\/p>\n<p>                                                            El mensaje publicado e4ste domingo por \u00c1balos en la red social X.<\/p>\n<p>                    X<\/p>\n<p class=\"paragraph\" id=\"paragraph_4\">Un nuevo aviso a navegantes, como los que lanz\u00f3 horas antes de entrar en la c\u00e1rcel, al se\u00f1alar a <a href=\"https:\/\/www.elespanol.com\/espana\/politica\/20251127\/abalos-ingresa-prision-acusando-cohecho-air-europa-sugiriendo-begona-gomez-beneficio-rescate\/1003744033129_0.html?utm_cmp_rs=linksinline\" rel=\"nofollow noopener\" target=\"_blank\">Bego\u00f1a G\u00f3mez<\/a> (por el rescate a Air Europa) y al presidente Pedro S\u00e1nchez: asegura que le avis\u00f3 de que la Fiscal\u00eda investigaba a Koldo, cuando las diligencias a\u00fan estaban bajo secreto.<\/p>\n<p class=\"paragraph\" id=\"paragraph_5\">A trav\u00e9s de la persona que maneja ahora su cuenta de X, \u00c1balos ha agradecido \u00ab<strong>el buen trato que estoy recibiendo en prisi\u00f3n por parte de todos los funcionarios y por los dem\u00e1s internos<\/strong>\u00ab.<\/p>\n<p class=\"paragraph\" id=\"paragraph_6\">En cambio, no se siente tan agradecido con sus antiguos compa\u00f1eros del Consejo de Ministros: se queja de que el Gobierno y la oposici\u00f3n no respetan su \u00abpresunci\u00f3n de inocencia, reconocido y exigible para todas las personas\u00bb.<\/p>\n<p class=\"paragraph\" id=\"paragraph_7\">\u00abYa estoy en la c\u00e1rcel porque el sistema as\u00ed lo ha decidido, sin haber celebrado juicio y bajo un falso pretexto subjetivo de un riesgo de fuga &#8216;extremo'\u00bb, se queja desde su celda.<\/p>\n<p><img decoding=\"async\" alt=\"El segundo mensaje difundido este domingo por \u00c1balos desde la c\u00e1rcel de Soto del real (Madrid).\" height=\"1497\" loading=\"lazy\" width=\"1706\" data-lazy-status=\"processed\" id=\"f670a8b16d\" src=\"https:\/\/www.elespanol.com\/espana\/politica\/20251130\/abalos-prision-traumatico-esperaba-hace-frio-sigo-fuerte-no-van-doblegar\/[\" https:=\"\" data-lazy-info=\"changed src\"\/><\/p>\n<p>                                                            El segundo mensaje difundido este domingo por \u00c1balos desde la c\u00e1rcel de Soto del real (Madrid).<\/p>\n<p>                    X<\/p>\n<p class=\"paragraph\" id=\"paragraph_8\">Todo ello, \u00abteniendo a un menor a mi cargo, cuidando a mi madre de 96 a\u00f1os cada dos fines de semana alternos y siendo un diputado que acude semanalmente al Congreso\u00bb. Un deber que ya no puede cumplir.<\/p>\n<p class=\"paragraph\" id=\"paragraph_9\">Desde su celda del m\u00f3dulo 13 de Soto del Real (Madrid), reservado para los presos no problem\u00e1ticos, el exsecretario de Organizaci\u00f3n del PSOE dispara en todas direcciones.<\/p>\n<p class=\"paragraph\" id=\"paragraph_10\">Porque considera que todos se han conjurado contra \u00e9l: \u00ab<strong>L\u00edderes autoritarios, medios comprados, Estado de derecho degradado\u2026<\/strong> todos resueltos a aniquilar los derechos humanos y quieren hacernos creer que son los \u00fanicos que buscan la justicia y la verdad\u00bb.<\/p>\n<p class=\"paragraph\" id=\"paragraph_11\">\u00ab<strong>Defender\u00e9 mi inocencia con lo poco que me queda<\/strong>\u00ab, en los mensajes que ha difundido este s\u00e1bado.<\/p>\n<p class=\"paragraph\" id=\"paragraph_12\">Tras su primera noche en prisi\u00f3n, decretada por el juez del Supremo Leopoldo Puente, \u00c1balos y Koldo compartieron celda el jueves en el m\u00f3dulo de ingresos de Soto del Real. Luego fueron trasladados al m\u00f3dulo 13, donde se les permite seguir juntos.<\/p>\n","protected":false},"excerpt":{"rendered":"Las claves nuevo Generado con IA El exministro Jos\u00e9 Luis \u00c1balos asegura desde prisi\u00f3n que su entrada ha&hellip;\n","protected":false},"author":2,"featured_media":263765,"comment_status":"","ping_status":"","sticky":false,"template":"","format":"standard","meta":{"footnotes":""},"categories":[268],"tags":[2963,4334,168,25,24,280,282,5610,12501,2959,952,281,41893,23,167],"class_list":{"0":"post-263764","1":"post","2":"type-post","3":"status-publish","4":"format-standard","5":"has-post-thumbnail","7":"category-futbol","8":"tag-begona-gomez","9":"tag-caso-koldo","10":"tag-deportes","11":"tag-es","12":"tag-espana","13":"tag-football","14":"tag-futbol","15":"tag-jose-luis-abalos","16":"tag-koldo-garcia-izaguirre","17":"tag-pedro-sanchez","18":"tag-politica","19":"tag-soccer","20":"tag-soto-del-real","21":"tag-spain","22":"tag-sports"},"share_on_mastodon":{"url":"https:\/\/pubeurope.com\/@es\/115639085510325599","error":""},"_links":{"self":[{"href":"https:\/\/www.europesays.com\/es\/wp-json\/wp\/v2\/posts\/263764","targetHints":{"allow":["GET"]}}],"collection":[{"href":"https:\/\/www.europesays.com\/es\/wp-json\/wp\/v2\/posts"}],"about":[{"href":"https:\/\/www.europesays.com\/es\/wp-json\/wp\/v2\/types\/post"}],"author":[{"embeddable":true,"href":"https:\/\/www.europesays.com\/es\/wp-json\/wp\/v2\/users\/2"}],"replies":[{"embeddable":true,"href":"https:\/\/www.europesays.com\/es\/wp-json\/wp\/v2\/comments?post=263764"}],"version-history":[{"count":0,"href":"https:\/\/www.europesays.com\/es\/wp-json\/wp\/v2\/posts\/263764\/revisions"}],"wp:featuredmedia":[{"embeddable":true,"href":"https:\/\/www.europesays.com\/es\/wp-json\/wp\/v2\/media\/263765"}],"wp:attachment":[{"href":"https:\/\/www.europesays.com\/es\/wp-json\/wp\/v2\/media?parent=263764"}],"wp:term":[{"taxonomy":"category","embeddable":true,"href":"https:\/\/www.europesays.com\/es\/wp-json\/wp\/v2\/categories?post=263764"},{"taxonomy":"post_tag","embeddable":true,"href":"https:\/\/www.europesays.com\/es\/wp-json\/wp\/v2\/tags?post=263764"}],"curies":[{"name":"wp","href":"https:\/\/api.w.org\/{rel}","templated":true}]}}