{"id":263766,"date":"2025-11-30T14:19:08","date_gmt":"2025-11-30T14:19:08","guid":{"rendered":"https:\/\/www.europesays.com\/es\/263766\/"},"modified":"2025-11-30T14:19:08","modified_gmt":"2025-11-30T14:19:08","slug":"pilar-rubio-aparecera-en-el-documental-de-su-grupo-favorito-de-rock-que-es-aragones","status":"publish","type":"post","link":"https:\/\/www.europesays.com\/es\/263766\/","title":{"rendered":"Pilar Rubio aparecer\u00e1 en el documental de su grupo favorito de rock&#8230; que es aragon\u00e9s"},"content":{"rendered":"<p class=\"paragraph\"><b>El cineasta aragon\u00e9s Germ\u00e1n Roda est\u00e1 rodando. <\/b>Esa frase, ruido f\u00f3nico de rolling y juego mediante, vale para casi cualquier momento del a\u00f1o o el actual milenio. Prol\u00edfico como pocos, su labor incansable en el rastreo de personalidades de la tierra, temas hist\u00f3ricos o historias con alma jalonan una carrera que ya supera largamente las dos d\u00e9cadas de actividad.\u00a0<\/p>\n<p class=\"paragraph\">En este caso,<b> lo que rueda es el documental de los Sick Brains, <\/b>banda de rock con ra\u00edz aragonesa que desarrolla el grueso de su actividad en Madrid. Llevan 35 a\u00f1os de carrera, unos cuantos discos (el m\u00e1s reciente, Estado de alarma, tiene portada del padre de Superma\u00f1o, Alberto Calvo) y en 2026, gracias a Roda, van a estrenar documental; adem\u00e1s, el grupo pisar\u00e1 los escenarios de varias ciudades espa\u00f1olas\u2026 Tafalla y los suyos no paran, y el mundo del rock nacional se alegra de ello.<\/p>\n<p class=\"paragraph\">\u201cC\u00e1mara\u2026 Acci\u00f3n\u2026 Ya no se puede estar mejor. Honrados de contar con la jefa!!!\u201d, apunta la banda en sus redes sociales al publicar una instant\u00e1nea registrada el pasado viernes 28 de noviembre, durante el rodaje. <b>En la imagen que encabeza a estas l\u00edneas aparecen Tafalla, Piolar y Alber Rubio, Nacho Blasco (c\u00e1mara y montador, nominado al Goya este a\u00f1o por La estrella azul) y el director, Germ\u00e1n Roda, agachado. <\/b>Alber, guitarrista del grupo, siempre ha contado con el apoyo de su hermana Pilar, figura de la televisi\u00f3n y la moda, y fan incondicional de la banda que completan Paquillo Noseasuste y \u00c1lex Ruiz.<\/p>\n<p class=\"paragraph\">La discograf\u00eda de Sick Brains consta de los \u00e1lbumes Sick Brains (97); No s\u00e9 qui\u00e9n soy (99); Hoy solo (2004); C\u00edrculo de guerra (2012) y La vibraci\u00f3n del Sol (2019), m\u00e1s el directo de los 25 a\u00f1os llamado Live at Las Armas (2016), grabado en Zaragoza, y el ep\u00e9 Estado de Alarma (2022). Adem\u00e1s, su m\u00fasica aparece en pel\u00edculas como <b>Una de zombis (2003) o Tensi\u00f3n sexual no resuelta (2010), ambas de Miguel \u00c1ngel Lamata (otro aragon\u00e9s en Madrid)<\/b> y Los del t\u00fanel (2017), dirigida por Pep\u00f3n Montero y protagonizada por Arturo Valls.<\/p>\n<p class=\"paragraph\"><b>Tafalla es adem\u00e1s guionista de Pasapalabra desde hace muchos a\u00f1os, <\/b>y en ese plat\u00f3 ha ido conquistando a numerosas caras conocidas para la causa sickbrainer, desde el propio Valls a Leo Harlem o \u00c1lex de la Iglesia, adem\u00e1s de la citada Pilar Rubio.<\/p>\n","protected":false},"excerpt":{"rendered":"El cineasta aragon\u00e9s Germ\u00e1n Roda est\u00e1 rodando. Esa frase, ruido f\u00f3nico de rolling y juego mediante, vale para&hellip;\n","protected":false},"author":2,"featured_media":263767,"comment_status":"","ping_status":"","sticky":false,"template":"","format":"standard","meta":{"footnotes":""},"categories":[174],"tags":[255,177,6084,146,147,25,24,256,31881,65548,23,491],"class_list":{"0":"post-263766","1":"post","2":"type-post","3":"status-publish","4":"format-standard","5":"has-post-thumbnail","7":"category-famosos","8":"tag-celebrities","9":"tag-cine","10":"tag-documental","11":"tag-entertainment","12":"tag-entretenimiento","13":"tag-es","14":"tag-espana","15":"tag-famosos","16":"tag-pilar-rubio","17":"tag-sick-brains","18":"tag-spain","19":"tag-zaragoza"},"share_on_mastodon":{"url":"https:\/\/pubeurope.com\/@es\/115639088915713050","error":""},"_links":{"self":[{"href":"https:\/\/www.europesays.com\/es\/wp-json\/wp\/v2\/posts\/263766","targetHints":{"allow":["GET"]}}],"collection":[{"href":"https:\/\/www.europesays.com\/es\/wp-json\/wp\/v2\/posts"}],"about":[{"href":"https:\/\/www.europesays.com\/es\/wp-json\/wp\/v2\/types\/post"}],"author":[{"embeddable":true,"href":"https:\/\/www.europesays.com\/es\/wp-json\/wp\/v2\/users\/2"}],"replies":[{"embeddable":true,"href":"https:\/\/www.europesays.com\/es\/wp-json\/wp\/v2\/comments?post=263766"}],"version-history":[{"count":0,"href":"https:\/\/www.europesays.com\/es\/wp-json\/wp\/v2\/posts\/263766\/revisions"}],"wp:featuredmedia":[{"embeddable":true,"href":"https:\/\/www.europesays.com\/es\/wp-json\/wp\/v2\/media\/263767"}],"wp:attachment":[{"href":"https:\/\/www.europesays.com\/es\/wp-json\/wp\/v2\/media?parent=263766"}],"wp:term":[{"taxonomy":"category","embeddable":true,"href":"https:\/\/www.europesays.com\/es\/wp-json\/wp\/v2\/categories?post=263766"},{"taxonomy":"post_tag","embeddable":true,"href":"https:\/\/www.europesays.com\/es\/wp-json\/wp\/v2\/tags?post=263766"}],"curies":[{"name":"wp","href":"https:\/\/api.w.org\/{rel}","templated":true}]}}